{"id":13417,"date":"2024-07-22T19:17:24","date_gmt":"2024-07-22T22:17:24","guid":{"rendered":"https:\/\/www.bienaldelchaco.org\/2024\/?p=13417"},"modified":"2024-07-22T19:18:57","modified_gmt":"2024-07-22T22:18:57","slug":"bienal-del-chaco-se-jugo-el-mundial-de-escultura-en-una-ciudad-que-es-un-museo-a-cielo-abierto","status":"publish","type":"post","link":"https:\/\/www.bienaldelchaco.org\/2024\/bienal-del-chaco-se-jugo-el-mundial-de-escultura-en-una-ciudad-que-es-un-museo-a-cielo-abierto\/","title":{"rendered":"Bienal del Chaco: se \u201cjug\u00f3\u201d el mundial de escultura en una ciudad que es un museo a cielo abierto"},"content":{"rendered":"<p>Diez artistas internacionales crearon obras a lo largo de una semana frente al p\u00fablico; la fiesta cultural, que termina este domingo, creci\u00f3 en todas las disciplinas y congreg\u00f3 m\u00e1s de 800 mil visitantes<br \/>\n<!--more-->[vc_row css_animation=&#8221;&#8221; row_type=&#8221;row&#8221; use_row_as_full_screen_section=&#8221;no&#8221; type=&#8221;full_width&#8221; angled_section=&#8221;no&#8221; text_align=&#8221;left&#8221; background_image_as_pattern=&#8221;without_pattern&#8221;][vc_column][vc_column_text]RESISTENCIA.- En una semana atravesada por las cuatro estaciones, <strong>la Bienal del Chaco es la gran fiesta de la escultura, un oasis entre los problemas end\u00e9micos de esta provincia<\/strong>. Comenz\u00f3 con temperaturas bajo cero y termina ma\u00f1ana cerca de los 30 grados, y como lo hace desde hace 36 a\u00f1os, repiti\u00f3 una vez m\u00e1s el fen\u00f3meno de hacer del Parque 2 de Febrero un epicentro de la creaci\u00f3n. Es la primera edici\u00f3n en la que una r\u00e9plica exacta, gemelo digital, del\u00a0<a class=\"com-link\" title=\"David de Miguel \u00c1ngel \" href=\"https:\/\/www.lanacion.com.ar\/cultura\/el-david-duerme-en-la-ciudad-de-las-esculturas-mientras-el-arte-en-resistencia-esta-de-fiesta-nid16102023\/\" target=\"_self\" rel=\"noopener\" data-mrf-link=\"https:\/\/www.lanacion.com.ar\/cultura\/el-david-duerme-en-la-ciudad-de-las-esculturas-mientras-el-arte-en-resistencia-esta-de-fiesta-nid16102023\/\"><strong>David de Miguel \u00c1ngel\u00a0<\/strong><\/a><strong>recibe al visitante<\/strong>, pero est\u00e1 tan naturalizado aqu\u00ed el arte que no es f\u00e1cil llamarle la atenci\u00f3n a los vecinos de\u00a0<strong>670 esculturas instaladas en el espacio p\u00fablico\u00a0<\/strong>gracias a esta iniciativa. Al llegar, van directo a buscar las \u00faltimas novedades: la escultura que flota en el espacio, los animales de arena o la talla de una virgen para la catedral local.<\/p>\n<p class=\"com-paragraph --s\">Josese Eidman, presidente de la Fundaci\u00f3n Urunday, organizadora del encuentro, tiene en la mente una lista de n\u00fameros r\u00e9cord:\u00a0<strong>14 hect\u00e1reas, m\u00e1s de 800.000 visitantes, m\u00e1s de veinte escultores trabajando, 400 artistas en cuatro escenarios propios, 60 bandas locales, 80 maestros artesanos<\/strong>\u00a0(tallistas, ceramistas, tejedores, talabarteros, joyeros, plateros), 250 artesanos criollos e ind\u00edgenas, diez comunidades abor\u00edgenes del Gran Chaco. Suceden en simult\u00e1neo el Vl Encuentro de maestros artesanos argentinos y el Vll Encuentro de Arte Ind\u00edgena y Artesan\u00eda de pueblos originarios. El arte aqu\u00ed tiene sentido amplio y sin distinciones.<\/p>\n<p>&nbsp;<\/p>\n<div class=\"mod-banner --middle_1_dsk\">\n<div id=\"middle_1_dsk\" class=\"com-banner up-show\" data-slot-group=\"nota\" data-device=\"desktop\" data-subscription=\"true\" data-ad-unit-path=\"\/133919216\/la_nacion_desktop\/Nota\/middle_1_dsk\" data-targeting=\"{&quot;sitio&quot;:&quot;lanacion&quot;,&quot;seccion&quot;:&quot;nota&quot;}\" data-without-hide=\"true\" data-size=\"[[1,1],[640,360],[640,480],[728,90]]\" data-sizemap=\"[]\" data-prebid-enabled=\"true\">\n<div class=\"content-media\" style=\"text-align: center;\">\n<section class=\"mod-media --zoom \" role=\"button\">\n<figure class=\"mod-figure \" role=\"button\">\n<div class=\"placeholder \"><\/div><figcaption class=\"mod-figcaption\"><span class=\"com-text --caption --twoxs\"><img loading=\"lazy\" decoding=\"async\" class=\"size-full wp-image-13418 aligncenter\" src=\"https:\/\/www.bienaldelchaco.org\/2024\/wp-content\/uploads\/2024\/07\/bienal-de-chaco-transcurre-en-un-oasis-cultural-W7DFBS5DJNG73GQNLEYUVMJDTU.jpg\" alt=\"\" width=\"780\" height=\"548\" srcset=\"https:\/\/www.bienaldelchaco.org\/2024\/wp-content\/uploads\/2024\/07\/bienal-de-chaco-transcurre-en-un-oasis-cultural-W7DFBS5DJNG73GQNLEYUVMJDTU.jpg 780w, https:\/\/www.bienaldelchaco.org\/2024\/wp-content\/uploads\/2024\/07\/bienal-de-chaco-transcurre-en-un-oasis-cultural-W7DFBS5DJNG73GQNLEYUVMJDTU-300x211.jpg 300w, https:\/\/www.bienaldelchaco.org\/2024\/wp-content\/uploads\/2024\/07\/bienal-de-chaco-transcurre-en-un-oasis-cultural-W7DFBS5DJNG73GQNLEYUVMJDTU-768x540.jpg 768w, https:\/\/www.bienaldelchaco.org\/2024\/wp-content\/uploads\/2024\/07\/bienal-de-chaco-transcurre-en-un-oasis-cultural-W7DFBS5DJNG73GQNLEYUVMJDTU-700x492.jpg 700w\" sizes=\"auto, (max-width: 780px) 100vw, 780px\" \/>Bienal de Chaco transcurre en un oasis cultural dentro de la realidad de la provincia. En el Parque 2 de Febrero, de 14 hect\u00e1reas, comprende cuatro escenarios, dos \u00e1reas de escultores produciendo obra en vivo, carpas de exposiciones de m\u00e1s de 250 artesanos, con representantes de diez comunidades abor\u00edgenes: todo un mundo<\/span><\/figcaption><\/figure>\n<\/section>\n<\/div>\n<p>&nbsp;<\/p>\n<p class=\"com-paragraph --s\">El n\u00facleo es la gran competencia que representa el mundial de la escultura, con diez artistas creando obras tridimensionales en metal ante los espectadores. Fueron elegidos entre de\u00a0<strong>157 postulantes de 55 pa\u00edses y llegaron a Chaco con el auspicio de sus gobiernos<\/strong>. Se pasean entre las obras delegaciones de nueve embajadas; el \u00fanico competidor argentino, Luis Bernardi, gan\u00f3 esta noche el premio del p\u00fablico y el que otorga un jurado compuesto por ni\u00f1os. \u201cEsto es el resultado de un esfuerzo virtuoso entre todos los actores de la sociedad. Es una suma de voluntades. Lo mancomunado es superador de los esfuerzos individuales. Est\u00e1 pensado para que el artista local se ponga en di\u00e1logo con el arte internacional, y lo logramos. Esto es un certamen de naciones\u201d, dice Eidman.<\/p>\n<div class=\"com-container --button \"><\/div>\n<p class=\"com-paragraph --s\"><strong>Los visitantes, que no pagan entrada, hacen preguntas t\u00e9cnicas, se involucran en el proceso, piden selfies y emiten su voto escaneando un QR: cada visitante es miembro del jurado.<\/strong>\u00a0El jurado de honor est\u00e1 integrado por Piotr Twardowski, de Polonia; Carlos Monje, de M\u00e9xico y Ram\u00f3n Morales Rossi, de Venezuela, y entrega premios honor\u00edficos.\u00a0<strong>Los escultores son celebridades, fueron declarados visitantes ilustres y adem\u00e1s todos tienen premio de 5000 d\u00f3lares por participar y dejar su obra en la ciudad. Resuena la palabra sinergia.<\/strong><\/p>\n<div class=\"mod-banner --middle_2_dsk\">\n<div id=\"middle_2_dsk\" class=\"com-banner up-show\" data-slot-group=\"nota\" data-device=\"desktop\" data-subscription=\"true\" data-ad-unit-path=\"\/133919216\/la_nacion_desktop\/Nota\/middle_2_dsk\" data-targeting=\"{&quot;sitio&quot;:&quot;lanacion&quot;,&quot;seccion&quot;:&quot;nota&quot;}\" data-without-hide=\"true\" data-size=\"[[1,1],[728,90]]\" data-sizemap=\"[]\" data-prebid-enabled=\"true\">\n<div class=\"default-creative-container\">\n<p>&nbsp;<\/p>\n<\/div>\n<\/div>\n<\/div>\n<div class=\"content-media\" style=\"text-align: center;\">\n<section class=\"mod-media --zoom \" role=\"button\">\n<figure class=\"mod-figure \" role=\"button\"><figcaption class=\"mod-figcaption\"><span class=\"com-text --caption --twoxs\"><img loading=\"lazy\" decoding=\"async\" class=\"size-full wp-image-13420 aligncenter\" src=\"https:\/\/www.bienaldelchaco.org\/2024\/wp-content\/uploads\/2024\/07\/la-replica-del-david-de-miguel-angel-es-la-ID6HM2LK35DZDJDJYSPVRGFUZY.jpg\" alt=\"\" width=\"780\" height=\"520\" srcset=\"https:\/\/www.bienaldelchaco.org\/2024\/wp-content\/uploads\/2024\/07\/la-replica-del-david-de-miguel-angel-es-la-ID6HM2LK35DZDJDJYSPVRGFUZY.jpg 780w, https:\/\/www.bienaldelchaco.org\/2024\/wp-content\/uploads\/2024\/07\/la-replica-del-david-de-miguel-angel-es-la-ID6HM2LK35DZDJDJYSPVRGFUZY-300x200.jpg 300w, https:\/\/www.bienaldelchaco.org\/2024\/wp-content\/uploads\/2024\/07\/la-replica-del-david-de-miguel-angel-es-la-ID6HM2LK35DZDJDJYSPVRGFUZY-768x512.jpg 768w, https:\/\/www.bienaldelchaco.org\/2024\/wp-content\/uploads\/2024\/07\/la-replica-del-david-de-miguel-angel-es-la-ID6HM2LK35DZDJDJYSPVRGFUZY-391x260.jpg 391w, https:\/\/www.bienaldelchaco.org\/2024\/wp-content\/uploads\/2024\/07\/la-replica-del-david-de-miguel-angel-es-la-ID6HM2LK35DZDJDJYSPVRGFUZY-700x467.jpg 700w\" sizes=\"auto, (max-width: 780px) 100vw, 780px\" \/>La r\u00e9plica del David de Miguel \u00c1ngel es la vedette de esta edici\u00f3n de la Bienal de Chaco: dos sue\u00f1os cumplidos del fundador del encuentro, Fabriciano G\u00f3mez<\/span><\/figcaption><\/figure>\n<\/section>\n<\/div>\n<p>&nbsp;<\/p>\n<p class=\"com-paragraph --s\">Los diez escultores que forman parte del Concurso Internacional de Escultura terminaron sus obras horas antes del cierre de la competencia, que se desarroll\u00f3 hoy un acto multitudinario. Tras dos<a class=\"com-link\" title=\" ediciones dedicadas al m\u00e1rmol\" href=\"https:\/\/www.lanacion.com.ar\/cultura\/campeones-del-mundo-una-semana-a-pura-fiesta-en-chaco-capital-de-la-escultura-nid25072022\/\" target=\"_self\" rel=\"noopener\" data-mrf-link=\"https:\/\/www.lanacion.com.ar\/cultura\/campeones-del-mundo-una-semana-a-pura-fiesta-en-chaco-capital-de-la-escultura-nid25072022\/\">\u00a0ediciones dedicadas al m\u00e1rmol<\/a>, esta vez el desaf\u00edo fueron esculturas en metal. \u00bfQui\u00e9n quiere esculpir piedra bajo la mirada del genio renacentista? (el precio del m\u00e1rmol, adem\u00e1s, este a\u00f1o era imposible). \u201cVariamos los materiales a\u00f1o tras a\u00f1o, para que el p\u00fablico conozca diferentes maneras de hacer escultura. Convocamos a los mejores\u201d, se\u00f1al\u00f3 Mimo Eidman, escultora y directora ejecutiva de la Bienal.<\/p>\n<p class=\"com-paragraph --s\"><strong>Tuvieron ocho jornadas y comenzaron con dos unidades de chapa lisa de acero laminada en fr\u00edo de proveedores locales<\/strong>. Tambi\u00e9n se les dio una barra de hierro liso, bisagras, pernos, bujes, bulones y planchas con dise\u00f1os, adem\u00e1s de sus propias herramientas.\u00a0<a class=\"com-link\" title=\"Las obras se unir\u00e1n luego al museo a cielo abierto que es esta ciudad, \" href=\"https:\/\/www.lanacion.com.ar\/cultura\/chaco-patria-de-la-escultura-una-galeria-en-el-umbral-del-impenetrable-nid1921316\/\" target=\"_self\" rel=\"noopener\" data-mrf-link=\"https:\/\/www.lanacion.com.ar\/cultura\/chaco-patria-de-la-escultura-una-galeria-en-el-umbral-del-impenetrable-nid1921316\/\">Las obras se unir\u00e1n luego al museo a cielo abierto que es esta ciudad,\u00a0<\/a>donde las esculturas no sufren vandalismo y son cuidadas por un equipo de mantenimiento certificado con normas IRAM ISO 9001. Tambi\u00e9n est\u00e1 certificada la organizaci\u00f3n de la bienal y se mide la huella de carbono para mitigar el impacto ambiental.<\/p>\n<p>&nbsp;<\/p>\n<div class=\"content-media\" style=\"text-align: center;\">\n<section class=\"mod-media --zoom \" role=\"button\">\n<figure class=\"mod-figure \" role=\"button\">\n<div class=\"placeholder \"><\/div><figcaption class=\"mod-figcaption\"><span class=\"com-text --caption --twoxs\"><img loading=\"lazy\" decoding=\"async\" class=\"size-full wp-image-13422 aligncenter\" src=\"https:\/\/www.bienaldelchaco.org\/2024\/wp-content\/uploads\/2024\/07\/la-escultora-representante-de-letonia-solveiga-6RCUPY2K4FGCBDHQDYVOXNYNDM.jpg\" alt=\"\" width=\"780\" height=\"520\" srcset=\"https:\/\/www.bienaldelchaco.org\/2024\/wp-content\/uploads\/2024\/07\/la-escultora-representante-de-letonia-solveiga-6RCUPY2K4FGCBDHQDYVOXNYNDM.jpg 780w, https:\/\/www.bienaldelchaco.org\/2024\/wp-content\/uploads\/2024\/07\/la-escultora-representante-de-letonia-solveiga-6RCUPY2K4FGCBDHQDYVOXNYNDM-300x200.jpg 300w, https:\/\/www.bienaldelchaco.org\/2024\/wp-content\/uploads\/2024\/07\/la-escultora-representante-de-letonia-solveiga-6RCUPY2K4FGCBDHQDYVOXNYNDM-768x512.jpg 768w, https:\/\/www.bienaldelchaco.org\/2024\/wp-content\/uploads\/2024\/07\/la-escultora-representante-de-letonia-solveiga-6RCUPY2K4FGCBDHQDYVOXNYNDM-391x260.jpg 391w, https:\/\/www.bienaldelchaco.org\/2024\/wp-content\/uploads\/2024\/07\/la-escultora-representante-de-letonia-solveiga-6RCUPY2K4FGCBDHQDYVOXNYNDM-700x467.jpg 700w\" sizes=\"auto, (max-width: 780px) 100vw, 780px\" \/>La escultora representante de Letonia, Solveiga Vasiljeva, y su obra \u201cTiempo\u201d en la Bienal de Chaco. Gan\u00f3 el premio otorgado por los propios escultores y el primer puesto del \u201ccampeonato\u201d mundial<\/span><\/figcaption><\/figure>\n<\/section>\n<\/div>\n<p>&nbsp;<\/p>\n<p class=\"com-paragraph --s\">El escultor Billy Lee de Estados Unidos termin\u00f3 temprano su obra, un obelisco negro, pero se puso la m\u00e1scara, encendi\u00f3 la m\u00e1quina y comenz\u00f3 a soldar en una parte de la escultura de su compa\u00f1ero Emrah \u00d6nal, de Turqu\u00eda, para darle una mano. Bernardi empu\u00f1aba un compresor para te\u00f1ir a su obra\u00a0<em>Simpleza<\/em>\u00a0de verde fluorescente. Butrint Morina (Kosovo) opt\u00f3 por un acabado oxidado para su pieza, una figura de mujer cubista. Carlos Iglesias Faura (Espa\u00f1a) se empe\u00f1\u00f3 hasta \u00faltimo momento en lograr una geometr\u00eda perfecta y qued\u00f3 en el tercer puesto, seg\u00fan el jurado.\u00a0<strong>La obra\u00a0<\/strong><em><strong>Tiempo,<\/strong><\/em><strong>\u00a0de Solveiga Vasileija, gan\u00f3 el premio otorgado por los propios escultores y el primer puesto del \u201ccampeonato\u201d mundial.<\/strong><\/p>\n<p class=\"com-paragraph --s\">Anna Korver (Nueva Zelanda) hizo en metal la silueta de un avioncito de papel. La obra de Bogdam Adrian Lefter (Rumania) representa el reflejo facetado de la luna en el agua.\u00a0<em>Multiplicidad<\/em>, del chileno Alejandro Mardones Guillen, gan\u00f3 el segundo puesto del mundial.<\/p>\n<p>&nbsp;<\/p>\n<div class=\"content-media\" style=\"text-align: center;\">\n<section class=\"mod-media --zoom \" role=\"button\">\n<figure class=\"mod-figure \" role=\"button\">\n<div class=\"placeholder \"><\/div><figcaption class=\"mod-figcaption\"><span class=\"com-text --caption --twoxs\"><img loading=\"lazy\" decoding=\"async\" class=\"size-full wp-image-13421 aligncenter\" src=\"https:\/\/www.bienaldelchaco.org\/2024\/wp-content\/uploads\/2024\/07\/los-estudiantes-de-misiones-ganaron-el-premio-24JOMP2BKZDZTFQTPRQPRBGPEI.jpg\" alt=\"\" width=\"780\" height=\"520\" srcset=\"https:\/\/www.bienaldelchaco.org\/2024\/wp-content\/uploads\/2024\/07\/los-estudiantes-de-misiones-ganaron-el-premio-24JOMP2BKZDZTFQTPRQPRBGPEI.jpg 780w, https:\/\/www.bienaldelchaco.org\/2024\/wp-content\/uploads\/2024\/07\/los-estudiantes-de-misiones-ganaron-el-premio-24JOMP2BKZDZTFQTPRQPRBGPEI-300x200.jpg 300w, https:\/\/www.bienaldelchaco.org\/2024\/wp-content\/uploads\/2024\/07\/los-estudiantes-de-misiones-ganaron-el-premio-24JOMP2BKZDZTFQTPRQPRBGPEI-768x512.jpg 768w, https:\/\/www.bienaldelchaco.org\/2024\/wp-content\/uploads\/2024\/07\/los-estudiantes-de-misiones-ganaron-el-premio-24JOMP2BKZDZTFQTPRQPRBGPEI-391x260.jpg 391w, https:\/\/www.bienaldelchaco.org\/2024\/wp-content\/uploads\/2024\/07\/los-estudiantes-de-misiones-ganaron-el-premio-24JOMP2BKZDZTFQTPRQPRBGPEI-700x467.jpg 700w\" sizes=\"auto, (max-width: 780px) 100vw, 780px\" \/>Los estudiantes de Misiones ganaron el Premio Desaf\u00edo Hierros L\u00edder Bienal de Chaco: en 48 esculpieron su obra en un tronco de timb\u00f3<\/span><\/figcaption><\/figure>\n<\/section>\n<\/div>\n<p>&nbsp;<\/p>\n<p class=\"com-paragraph --s\">En paralelo, y con mucho menos tiempo, se disput\u00f3 el Premio Desaf\u00edo Hierros L\u00edder para estudiantes de arte de todo el pa\u00eds.\u00a0<strong>En 48 horas fren\u00e9ticas, 27 estudiantes de Santa Cruz, La Rioja, Jujuy, Chaco, Capital Federal, Misiones, Buenos Aires, Salta y Tucum\u00e1n tallaron obras a partir de un bloque de timb\u00f3<\/strong>. No durmieron hasta que terminaron. Resultaron ganadores los estudiantes de la Facultad de Arte y Dise\u00f1o de la Universidad Nacional de Misiones, con una obra de maderas dobladas con un humidificador creado por estudiantes de Dise\u00f1o Industrial. \u201cEs una prueba de resistencia. Vienen de lugares incre\u00edbles. Los de Santa Cruz tardaron cuatro d\u00edas en llegar, pincharon dos gomas y se quedaron en el camino. Hay diferentes niveles, pero la idea es que aprendan. Todos llegaron a plantar una obra en condiciones dignas. Es una locura, un fervor\u201d, dijo la escultora\u00a0<a class=\"com-link\" title=\"Claudia Aranovich\" href=\"https:\/\/www.lanacion.com.ar\/otros\/artistas-extremos-cuando-el-lugar-mas-recondito-y-exotico-es-inspirador-nid17012017\/\" target=\"_self\" rel=\"noopener\" data-mrf-link=\"https:\/\/www.lanacion.com.ar\/otros\/artistas-extremos-cuando-el-lugar-mas-recondito-y-exotico-es-inspirador-nid17012017\/\">Claudia Aranovich<\/a>, miembro del jurado junto con Paulina Webb y Dar\u00edo Klehr.<\/p>\n<p class=\"com-paragraph --s\">En eI sector que ocupa el IX Encuentro de Escultores Invitados,\u00a0<strong>hay atractivos habituales como los animales que el artista Alejandro Arce modela en arena\u00a0<\/strong>todos los a\u00f1os, pero esta vez es posible sacarse fotos sentados en la obra y jugar con palas y baldes en un espacio para chicos. El artista Hern\u00e1n Lira arm\u00f3 un juguete gigante con un sistema de engranajes que se puede activar: los chicos ponen remos y peces a andar. Despu\u00e9s de a\u00f1os de ver talladores en m\u00e1rmol, madera y metal en acci\u00f3n, la gran novedad es la obra de Alejandro P\u00e9rez: realizada en isopor,\u00a0<em><strong>Cono 09<\/strong><\/em><strong>\u00a0se mantiene suspendida flotando con un chorro de aire.<\/strong>\u00a0El escultor santafecino Tom\u00e1s Franzoi termina con platea llena el pulido de la Virgen hecha de timb\u00f3 negro que donar\u00e1 a la Catedral de Resistencia. Carlos Gaspar Moreyra realiz\u00f3 durante los dos primeros d\u00edas de la semana un taller de modelado en arcilla. Para cocinar sus obras, arm\u00f3 un<strong>\u00a0horno de barro a orillas del r\u00edo Negro, en pleno predio.<\/strong><\/p>\n<p>&nbsp;<\/p>\n<div class=\"content-media\" style=\"text-align: center;\">\n<section class=\"mod-media --zoom \" role=\"button\">\n<figure class=\"mod-figure \" role=\"button\">\n<div class=\"placeholder \"><\/div><figcaption class=\"mod-figcaption\"><span class=\"com-text --caption --twoxs\"><img loading=\"lazy\" decoding=\"async\" class=\"size-full wp-image-13425 aligncenter\" src=\"https:\/\/www.bienaldelchaco.org\/2024\/wp-content\/uploads\/2024\/07\/las-esculturas-en-arena-de-alejandro-arce-en-la-RYJSLTG7DFFLNCMDM4EAEV4OWQ.jpg\" alt=\"\" width=\"780\" height=\"520\" srcset=\"https:\/\/www.bienaldelchaco.org\/2024\/wp-content\/uploads\/2024\/07\/las-esculturas-en-arena-de-alejandro-arce-en-la-RYJSLTG7DFFLNCMDM4EAEV4OWQ.jpg 780w, https:\/\/www.bienaldelchaco.org\/2024\/wp-content\/uploads\/2024\/07\/las-esculturas-en-arena-de-alejandro-arce-en-la-RYJSLTG7DFFLNCMDM4EAEV4OWQ-300x200.jpg 300w, https:\/\/www.bienaldelchaco.org\/2024\/wp-content\/uploads\/2024\/07\/las-esculturas-en-arena-de-alejandro-arce-en-la-RYJSLTG7DFFLNCMDM4EAEV4OWQ-768x512.jpg 768w, https:\/\/www.bienaldelchaco.org\/2024\/wp-content\/uploads\/2024\/07\/las-esculturas-en-arena-de-alejandro-arce-en-la-RYJSLTG7DFFLNCMDM4EAEV4OWQ-391x260.jpg 391w, https:\/\/www.bienaldelchaco.org\/2024\/wp-content\/uploads\/2024\/07\/las-esculturas-en-arena-de-alejandro-arce-en-la-RYJSLTG7DFFLNCMDM4EAEV4OWQ-700x467.jpg 700w\" sizes=\"auto, (max-width: 780px) 100vw, 780px\" \/>Las esculturas en arena de Alejandro Arce en la Bienal del Chaco son un cl\u00e1sico; esta edici\u00f3n sumaron un arenero para que los chicos puedan jugar<\/span><\/figcaption><\/figure>\n<\/section>\n<\/div>\n<p>&nbsp;<\/p>\n<p class=\"com-paragraph --s\"><strong>\u201cLa situaci\u00f3n es cr\u00edtica en la provincia, pero sabemos lo que este evento significa para hoteles, gastron\u00f3micos y todo el \u00e1mbito del turismo\u201d, dijo el gobernador<\/strong>, Leandro Zdero. La bienal tiene apoyo provincial y municipal, y muchos sponsors a trav\u00e9s de la Ley de Mecenazgo, que funciona bien en esta provincia. En septiembre se conocer\u00e1n los informes de impacto econ\u00f3mico y ambiental que se realizan con mediciones y encuestas.<\/p>\n<p class=\"com-paragraph --s\">\u201cSiempre la escultura ha sido un elemento est\u00e1tico. Sin embargo, hoy las esculturas se mueven, se giran, se trasladan, tienen movimientos que pueden ser reales o virtuales. Y luego, otro eje, la presencia de la tecnolog\u00eda que permite una relaci\u00f3n con el espectador muy interesante\u201d, analiz\u00f3 Mar\u00eda del Carmen Magaz, te\u00f3rica del arte. En la bienal se produce tambi\u00e9n pensamiento en uni\u00f3n con universidades, con el IV Congreso Internacional De Artes, el II Congreso Internacional De Derecho Del Arte, el Seminario de Arte, Derecho, Patrimonio y Urbanismo, cursos, charlas y talleres.<\/p>\n<p>&nbsp;<\/p>\n<div class=\"content-media\" style=\"text-align: center;\">\n<section class=\"mod-media --zoom \" role=\"button\">\n<figure class=\"mod-figure \" role=\"button\">\n<div class=\"placeholder \"><\/div><figcaption class=\"mod-figcaption\"><span class=\"com-text --caption --twoxs\"><img loading=\"lazy\" decoding=\"async\" class=\"size-full wp-image-13424 aligncenter\" src=\"https:\/\/www.bienaldelchaco.org\/2024\/wp-content\/uploads\/2024\/07\/la-obra-de-isopor-flotante-de-alejandro-perez-en-RHAMLV2UKBHGREG5RJVOCNOGVI.jpg\" alt=\"\" width=\"780\" height=\"1176\" srcset=\"https:\/\/www.bienaldelchaco.org\/2024\/wp-content\/uploads\/2024\/07\/la-obra-de-isopor-flotante-de-alejandro-perez-en-RHAMLV2UKBHGREG5RJVOCNOGVI.jpg 780w, https:\/\/www.bienaldelchaco.org\/2024\/wp-content\/uploads\/2024\/07\/la-obra-de-isopor-flotante-de-alejandro-perez-en-RHAMLV2UKBHGREG5RJVOCNOGVI-199x300.jpg 199w, https:\/\/www.bienaldelchaco.org\/2024\/wp-content\/uploads\/2024\/07\/la-obra-de-isopor-flotante-de-alejandro-perez-en-RHAMLV2UKBHGREG5RJVOCNOGVI-679x1024.jpg 679w, https:\/\/www.bienaldelchaco.org\/2024\/wp-content\/uploads\/2024\/07\/la-obra-de-isopor-flotante-de-alejandro-perez-en-RHAMLV2UKBHGREG5RJVOCNOGVI-768x1158.jpg 768w, https:\/\/www.bienaldelchaco.org\/2024\/wp-content\/uploads\/2024\/07\/la-obra-de-isopor-flotante-de-alejandro-perez-en-RHAMLV2UKBHGREG5RJVOCNOGVI-700x1055.jpg 700w\" sizes=\"auto, (max-width: 780px) 100vw, 780px\" \/>La obra de isopor flotante de Alejandro P\u00e9rez en la Bienal de Chaco fue todo una atracci\u00f3n: los visitantes ya est\u00e1n acostumbrados a ver c\u00f3mo se crean obras en madera, m\u00e1rmol o metal<\/span><\/figcaption><\/figure>\n<\/section>\n<\/div>\n<p>&nbsp;<\/p>\n<p class=\"com-paragraph --s\"><strong>Ocurren peque\u00f1os milagros y felicidades en torno del arte.<\/strong>\u00a0En el barrio qom de la ciudad, el artista Juan P\u00e9rez, de La Pampa, trabaj\u00f3 toda una noche para dejarles instalado un horno de cer\u00e1mica a le\u00f1a para que puedan producir m\u00e1s y mejores piezas. \u201cSoy descendiente de ranqueles y unos amigos chaque\u00f1os me propusieron hacer esto. Fue un honor hacerlo\u201d, dice. Los materiales fueron aportados por Ecom, la empresa estatal de comunicaciones. \u201cTodos los auspiciantes buscan c\u00f3mo hacer que su presencia sea un aporte. Por ejemplo, el instituto Crecer con Todos ayuda a lograr que la bienal sea accesible y adem\u00e1s instal\u00f3 un dispositivo de regulaci\u00f3n para chicos con autismo que puedan sufrir con el exceso de est\u00edmulos\u201d, cuenta Gaspar Gracia Daponte, director de desarrollo institucional.<\/p>\n<p class=\"com-paragraph --s\">Otro prodigio es la m\u00fasica que trae la quinta edici\u00f3n del Festival Filarm\u00f3nico Juvenil. Es\u00a0<strong>una semana de formaci\u00f3n intensiva\u00a0<\/strong>para m\u00fasicos y un ciclo de conciertos p\u00fablicos con la participaci\u00f3n de\u00a0<strong>120 j\u00f3venes del pa\u00eds junto a m\u00fasicos, profesores y directores de Argentina y diferentes partes del mundo<\/strong>, organizado por la Fundaci\u00f3n Pradier. \u201cFormamos formadores y traemos conocimiento ac\u00e1 para que los chicos no se tengan que ir para formarse. Viene un director alem\u00e1n y otro austr\u00edaco, y m\u00fasicos del Teatro Col\u00f3n. De Alemania nos mandaron 140 instrumentos que distribuimos entre los chicos\u201d, dice el pianista C\u00e9sar Pradier, oriundo de S\u00e1enz Pe\u00f1a.<\/p>\n<p>&nbsp;<\/p>\n<div class=\"content-media\" style=\"text-align: center;\">\n<section class=\"mod-media --zoom \" role=\"button\">\n<figure class=\"mod-figure \" role=\"button\">\n<div class=\"placeholder \"><\/div><figcaption class=\"mod-figcaption\"><span class=\"com-text --caption --twoxs\"><img loading=\"lazy\" decoding=\"async\" class=\"size-full wp-image-13423 aligncenter\" src=\"https:\/\/www.bienaldelchaco.org\/2024\/wp-content\/uploads\/2024\/07\/dia-y-noche-escultores-trabajando-en-la-bienal-de-U77QRF4BZNEFVG44KIGKD4LCSU.jpg\" alt=\"\" width=\"780\" height=\"585\" srcset=\"https:\/\/www.bienaldelchaco.org\/2024\/wp-content\/uploads\/2024\/07\/dia-y-noche-escultores-trabajando-en-la-bienal-de-U77QRF4BZNEFVG44KIGKD4LCSU.jpg 780w, https:\/\/www.bienaldelchaco.org\/2024\/wp-content\/uploads\/2024\/07\/dia-y-noche-escultores-trabajando-en-la-bienal-de-U77QRF4BZNEFVG44KIGKD4LCSU-300x225.jpg 300w, https:\/\/www.bienaldelchaco.org\/2024\/wp-content\/uploads\/2024\/07\/dia-y-noche-escultores-trabajando-en-la-bienal-de-U77QRF4BZNEFVG44KIGKD4LCSU-768x576.jpg 768w, https:\/\/www.bienaldelchaco.org\/2024\/wp-content\/uploads\/2024\/07\/dia-y-noche-escultores-trabajando-en-la-bienal-de-U77QRF4BZNEFVG44KIGKD4LCSU-700x525.jpg 700w\" sizes=\"auto, (max-width: 780px) 100vw, 780px\" \/>D\u00eda y noche, escultores trabajando en la Bienal de Chaco<\/span><\/figcaption><\/figure>\n<\/section>\n<\/div>\n<p>&nbsp;<\/p>\n<p class=\"com-paragraph --s\">Hay acciones en torno de la\u00a0<strong>obra de Mar\u00eda Juana Heras Velasco\u00a0<\/strong>en el centenario de su nacimiento.\u00a0<em>Cruces<\/em>, en hierro policromado, fue realizada durante el Gran Premio de Honor en la Bienal de 1997, donde particip\u00f3 como artista invitada, y hoy est\u00e1 emplazada en el predio a pasos de las obras de P\u00e1jaro G\u00f3mez y Carlos Scannapieco. No hay escultor argentino que no tenga en Resistencia una obra.<\/p>\n<p class=\"com-paragraph --s\">Pero no s\u00f3lo de escultura se habla. El artista Javier Acu\u00f1a termina de pintar una escena del Impenetrable en acuarela y antes de colgarla en la pared de su stand lo detienen: \u201cLa compro\u201d. \u201cVinimos con la intenci\u00f3n de mostrar, pero llevamos vendidos m\u00e1s de treinta cuadros. Me sorprende que entre los compradores hay muchos j\u00f3venes\u201d, dice. Otro artista local, Germ\u00e1n Toloza, estuvo estos d\u00edas pintando un mural en un resto-bar,\u00a0<em>Chal\u00e9<\/em>. Hizo un perfil de un aguar\u00e1 guaz\u00fa, y como le sobr\u00f3 tiempo, sigui\u00f3 con abstracciones y una frase que aplica para todo el fen\u00f3meno bienal:\u00a0<strong>\u201cSi vale la pena hacerlo, vale la pena hacerlo bien\u201d.<\/strong><\/p>\n<\/div>\n<\/div>\n[\/vc_column_text][vc_empty_space][\/vc_column][\/vc_row][vc_row css_animation=&#8221;&#8221; row_type=&#8221;row&#8221; use_row_as_full_screen_section=&#8221;no&#8221; type=&#8221;full_width&#8221; angled_section=&#8221;no&#8221; text_align=&#8221;left&#8221; background_image_as_pattern=&#8221;without_pattern&#8221;][vc_column][vc_empty_space][vc_column_text]Fuente: <a href=\"https:\/\/www.lanacion.com.ar\/cultura\/bienal-del-chaco-se-jugo-el-mundial-de-escultura-en-una-ciudad-que-es-un-museo-a-cielo-abierto-nid20072024\/\" target=\"_blank\" rel=\"noopener\">https:\/\/www.lanacion.com.ar\/cultura\/bienal-del-chaco-se-jugo-el-mundial-de-escultura-en-una-ciudad-que-es-un-museo-a-cielo-abierto-nid20072024\/<\/a>[\/vc_column_text][vc_empty_space][\/vc_column][\/vc_row]\n","protected":false},"excerpt":{"rendered":"<p>Diez artistas internacionales crearon obras a lo largo de una semana frente al p\u00fablico; la fiesta cultural, que termina este domingo, creci\u00f3 en todas las disciplinas y congreg\u00f3 m\u00e1s de 800 mil visitantes<\/p>\n","protected":false},"author":3,"featured_media":13419,"comment_status":"closed","ping_status":"closed","sticky":false,"template":"","format":"standard","meta":{"footnotes":""},"categories":[6],"tags":[],"class_list":["post-13417","post","type-post","status-publish","format-standard","has-post-thumbnail","hentry","category-novedades"],"_links":{"self":[{"href":"https:\/\/www.bienaldelchaco.org\/2024\/wp-json\/wp\/v2\/posts\/13417","targetHints":{"allow":["GET"]}}],"collection":[{"href":"https:\/\/www.bienaldelchaco.org\/2024\/wp-json\/wp\/v2\/posts"}],"about":[{"href":"https:\/\/www.bienaldelchaco.org\/2024\/wp-json\/wp\/v2\/types\/post"}],"author":[{"embeddable":true,"href":"https:\/\/www.bienaldelchaco.org\/2024\/wp-json\/wp\/v2\/users\/3"}],"replies":[{"embeddable":true,"href":"https:\/\/www.bienaldelchaco.org\/2024\/wp-json\/wp\/v2\/comments?post=13417"}],"version-history":[{"count":2,"href":"https:\/\/www.bienaldelchaco.org\/2024\/wp-json\/wp\/v2\/posts\/13417\/revisions"}],"predecessor-version":[{"id":13427,"href":"https:\/\/www.bienaldelchaco.org\/2024\/wp-json\/wp\/v2\/posts\/13417\/revisions\/13427"}],"wp:featuredmedia":[{"embeddable":true,"href":"https:\/\/www.bienaldelchaco.org\/2024\/wp-json\/wp\/v2\/media\/13419"}],"wp:attachment":[{"href":"https:\/\/www.bienaldelchaco.org\/2024\/wp-json\/wp\/v2\/media?parent=13417"}],"wp:term":[{"taxonomy":"category","embeddable":true,"href":"https:\/\/www.bienaldelchaco.org\/2024\/wp-json\/wp\/v2\/categories?post=13417"},{"taxonomy":"post_tag","embeddable":true,"href":"https:\/\/www.bienaldelchaco.org\/2024\/wp-json\/wp\/v2\/tags?post=13417"}],"curies":[{"name":"wp","href":"https:\/\/api.w.org\/{rel}","templated":true}]}}