{"id":13428,"date":"2024-07-22T19:51:34","date_gmt":"2024-07-22T22:51:34","guid":{"rendered":"https:\/\/www.bienaldelchaco.org\/2024\/?p=13428"},"modified":"2024-07-25T11:18:25","modified_gmt":"2024-07-25T14:18:25","slug":"en-fotos-obras-de-arte-en-vivo-talleres-conciertos-y-hasta-fauna-local-en-un-recorrido-por-la-bienal-de-escultura-del-chaco","status":"publish","type":"post","link":"https:\/\/www.bienaldelchaco.org\/2024\/en-fotos-obras-de-arte-en-vivo-talleres-conciertos-y-hasta-fauna-local-en-un-recorrido-por-la-bienal-de-escultura-del-chaco\/","title":{"rendered":"En fotos: obras de arte \u201cen vivo\u201d, talleres, conciertos y hasta fauna local, en un recorrido por la Bienal de Escultura del Chaco"},"content":{"rendered":"<p>El popular acontecimiento concluye este s\u00e1bado por la noche con la entrega del premio al ganador del certamen internacional. Un sinf\u00edn de actividades cutlurales de alto nivel se desarrollaron en paralelo en el predio de la Fundaci\u00f3n Urunday, organizadora del evento, junto al R\u00edo Negro, en Resistenca, merecidamente llamada \u201ccapital de las esculturas\u201d<\/p>\n<p><!--more-->[vc_row css_animation=&#8221;&#8221; row_type=&#8221;row&#8221; use_row_as_full_screen_section=&#8221;no&#8221; type=&#8221;full_width&#8221; angled_section=&#8221;no&#8221; text_align=&#8221;left&#8221; background_image_as_pattern=&#8221;without_pattern&#8221;][vc_column][vc_column_text]\n<div class=\"visual__image image-full-width\" style=\"text-align: center;\"><img loading=\"lazy\" decoding=\"async\" class=\"size-full wp-image-13470 aligncenter\" src=\"https:\/\/www.bienaldelchaco.org\/2024\/wp-content\/uploads\/2024\/07\/35RXEKNFAJCD5D4WMO6QF34MB4.jpg\" alt=\"\" width=\"750\" height=\"333\" srcset=\"https:\/\/www.bienaldelchaco.org\/2024\/wp-content\/uploads\/2024\/07\/35RXEKNFAJCD5D4WMO6QF34MB4.jpg 750w, https:\/\/www.bienaldelchaco.org\/2024\/wp-content\/uploads\/2024\/07\/35RXEKNFAJCD5D4WMO6QF34MB4-300x133.jpg 300w, https:\/\/www.bienaldelchaco.org\/2024\/wp-content\/uploads\/2024\/07\/35RXEKNFAJCD5D4WMO6QF34MB4-700x311.jpg 700w\" sizes=\"auto, (max-width: 750px) 100vw, 750px\" \/>&#8220;El escultor trabajar\u00e1 en un espacio a cielo abierto y bajo cualquier circunstancia clim\u00e1tica&#8221;, dice el reglamento de la Bienal. Los artistas deben permanecer en el lugar hasta el momento de la entrega del premio, incluso si terminan su obra antes<\/div>\n<div><\/div>\n<div>&nbsp;<\/div>\n<div><\/div>\n<div><\/div>\n<div class=\"visual__image image-full-width\" style=\"text-align: center;\"><img loading=\"lazy\" decoding=\"async\" class=\"size-full wp-image-13471 aligncenter\" src=\"https:\/\/www.bienaldelchaco.org\/2024\/wp-content\/uploads\/2024\/07\/4P23352AOBCSBAYZXDDWIITHPY.jpg\" alt=\"\" width=\"1440\" height=\"960\" srcset=\"https:\/\/www.bienaldelchaco.org\/2024\/wp-content\/uploads\/2024\/07\/4P23352AOBCSBAYZXDDWIITHPY.jpg 1440w, https:\/\/www.bienaldelchaco.org\/2024\/wp-content\/uploads\/2024\/07\/4P23352AOBCSBAYZXDDWIITHPY-300x200.jpg 300w, https:\/\/www.bienaldelchaco.org\/2024\/wp-content\/uploads\/2024\/07\/4P23352AOBCSBAYZXDDWIITHPY-1024x683.jpg 1024w, https:\/\/www.bienaldelchaco.org\/2024\/wp-content\/uploads\/2024\/07\/4P23352AOBCSBAYZXDDWIITHPY-768x512.jpg 768w, https:\/\/www.bienaldelchaco.org\/2024\/wp-content\/uploads\/2024\/07\/4P23352AOBCSBAYZXDDWIITHPY-391x260.jpg 391w, https:\/\/www.bienaldelchaco.org\/2024\/wp-content\/uploads\/2024\/07\/4P23352AOBCSBAYZXDDWIITHPY-700x467.jpg 700w\" sizes=\"auto, (max-width: 1440px) 100vw, 1440px\" \/>Un escultor brinda explicaciones a un grupo de visitantes. Una norma no escrita de la Bienal es que los artistas deben interactuar con el p\u00fablico. Lo cumplen con creces; m\u00e1s aun, la mayor\u00eda de ellos considera que ese es el mejor valor agregado de esta experiencia<\/div>\n<div>&nbsp;<\/div>\n<div><\/div>\n<div><\/div>\n<div><\/div>\n<div class=\"visual__image image-full-width\" style=\"text-align: center;\"><img loading=\"lazy\" decoding=\"async\" class=\"size-full wp-image-13447 aligncenter\" src=\"https:\/\/www.bienaldelchaco.org\/2024\/wp-content\/uploads\/2024\/07\/MKDU36OI4BEPTAXZ7G7YI3G74E.jpg\" alt=\"\" width=\"750\" height=\"500\" srcset=\"https:\/\/www.bienaldelchaco.org\/2024\/wp-content\/uploads\/2024\/07\/MKDU36OI4BEPTAXZ7G7YI3G74E.jpg 750w, https:\/\/www.bienaldelchaco.org\/2024\/wp-content\/uploads\/2024\/07\/MKDU36OI4BEPTAXZ7G7YI3G74E-300x200.jpg 300w, https:\/\/www.bienaldelchaco.org\/2024\/wp-content\/uploads\/2024\/07\/MKDU36OI4BEPTAXZ7G7YI3G74E-391x260.jpg 391w, https:\/\/www.bienaldelchaco.org\/2024\/wp-content\/uploads\/2024\/07\/MKDU36OI4BEPTAXZ7G7YI3G74E-700x467.jpg 700w\" sizes=\"auto, (max-width: 750px) 100vw, 750px\" \/>Algunos de los competidores y sus asistentes posan junto al presidente de la Fundaci\u00f3n Urunday, Josese Eidman (en cuclillas, de barba) y a Mimo Eidman (\u00faltima a la derecha), escultora y tambi\u00e9n parte del grupo organizador de la Bienal<\/div>\n<div>&nbsp;<\/div>\n<div><\/div>\n<div><\/div>\n<div><\/div>\n<div class=\"visual__image image-full-width\" style=\"text-align: center;\"><img loading=\"lazy\" decoding=\"async\" class=\"size-full wp-image-13465 aligncenter\" src=\"https:\/\/www.bienaldelchaco.org\/2024\/wp-content\/uploads\/2024\/07\/4PZR45VTKFCL7IPOPPHTKAQZVI.jpg\" alt=\"\" width=\"750\" height=\"500\" srcset=\"https:\/\/www.bienaldelchaco.org\/2024\/wp-content\/uploads\/2024\/07\/4PZR45VTKFCL7IPOPPHTKAQZVI.jpg 750w, https:\/\/www.bienaldelchaco.org\/2024\/wp-content\/uploads\/2024\/07\/4PZR45VTKFCL7IPOPPHTKAQZVI-300x200.jpg 300w, https:\/\/www.bienaldelchaco.org\/2024\/wp-content\/uploads\/2024\/07\/4PZR45VTKFCL7IPOPPHTKAQZVI-391x260.jpg 391w, https:\/\/www.bienaldelchaco.org\/2024\/wp-content\/uploads\/2024\/07\/4PZR45VTKFCL7IPOPPHTKAQZVI-700x467.jpg 700w\" sizes=\"auto, (max-width: 750px) 100vw, 750px\" \/>El escultor espa\u00f1ol Carlos Iglesias Faura en plena tarea. \u201cEs impresionante el trato de la gente, se acercan con mucho cari\u00f1o, mucha curiosidad. Pregutan sobre el material que uso, c\u00f3mo lo hago, qu\u00e9 significa la escultura\u201d<\/div>\n<div>&nbsp;<\/div>\n<div><\/div>\n<div><\/div>\n<div><\/div>\n<div class=\"visual__image image-full-width\" style=\"text-align: center;\"><img loading=\"lazy\" decoding=\"async\" class=\"size-full wp-image-13431 aligncenter\" src=\"https:\/\/www.bienaldelchaco.org\/2024\/wp-content\/uploads\/2024\/07\/ZMZOC7LUQRAG5PUY5LL4ZWMJLE.jpg\" alt=\"\" width=\"750\" height=\"563\" srcset=\"https:\/\/www.bienaldelchaco.org\/2024\/wp-content\/uploads\/2024\/07\/ZMZOC7LUQRAG5PUY5LL4ZWMJLE.jpg 750w, https:\/\/www.bienaldelchaco.org\/2024\/wp-content\/uploads\/2024\/07\/ZMZOC7LUQRAG5PUY5LL4ZWMJLE-300x225.jpg 300w, https:\/\/www.bienaldelchaco.org\/2024\/wp-content\/uploads\/2024\/07\/ZMZOC7LUQRAG5PUY5LL4ZWMJLE-700x525.jpg 700w\" sizes=\"auto, (max-width: 750px) 100vw, 750px\" \/>La escultora Butrint Morina, de Kosovo, dijo: \u201cMe siento como si estuviera actuando para el p\u00fablico, como un show, el p\u00fablico para y te hace preguntas y lo encuentro muy relajante, es como un peque\u00f1o descanso\u201d<\/div>\n<div>&nbsp;<\/div>\n<div><\/div>\n<div><\/div>\n<div><\/div>\n<div class=\"visual__image image-full-width\" style=\"text-align: center;\"><img loading=\"lazy\" decoding=\"async\" class=\"size-full wp-image-13434 aligncenter\" src=\"https:\/\/www.bienaldelchaco.org\/2024\/wp-content\/uploads\/2024\/07\/WT7QEBZWJ5HVBETV363OOYTLCM.jpg\" alt=\"\" width=\"750\" height=\"1000\" srcset=\"https:\/\/www.bienaldelchaco.org\/2024\/wp-content\/uploads\/2024\/07\/WT7QEBZWJ5HVBETV363OOYTLCM.jpg 750w, https:\/\/www.bienaldelchaco.org\/2024\/wp-content\/uploads\/2024\/07\/WT7QEBZWJ5HVBETV363OOYTLCM-225x300.jpg 225w, https:\/\/www.bienaldelchaco.org\/2024\/wp-content\/uploads\/2024\/07\/WT7QEBZWJ5HVBETV363OOYTLCM-300x400.jpg 300w, https:\/\/www.bienaldelchaco.org\/2024\/wp-content\/uploads\/2024\/07\/WT7QEBZWJ5HVBETV363OOYTLCM-600x800.jpg 600w, https:\/\/www.bienaldelchaco.org\/2024\/wp-content\/uploads\/2024\/07\/WT7QEBZWJ5HVBETV363OOYTLCM-700x933.jpg 700w\" sizes=\"auto, (max-width: 750px) 100vw, 750px\" \/>Billy Lee, el escultor estadounidense. En un alto de la tarea, dio una charla motivacional a los estudiantes de arte que participaron del certamen paralelo Premio Desaf\u00edo: \u201cViajen, adquieran experiencia, pero vuelvan y recuerden su cultura. Hagan esculturas desde el sentimiento de ser argentinos\u201d<\/div>\n<div>&nbsp;<\/div>\n<div><\/div>\n<div><\/div>\n<div><\/div>\n<div class=\"visual__image image-full-width\" style=\"text-align: center;\"><img loading=\"lazy\" decoding=\"async\" class=\"size-full wp-image-13451 aligncenter\" src=\"https:\/\/www.bienaldelchaco.org\/2024\/wp-content\/uploads\/2024\/07\/E3CT76GBHJAXLKVQLKFSWINZIU.jpg\" alt=\"\" width=\"750\" height=\"563\" srcset=\"https:\/\/www.bienaldelchaco.org\/2024\/wp-content\/uploads\/2024\/07\/E3CT76GBHJAXLKVQLKFSWINZIU.jpg 750w, https:\/\/www.bienaldelchaco.org\/2024\/wp-content\/uploads\/2024\/07\/E3CT76GBHJAXLKVQLKFSWINZIU-300x225.jpg 300w, https:\/\/www.bienaldelchaco.org\/2024\/wp-content\/uploads\/2024\/07\/E3CT76GBHJAXLKVQLKFSWINZIU-700x525.jpg 700w\" sizes=\"auto, (max-width: 750px) 100vw, 750px\" \/>Los afiches de presentaci\u00f3n de los participantes de los diferentes pa\u00edses<\/div>\n<div>&nbsp;<\/div>\n<div><\/div>\n<div><\/div>\n<div><\/div>\n<div class=\"visual__image image-full-width\" style=\"text-align: center;\"><img loading=\"lazy\" decoding=\"async\" class=\"size-full wp-image-13438 aligncenter\" src=\"https:\/\/www.bienaldelchaco.org\/2024\/wp-content\/uploads\/2024\/07\/WLREBHK6F5BYHFFSB7LFKZ6P3Q.jpg\" alt=\"\" width=\"750\" height=\"563\" srcset=\"https:\/\/www.bienaldelchaco.org\/2024\/wp-content\/uploads\/2024\/07\/WLREBHK6F5BYHFFSB7LFKZ6P3Q.jpg 750w, https:\/\/www.bienaldelchaco.org\/2024\/wp-content\/uploads\/2024\/07\/WLREBHK6F5BYHFFSB7LFKZ6P3Q-300x225.jpg 300w, https:\/\/www.bienaldelchaco.org\/2024\/wp-content\/uploads\/2024\/07\/WLREBHK6F5BYHFFSB7LFKZ6P3Q-700x525.jpg 700w\" sizes=\"auto, (max-width: 750px) 100vw, 750px\" \/>La de este a\u00f1o fue la XIII Bienal Internacional de Escultura. Pero estos concursos se iniciaron mucho antes, en 1988, en la plaza central de Resistencia, como cert\u00e1menes nacionales<\/div>\n<div>&nbsp;<\/div>\n<div><\/div>\n<div><\/div>\n<div><\/div>\n<div class=\"visual__image image-full-width\" style=\"text-align: center;\"><img loading=\"lazy\" decoding=\"async\" class=\"size-full wp-image-13457 aligncenter\" src=\"https:\/\/www.bienaldelchaco.org\/2024\/wp-content\/uploads\/2024\/07\/ANZPZNZ7ERBCPDAHWCXKWQTZBE.jpg\" alt=\"\" width=\"750\" height=\"563\" srcset=\"https:\/\/www.bienaldelchaco.org\/2024\/wp-content\/uploads\/2024\/07\/ANZPZNZ7ERBCPDAHWCXKWQTZBE.jpg 750w, https:\/\/www.bienaldelchaco.org\/2024\/wp-content\/uploads\/2024\/07\/ANZPZNZ7ERBCPDAHWCXKWQTZBE-300x225.jpg 300w, https:\/\/www.bienaldelchaco.org\/2024\/wp-content\/uploads\/2024\/07\/ANZPZNZ7ERBCPDAHWCXKWQTZBE-700x525.jpg 700w\" sizes=\"auto, (max-width: 750px) 100vw, 750px\" \/>Los diez escultores que desde el 13 de julio elaboran sus obras en el predio de la Bienal fueron seleccionads entre 157 postulantes de 55 pa\u00edses. Son: Luis Bernardi (Argentina), Alejandro Mardones Guillen (Chile), Carlos Iglesias (Espa\u00f1a), Billy Lee (Estados Unidos), Butrint Morina (Kosovo), Solveiga Vasiljeva (Letonia), Anna Korver (Nueva Zelanda), Percy Ra\u00fal Zorrilla Soto (Per\u00fa), Bogdam Adrian Lefter (Rumania) y Emrah \u00d6nal (Turqu\u00eda)<\/div>\n<div>&nbsp;<\/div>\n<div><\/div>\n<div><\/div>\n<div><\/div>\n<div class=\"visual__image image-full-width\" style=\"text-align: center;\"><img loading=\"lazy\" decoding=\"async\" class=\"size-full wp-image-13444 aligncenter\" src=\"https:\/\/www.bienaldelchaco.org\/2024\/wp-content\/uploads\/2024\/07\/QCI73U2JJFHV3FL3PIHRJPJZ4M.jpg\" alt=\"\" width=\"750\" height=\"1333\" srcset=\"https:\/\/www.bienaldelchaco.org\/2024\/wp-content\/uploads\/2024\/07\/QCI73U2JJFHV3FL3PIHRJPJZ4M.jpg 750w, https:\/\/www.bienaldelchaco.org\/2024\/wp-content\/uploads\/2024\/07\/QCI73U2JJFHV3FL3PIHRJPJZ4M-169x300.jpg 169w, https:\/\/www.bienaldelchaco.org\/2024\/wp-content\/uploads\/2024\/07\/QCI73U2JJFHV3FL3PIHRJPJZ4M-576x1024.jpg 576w, https:\/\/www.bienaldelchaco.org\/2024\/wp-content\/uploads\/2024\/07\/QCI73U2JJFHV3FL3PIHRJPJZ4M-700x1244.jpg 700w\" sizes=\"auto, (max-width: 750px) 100vw, 750px\" \/>Los escultores son asistidos por un equipo que los provee de herramientas y materiales. Y, de ser necesario, por int\u00e9rpretes que garantizan su comunicaci\u00f3n con el p\u00fablico. En la foto, el turco Emrah \u00d6nal<\/div>\n<div>&nbsp;<\/div>\n<div><\/div>\n<div><\/div>\n<div><\/div>\n<div class=\"visual__image image-full-width\" style=\"text-align: center;\"><img loading=\"lazy\" decoding=\"async\" class=\"size-full wp-image-13452 aligncenter\" src=\"https:\/\/www.bienaldelchaco.org\/2024\/wp-content\/uploads\/2024\/07\/EGKOH6ECRRET3NVMG6AZL5KO74.jpg\" alt=\"\" width=\"750\" height=\"563\" srcset=\"https:\/\/www.bienaldelchaco.org\/2024\/wp-content\/uploads\/2024\/07\/EGKOH6ECRRET3NVMG6AZL5KO74.jpg 750w, https:\/\/www.bienaldelchaco.org\/2024\/wp-content\/uploads\/2024\/07\/EGKOH6ECRRET3NVMG6AZL5KO74-300x225.jpg 300w, https:\/\/www.bienaldelchaco.org\/2024\/wp-content\/uploads\/2024\/07\/EGKOH6ECRRET3NVMG6AZL5KO74-700x525.jpg 700w\" sizes=\"auto, (max-width: 750px) 100vw, 750px\" \/>Billy Lee en plena tarea<\/div>\n<div>&nbsp;<\/div>\n<div><\/div>\n<div><\/div>\n<div><\/div>\n<div class=\"visual__image image-full-width\" style=\"text-align: center;\"><img loading=\"lazy\" decoding=\"async\" class=\"size-full wp-image-13443 aligncenter\" src=\"https:\/\/www.bienaldelchaco.org\/2024\/wp-content\/uploads\/2024\/07\/MWBQO7Z5QBHEZNZIGQZYLYGBNI.jpg\" alt=\"\" width=\"750\" height=\"563\" srcset=\"https:\/\/www.bienaldelchaco.org\/2024\/wp-content\/uploads\/2024\/07\/MWBQO7Z5QBHEZNZIGQZYLYGBNI.jpg 750w, https:\/\/www.bienaldelchaco.org\/2024\/wp-content\/uploads\/2024\/07\/MWBQO7Z5QBHEZNZIGQZYLYGBNI-300x225.jpg 300w, https:\/\/www.bienaldelchaco.org\/2024\/wp-content\/uploads\/2024\/07\/MWBQO7Z5QBHEZNZIGQZYLYGBNI-700x525.jpg 700w\" sizes=\"auto, (max-width: 750px) 100vw, 750px\" \/>Una de las obras que compiten, casi concluida<\/div>\n<div>&nbsp;<\/div>\n<div><\/div>\n<div><\/div>\n<div><\/div>\n<div class=\"visual__image image-full-width\" style=\"text-align: center;\"><img loading=\"lazy\" decoding=\"async\" class=\"size-full wp-image-13460 aligncenter\" src=\"https:\/\/www.bienaldelchaco.org\/2024\/wp-content\/uploads\/2024\/07\/BV7EB5B7JBBIDP4XE2PGD6GQ7I.jpg\" alt=\"\" width=\"750\" height=\"500\" srcset=\"https:\/\/www.bienaldelchaco.org\/2024\/wp-content\/uploads\/2024\/07\/BV7EB5B7JBBIDP4XE2PGD6GQ7I.jpg 750w, https:\/\/www.bienaldelchaco.org\/2024\/wp-content\/uploads\/2024\/07\/BV7EB5B7JBBIDP4XE2PGD6GQ7I-300x200.jpg 300w, https:\/\/www.bienaldelchaco.org\/2024\/wp-content\/uploads\/2024\/07\/BV7EB5B7JBBIDP4XE2PGD6GQ7I-391x260.jpg 391w, https:\/\/www.bienaldelchaco.org\/2024\/wp-content\/uploads\/2024\/07\/BV7EB5B7JBBIDP4XE2PGD6GQ7I-700x467.jpg 700w\" sizes=\"auto, (max-width: 750px) 100vw, 750px\" \/>Vista a\u00e9rea del predio a orillas del R\u00edo Negro donde se realiza la Bienal de Esculturas y que alberga la sede de la Fundaci\u00f3n Urunday, organizadora del evento. En el centro, el taller a cielo abierto. Con techo amarillo, el Domo del Centenario, con capacidad para 2000 personas<\/div>\n<div>&nbsp;<\/div>\n<div><\/div>\n<div><\/div>\n<div><\/div>\n<div class=\"visual__image image-full-width\" style=\"text-align: center;\"><img loading=\"lazy\" decoding=\"async\" class=\"size-full wp-image-13463 aligncenter\" src=\"https:\/\/www.bienaldelchaco.org\/2024\/wp-content\/uploads\/2024\/07\/6PYGOGALFVDSLFO7PHUTNY4GZE.jpg\" alt=\"\" width=\"750\" height=\"1000\" srcset=\"https:\/\/www.bienaldelchaco.org\/2024\/wp-content\/uploads\/2024\/07\/6PYGOGALFVDSLFO7PHUTNY4GZE.jpg 750w, https:\/\/www.bienaldelchaco.org\/2024\/wp-content\/uploads\/2024\/07\/6PYGOGALFVDSLFO7PHUTNY4GZE-225x300.jpg 225w, https:\/\/www.bienaldelchaco.org\/2024\/wp-content\/uploads\/2024\/07\/6PYGOGALFVDSLFO7PHUTNY4GZE-300x400.jpg 300w, https:\/\/www.bienaldelchaco.org\/2024\/wp-content\/uploads\/2024\/07\/6PYGOGALFVDSLFO7PHUTNY4GZE-600x800.jpg 600w, https:\/\/www.bienaldelchaco.org\/2024\/wp-content\/uploads\/2024\/07\/6PYGOGALFVDSLFO7PHUTNY4GZE-700x933.jpg 700w\" sizes=\"auto, (max-width: 750px) 100vw, 750px\" \/>Adem\u00e1s de los competidores internacionales, otros escultores y artesanos son invitados a la Bienal. En la foto, la Virgen tallada en un tronco de timb\u00f3 por el artista santafesino Tom\u00e1s Franzoi<\/div>\n<div>&nbsp;<\/div>\n<div><\/div>\n<div><\/div>\n<div><\/div>\n<div class=\"visual__image image-full-width\" style=\"text-align: center;\"><img loading=\"lazy\" decoding=\"async\" class=\"size-full wp-image-13432 aligncenter\" src=\"https:\/\/www.bienaldelchaco.org\/2024\/wp-content\/uploads\/2024\/07\/ZW5NP6DKARGI5APSKCK2WIJ5CY.jpg\" alt=\"\" width=\"750\" height=\"1000\" srcset=\"https:\/\/www.bienaldelchaco.org\/2024\/wp-content\/uploads\/2024\/07\/ZW5NP6DKARGI5APSKCK2WIJ5CY.jpg 750w, https:\/\/www.bienaldelchaco.org\/2024\/wp-content\/uploads\/2024\/07\/ZW5NP6DKARGI5APSKCK2WIJ5CY-225x300.jpg 225w, https:\/\/www.bienaldelchaco.org\/2024\/wp-content\/uploads\/2024\/07\/ZW5NP6DKARGI5APSKCK2WIJ5CY-300x400.jpg 300w, https:\/\/www.bienaldelchaco.org\/2024\/wp-content\/uploads\/2024\/07\/ZW5NP6DKARGI5APSKCK2WIJ5CY-600x800.jpg 600w, https:\/\/www.bienaldelchaco.org\/2024\/wp-content\/uploads\/2024\/07\/ZW5NP6DKARGI5APSKCK2WIJ5CY-700x933.jpg 700w\" sizes=\"auto, (max-width: 750px) 100vw, 750px\" \/>Detalle de la base de la escultura de Tom\u00e1s Franzoi, llamada &#8220;Inmaculada Concepci\u00f3n&#8221; e inspirada en los cuadros de Murillo<\/div>\n<div>&nbsp;<\/div>\n<div><\/div>\n<div><\/div>\n<div><\/div>\n<div class=\"visual__image image-full-width\" style=\"text-align: center;\"><img loading=\"lazy\" decoding=\"async\" class=\"size-full wp-image-13449 aligncenter\" src=\"https:\/\/www.bienaldelchaco.org\/2024\/wp-content\/uploads\/2024\/07\/I5B4PTVHYBDZFIXUHMDHXTEK44.jpg\" alt=\"\" width=\"750\" height=\"333\" srcset=\"https:\/\/www.bienaldelchaco.org\/2024\/wp-content\/uploads\/2024\/07\/I5B4PTVHYBDZFIXUHMDHXTEK44.jpg 750w, https:\/\/www.bienaldelchaco.org\/2024\/wp-content\/uploads\/2024\/07\/I5B4PTVHYBDZFIXUHMDHXTEK44-300x133.jpg 300w, https:\/\/www.bienaldelchaco.org\/2024\/wp-content\/uploads\/2024\/07\/I5B4PTVHYBDZFIXUHMDHXTEK44-700x311.jpg 700w\" sizes=\"auto, (max-width: 750px) 100vw, 750px\" \/>Un cl\u00e1sico de las Bienales son las esculturas en arena de Alejandro Arce<\/div>\n<div>&nbsp;<\/div>\n<div><\/div>\n<div><\/div>\n<div><\/div>\n<div class=\"visual__image image-full-width\" style=\"text-align: center;\"><img loading=\"lazy\" decoding=\"async\" class=\"size-full wp-image-13456 aligncenter\" src=\"https:\/\/www.bienaldelchaco.org\/2024\/wp-content\/uploads\/2024\/07\/CC7VR5D5NNDEZFSWZCKVY3VXZE.jpg\" alt=\"\" width=\"750\" height=\"500\" srcset=\"https:\/\/www.bienaldelchaco.org\/2024\/wp-content\/uploads\/2024\/07\/CC7VR5D5NNDEZFSWZCKVY3VXZE.jpg 750w, https:\/\/www.bienaldelchaco.org\/2024\/wp-content\/uploads\/2024\/07\/CC7VR5D5NNDEZFSWZCKVY3VXZE-300x200.jpg 300w, https:\/\/www.bienaldelchaco.org\/2024\/wp-content\/uploads\/2024\/07\/CC7VR5D5NNDEZFSWZCKVY3VXZE-391x260.jpg 391w, https:\/\/www.bienaldelchaco.org\/2024\/wp-content\/uploads\/2024\/07\/CC7VR5D5NNDEZFSWZCKVY3VXZE-700x467.jpg 700w\" sizes=\"auto, (max-width: 750px) 100vw, 750px\" \/>El escultor y docente Juan Carlos Visconti dirigi\u00f3 el conversatorio \u201cEl David de Miguel \u00c1ngel, desde Florencia a Resistencia\u201d. El calco de la emblem\u00e1tica obra, realizado con tecnolog\u00eda 3D, adorna desde el pasado mes de mayo la entrada al predio de la Bienal<\/div>\n<div>&nbsp;<\/div>\n<div><\/div>\n<div><\/div>\n<div><\/div>\n<div class=\"visual__image image-full-width\" style=\"text-align: center;\"><img loading=\"lazy\" decoding=\"async\" class=\"size-full wp-image-13437 aligncenter\" src=\"https:\/\/www.bienaldelchaco.org\/2024\/wp-content\/uploads\/2024\/07\/UG2EVGU5TBFJTIULOUSWDGTRYE.jpg\" alt=\"\" width=\"750\" height=\"500\" srcset=\"https:\/\/www.bienaldelchaco.org\/2024\/wp-content\/uploads\/2024\/07\/UG2EVGU5TBFJTIULOUSWDGTRYE.jpg 750w, https:\/\/www.bienaldelchaco.org\/2024\/wp-content\/uploads\/2024\/07\/UG2EVGU5TBFJTIULOUSWDGTRYE-300x200.jpg 300w, https:\/\/www.bienaldelchaco.org\/2024\/wp-content\/uploads\/2024\/07\/UG2EVGU5TBFJTIULOUSWDGTRYE-391x260.jpg 391w, https:\/\/www.bienaldelchaco.org\/2024\/wp-content\/uploads\/2024\/07\/UG2EVGU5TBFJTIULOUSWDGTRYE-700x467.jpg 700w\" sizes=\"auto, (max-width: 750px) 100vw, 750px\" \/>Tambi\u00e9n en paralelo con el certamen central, hay exposiciones de arte<\/div>\n<div>&nbsp;<\/div>\n<div><\/div>\n<div><\/div>\n<div><\/div>\n<div class=\"visual__image image-full-width\" style=\"text-align: center;\"><img loading=\"lazy\" decoding=\"async\" class=\"size-full wp-image-13440 aligncenter\" src=\"https:\/\/www.bienaldelchaco.org\/2024\/wp-content\/uploads\/2024\/07\/QHGH47ATPRHVFLNXQCFVORGUAQ.jpg\" alt=\"\" width=\"750\" height=\"333\" srcset=\"https:\/\/www.bienaldelchaco.org\/2024\/wp-content\/uploads\/2024\/07\/QHGH47ATPRHVFLNXQCFVORGUAQ.jpg 750w, https:\/\/www.bienaldelchaco.org\/2024\/wp-content\/uploads\/2024\/07\/QHGH47ATPRHVFLNXQCFVORGUAQ-300x133.jpg 300w, https:\/\/www.bienaldelchaco.org\/2024\/wp-content\/uploads\/2024\/07\/QHGH47ATPRHVFLNXQCFVORGUAQ-700x311.jpg 700w\" sizes=\"auto, (max-width: 750px) 100vw, 750px\" \/>Otra actividad ofrecida al p\u00fablico: taller de cer\u00e1mica en horno de ladrillos junto al R\u00edo Negro<\/div>\n<div>&nbsp;<\/div>\n<div><\/div>\n<div><\/div>\n<div class=\"visual__image image-full-width\" style=\"text-align: center;\"><img loading=\"lazy\" decoding=\"async\" class=\"size-full wp-image-13442 aligncenter\" src=\"https:\/\/www.bienaldelchaco.org\/2024\/wp-content\/uploads\/2024\/07\/S3THAD3B2VFTDNBVZH55445V5Q.jpg\" alt=\"\" width=\"750\" height=\"1000\" srcset=\"https:\/\/www.bienaldelchaco.org\/2024\/wp-content\/uploads\/2024\/07\/S3THAD3B2VFTDNBVZH55445V5Q.jpg 750w, https:\/\/www.bienaldelchaco.org\/2024\/wp-content\/uploads\/2024\/07\/S3THAD3B2VFTDNBVZH55445V5Q-225x300.jpg 225w, https:\/\/www.bienaldelchaco.org\/2024\/wp-content\/uploads\/2024\/07\/S3THAD3B2VFTDNBVZH55445V5Q-300x400.jpg 300w, https:\/\/www.bienaldelchaco.org\/2024\/wp-content\/uploads\/2024\/07\/S3THAD3B2VFTDNBVZH55445V5Q-600x800.jpg 600w, https:\/\/www.bienaldelchaco.org\/2024\/wp-content\/uploads\/2024\/07\/S3THAD3B2VFTDNBVZH55445V5Q-700x933.jpg 700w\" sizes=\"auto, (max-width: 750px) 100vw, 750px\" \/>Uno de los escultores invitados, el artista qom Gerardo Aranda, tallando una pit\u00f3n en madera<\/div>\n<div>&nbsp;<\/div>\n<div><\/div>\n<div><\/div>\n<div><\/div>\n<div class=\"visual__image image-full-width\" style=\"text-align: center;\"><img loading=\"lazy\" decoding=\"async\" class=\"size-full wp-image-13462 aligncenter\" src=\"https:\/\/www.bienaldelchaco.org\/2024\/wp-content\/uploads\/2024\/07\/6GDSIB2BCRAIDH3GN2XJWXMHHE.jpg\" alt=\"\" width=\"750\" height=\"563\" srcset=\"https:\/\/www.bienaldelchaco.org\/2024\/wp-content\/uploads\/2024\/07\/6GDSIB2BCRAIDH3GN2XJWXMHHE.jpg 750w, https:\/\/www.bienaldelchaco.org\/2024\/wp-content\/uploads\/2024\/07\/6GDSIB2BCRAIDH3GN2XJWXMHHE-300x225.jpg 300w, https:\/\/www.bienaldelchaco.org\/2024\/wp-content\/uploads\/2024\/07\/6GDSIB2BCRAIDH3GN2XJWXMHHE-700x525.jpg 700w\" sizes=\"auto, (max-width: 750px) 100vw, 750px\" \/>Gerardo Aranda, artista qom<\/div>\n<div>&nbsp;<\/div>\n<div><\/div>\n<div><\/div>\n<div><\/div>\n<div class=\"visual__image image-full-width\" style=\"text-align: center;\"><img loading=\"lazy\" decoding=\"async\" class=\"size-full wp-image-13448 aligncenter\" src=\"https:\/\/www.bienaldelchaco.org\/2024\/wp-content\/uploads\/2024\/07\/G47GG4BRW5AQ5CN5V7CFMUZM7A.jpg\" alt=\"\" width=\"750\" height=\"563\" srcset=\"https:\/\/www.bienaldelchaco.org\/2024\/wp-content\/uploads\/2024\/07\/G47GG4BRW5AQ5CN5V7CFMUZM7A.jpg 750w, https:\/\/www.bienaldelchaco.org\/2024\/wp-content\/uploads\/2024\/07\/G47GG4BRW5AQ5CN5V7CFMUZM7A-300x225.jpg 300w, https:\/\/www.bienaldelchaco.org\/2024\/wp-content\/uploads\/2024\/07\/G47GG4BRW5AQ5CN5V7CFMUZM7A-700x525.jpg 700w\" sizes=\"auto, (max-width: 750px) 100vw, 750px\" \/>Gerardo Aranda completando su escultura que representa una serpiente pit\u00f3n<\/div>\n<div>&nbsp;<\/div>\n<div><\/div>\n<div><\/div>\n<div><\/div>\n<div class=\"visual__image image-full-width\" style=\"text-align: center;\"><img loading=\"lazy\" decoding=\"async\" class=\"size-full wp-image-13467 aligncenter\" src=\"https:\/\/www.bienaldelchaco.org\/2024\/wp-content\/uploads\/2024\/07\/5OEPEZRN6FEOVBOQBBTWNME5WY.jpg\" alt=\"\" width=\"750\" height=\"333\" srcset=\"https:\/\/www.bienaldelchaco.org\/2024\/wp-content\/uploads\/2024\/07\/5OEPEZRN6FEOVBOQBBTWNME5WY.jpg 750w, https:\/\/www.bienaldelchaco.org\/2024\/wp-content\/uploads\/2024\/07\/5OEPEZRN6FEOVBOQBBTWNME5WY-300x133.jpg 300w, https:\/\/www.bienaldelchaco.org\/2024\/wp-content\/uploads\/2024\/07\/5OEPEZRN6FEOVBOQBBTWNME5WY-700x311.jpg 700w\" sizes=\"auto, (max-width: 750px) 100vw, 750px\" \/>Los organizadores de la Bienal previeron visitas guiadas en lenguaje de se\u00f1as para que nadie quede afuera del acontecimiento<\/div>\n<div>&nbsp;<\/div>\n<div><\/div>\n<div><\/div>\n<div class=\"visual__image image-full-width\" style=\"text-align: center;\"><img loading=\"lazy\" decoding=\"async\" class=\"size-full wp-image-13433 aligncenter\" src=\"https:\/\/www.bienaldelchaco.org\/2024\/wp-content\/uploads\/2024\/07\/YUKYD6BKTNAUHK5HM3K6UQM56Y.jpg\" alt=\"\" width=\"750\" height=\"1125\" srcset=\"https:\/\/www.bienaldelchaco.org\/2024\/wp-content\/uploads\/2024\/07\/YUKYD6BKTNAUHK5HM3K6UQM56Y.jpg 750w, https:\/\/www.bienaldelchaco.org\/2024\/wp-content\/uploads\/2024\/07\/YUKYD6BKTNAUHK5HM3K6UQM56Y-200x300.jpg 200w, https:\/\/www.bienaldelchaco.org\/2024\/wp-content\/uploads\/2024\/07\/YUKYD6BKTNAUHK5HM3K6UQM56Y-683x1024.jpg 683w, https:\/\/www.bienaldelchaco.org\/2024\/wp-content\/uploads\/2024\/07\/YUKYD6BKTNAUHK5HM3K6UQM56Y-700x1050.jpg 700w\" sizes=\"auto, (max-width: 750px) 100vw, 750px\" \/>Gerardo Aranda, motosierra en mano, comenzando su trabajo<\/div>\n<div>&nbsp;<\/div>\n<div><\/div>\n<div><\/div>\n<div><\/div>\n<div class=\"visual__image image-full-width\" style=\"text-align: center;\"><img loading=\"lazy\" decoding=\"async\" class=\"size-full wp-image-13455 aligncenter\" src=\"https:\/\/www.bienaldelchaco.org\/2024\/wp-content\/uploads\/2024\/07\/CQMHEGGBZ5HVLLOYVO46CCL3SU.jpg\" alt=\"\" width=\"750\" height=\"563\" srcset=\"https:\/\/www.bienaldelchaco.org\/2024\/wp-content\/uploads\/2024\/07\/CQMHEGGBZ5HVLLOYVO46CCL3SU.jpg 750w, https:\/\/www.bienaldelchaco.org\/2024\/wp-content\/uploads\/2024\/07\/CQMHEGGBZ5HVLLOYVO46CCL3SU-300x225.jpg 300w, https:\/\/www.bienaldelchaco.org\/2024\/wp-content\/uploads\/2024\/07\/CQMHEGGBZ5HVLLOYVO46CCL3SU-700x525.jpg 700w\" sizes=\"auto, (max-width: 750px) 100vw, 750px\" \/>&#8220;Impermanencia de la naturaleza&#8221;, la escultura en madera que gan\u00f3 el Premio Desaf\u00edo, la competencia en la que participaron equipos de estudiantes de Arte de nueve provincias argentinas. Los ganadores son oriundos de Misiones<\/div>\n<div>&nbsp;<\/div>\n<div><\/div>\n<div><\/div>\n<div><\/div>\n<div class=\"visual__image image-full-width\" style=\"text-align: center;\"><img loading=\"lazy\" decoding=\"async\" class=\"size-full wp-image-13435 aligncenter\" src=\"https:\/\/www.bienaldelchaco.org\/2024\/wp-content\/uploads\/2024\/07\/XOTIWCE4QZCCJMUE4F4ZEZXMK4.jpg\" alt=\"\" width=\"750\" height=\"563\" srcset=\"https:\/\/www.bienaldelchaco.org\/2024\/wp-content\/uploads\/2024\/07\/XOTIWCE4QZCCJMUE4F4ZEZXMK4.jpg 750w, https:\/\/www.bienaldelchaco.org\/2024\/wp-content\/uploads\/2024\/07\/XOTIWCE4QZCCJMUE4F4ZEZXMK4-300x225.jpg 300w, https:\/\/www.bienaldelchaco.org\/2024\/wp-content\/uploads\/2024\/07\/XOTIWCE4QZCCJMUE4F4ZEZXMK4-700x525.jpg 700w\" sizes=\"auto, (max-width: 750px) 100vw, 750px\" \/>Otras dos tallas en madera de la competencia Premio Desaf\u00edo<\/div>\n<div>&nbsp;<\/div>\n<div><\/div>\n<div><\/div>\n<div><\/div>\n<div class=\"visual__image image-full-width\" style=\"text-align: center;\"><img loading=\"lazy\" decoding=\"async\" class=\"size-full wp-image-13461 aligncenter\" src=\"https:\/\/www.bienaldelchaco.org\/2024\/wp-content\/uploads\/2024\/07\/5ZOVXU6AJFHKJCJPACMZ4VFGBM.jpg\" alt=\"\" width=\"750\" height=\"500\" srcset=\"https:\/\/www.bienaldelchaco.org\/2024\/wp-content\/uploads\/2024\/07\/5ZOVXU6AJFHKJCJPACMZ4VFGBM.jpg 750w, https:\/\/www.bienaldelchaco.org\/2024\/wp-content\/uploads\/2024\/07\/5ZOVXU6AJFHKJCJPACMZ4VFGBM-300x200.jpg 300w, https:\/\/www.bienaldelchaco.org\/2024\/wp-content\/uploads\/2024\/07\/5ZOVXU6AJFHKJCJPACMZ4VFGBM-391x260.jpg 391w, https:\/\/www.bienaldelchaco.org\/2024\/wp-content\/uploads\/2024\/07\/5ZOVXU6AJFHKJCJPACMZ4VFGBM-700x467.jpg 700w\" sizes=\"auto, (max-width: 750px) 100vw, 750px\" \/>El equipo de estudiantes misioneros al recibir el Premio Desaf\u00edo auspiciado por Hierros L\u00edder<\/div>\n<div>&nbsp;<\/div>\n<div><\/div>\n<div><\/div>\n<div><\/div>\n<div class=\"visual__image image-full-width\" style=\"text-align: center;\"><img loading=\"lazy\" decoding=\"async\" class=\"size-full wp-image-13445 aligncenter\" src=\"https:\/\/www.bienaldelchaco.org\/2024\/wp-content\/uploads\/2024\/07\/J6BF2MJFFRGJDGQWU6VJESM7W4.jpg\" alt=\"\" width=\"750\" height=\"500\" srcset=\"https:\/\/www.bienaldelchaco.org\/2024\/wp-content\/uploads\/2024\/07\/J6BF2MJFFRGJDGQWU6VJESM7W4.jpg 750w, https:\/\/www.bienaldelchaco.org\/2024\/wp-content\/uploads\/2024\/07\/J6BF2MJFFRGJDGQWU6VJESM7W4-300x200.jpg 300w, https:\/\/www.bienaldelchaco.org\/2024\/wp-content\/uploads\/2024\/07\/J6BF2MJFFRGJDGQWU6VJESM7W4-391x260.jpg 391w, https:\/\/www.bienaldelchaco.org\/2024\/wp-content\/uploads\/2024\/07\/J6BF2MJFFRGJDGQWU6VJESM7W4-700x467.jpg 700w\" sizes=\"auto, (max-width: 750px) 100vw, 750px\" \/>La charla motivacional del escultor estadounidense Billy Lee a los estudiantes de Arte de las provincias<\/div>\n<div>&nbsp;<\/div>\n<div><\/div>\n<div><\/div>\n<div><\/div>\n<div class=\"visual__image image-full-width\" style=\"text-align: center;\"><img loading=\"lazy\" decoding=\"async\" class=\"size-full wp-image-13450 aligncenter\" src=\"https:\/\/www.bienaldelchaco.org\/2024\/wp-content\/uploads\/2024\/07\/IRAUP4K52VENXNQOI6GP3BJHO4.jpg\" alt=\"\" width=\"750\" height=\"333\" srcset=\"https:\/\/www.bienaldelchaco.org\/2024\/wp-content\/uploads\/2024\/07\/IRAUP4K52VENXNQOI6GP3BJHO4.jpg 750w, https:\/\/www.bienaldelchaco.org\/2024\/wp-content\/uploads\/2024\/07\/IRAUP4K52VENXNQOI6GP3BJHO4-300x133.jpg 300w, https:\/\/www.bienaldelchaco.org\/2024\/wp-content\/uploads\/2024\/07\/IRAUP4K52VENXNQOI6GP3BJHO4-700x311.jpg 700w\" sizes=\"auto, (max-width: 750px) 100vw, 750px\" \/>&#8220;Hacemos del Arte un bien de todos&#8221;: el lema de la Fundaci\u00f3n Urunday, organizadora de la Bienal. Los estudiantes de Arte posan junto a miembros de la FU<\/div>\n<div>&nbsp;<\/div>\n<div><\/div>\n<div><\/div>\n<div><\/div>\n<div class=\"visual__image image-full-width\" style=\"text-align: center;\"><img loading=\"lazy\" decoding=\"async\" class=\"size-full wp-image-13453 aligncenter\" src=\"https:\/\/www.bienaldelchaco.org\/2024\/wp-content\/uploads\/2024\/07\/CRWZPQ3I5RCPRDL2FBLQF72MFA.jpg\" alt=\"\" width=\"750\" height=\"500\" srcset=\"https:\/\/www.bienaldelchaco.org\/2024\/wp-content\/uploads\/2024\/07\/CRWZPQ3I5RCPRDL2FBLQF72MFA.jpg 750w, https:\/\/www.bienaldelchaco.org\/2024\/wp-content\/uploads\/2024\/07\/CRWZPQ3I5RCPRDL2FBLQF72MFA-300x200.jpg 300w, https:\/\/www.bienaldelchaco.org\/2024\/wp-content\/uploads\/2024\/07\/CRWZPQ3I5RCPRDL2FBLQF72MFA-391x260.jpg 391w, https:\/\/www.bienaldelchaco.org\/2024\/wp-content\/uploads\/2024\/07\/CRWZPQ3I5RCPRDL2FBLQF72MFA-700x467.jpg 700w\" sizes=\"auto, (max-width: 750px) 100vw, 750px\" \/>III Seminario de Arte, Derecho, Patrimonio y Urbanismo, otra de las actividades de la Bienal. Una de sus conclusiones: el pueblo es el centinela de las obras emplazadas en las ciudades, no s\u00f3lo las cuidar\u00e1, sino que tambi\u00e9n les dar\u00e1 significado y las completar\u00e1<\/div>\n<div>&nbsp;<\/div>\n<div><\/div>\n<div><\/div>\n<div><\/div>\n<div class=\"visual__image image-full-width\" style=\"text-align: center;\"><img loading=\"lazy\" decoding=\"async\" class=\"size-full wp-image-13469 aligncenter\" src=\"https:\/\/www.bienaldelchaco.org\/2024\/wp-content\/uploads\/2024\/07\/3YIZ6EXTDFC25G4KD4RTPAC3GU.jpg\" alt=\"\" width=\"750\" height=\"500\" srcset=\"https:\/\/www.bienaldelchaco.org\/2024\/wp-content\/uploads\/2024\/07\/3YIZ6EXTDFC25G4KD4RTPAC3GU.jpg 750w, https:\/\/www.bienaldelchaco.org\/2024\/wp-content\/uploads\/2024\/07\/3YIZ6EXTDFC25G4KD4RTPAC3GU-300x200.jpg 300w, https:\/\/www.bienaldelchaco.org\/2024\/wp-content\/uploads\/2024\/07\/3YIZ6EXTDFC25G4KD4RTPAC3GU-391x260.jpg 391w, https:\/\/www.bienaldelchaco.org\/2024\/wp-content\/uploads\/2024\/07\/3YIZ6EXTDFC25G4KD4RTPAC3GU-700x467.jpg 700w\" sizes=\"auto, (max-width: 750px) 100vw, 750px\" \/>&#8220;Los chicos y chicas que ven por primera vez a un escultor transformar la pieza en una obra, se ir\u00e1n transformados y no ser\u00e1n los mismos. Yo no fui el mismo. Una vez que trabajas la madera, se te impregna ese aroma, ese perfume, no sos el mismo\u201d, dijo uno de los disertantes del Seminario, Oscar De Bueno, en relaci\u00f3n a su paso por la Bienal y el trabajo con palo santo<\/div>\n<div>&nbsp;<\/div>\n<div><\/div>\n<div><\/div>\n<div><\/div>\n<div class=\"visual__image image-full-width\" style=\"text-align: center;\"><img loading=\"lazy\" decoding=\"async\" class=\"size-full wp-image-13439 aligncenter\" src=\"https:\/\/www.bienaldelchaco.org\/2024\/wp-content\/uploads\/2024\/07\/WR64M66KUZELVB2LBEETKOY4FM.jpg\" alt=\"\" width=\"750\" height=\"563\" srcset=\"https:\/\/www.bienaldelchaco.org\/2024\/wp-content\/uploads\/2024\/07\/WR64M66KUZELVB2LBEETKOY4FM.jpg 750w, https:\/\/www.bienaldelchaco.org\/2024\/wp-content\/uploads\/2024\/07\/WR64M66KUZELVB2LBEETKOY4FM-300x225.jpg 300w, https:\/\/www.bienaldelchaco.org\/2024\/wp-content\/uploads\/2024\/07\/WR64M66KUZELVB2LBEETKOY4FM-700x525.jpg 700w\" sizes=\"auto, (max-width: 750px) 100vw, 750px\" \/>El joven escultor y artista pl\u00e1stico Lautaro Danilo Gonz\u00e1lez, de 16 a\u00f1os, disc\u00edpulo del reconocido Humberto G\u00f3mez Lollo, particip\u00f3 de la Bienal, creando una escultura en vivo para la cual us\u00f3 papel y cinta sobre una estructura de hierro<\/div>\n<div>&nbsp;<\/div>\n<div><\/div>\n<div><\/div>\n<div><\/div>\n<div class=\"visual__image image-full-width\" style=\"text-align: center;\"><img loading=\"lazy\" decoding=\"async\" class=\"size-full wp-image-13458 aligncenter\" src=\"https:\/\/www.bienaldelchaco.org\/2024\/wp-content\/uploads\/2024\/07\/B3QX4T46YJFOHNDXCFEL3VN3XU.jpg\" alt=\"\" width=\"750\" height=\"563\" srcset=\"https:\/\/www.bienaldelchaco.org\/2024\/wp-content\/uploads\/2024\/07\/B3QX4T46YJFOHNDXCFEL3VN3XU.jpg 750w, https:\/\/www.bienaldelchaco.org\/2024\/wp-content\/uploads\/2024\/07\/B3QX4T46YJFOHNDXCFEL3VN3XU-300x225.jpg 300w, https:\/\/www.bienaldelchaco.org\/2024\/wp-content\/uploads\/2024\/07\/B3QX4T46YJFOHNDXCFEL3VN3XU-700x525.jpg 700w\" sizes=\"auto, (max-width: 750px) 100vw, 750px\" \/>Ultimando los detalles de las obras a horas del cierre del certamen<\/div>\n<div>&nbsp;<\/div>\n<div><\/div>\n<div><\/div>\n<div><\/div>\n<div class=\"visual__image image-full-width\" style=\"text-align: center;\"><img loading=\"lazy\" decoding=\"async\" class=\"size-full wp-image-13459 aligncenter\" src=\"https:\/\/www.bienaldelchaco.org\/2024\/wp-content\/uploads\/2024\/07\/BJVCUX7TYNAZ5M4HKX3CKY3MDU.jpg\" alt=\"\" width=\"750\" height=\"563\" srcset=\"https:\/\/www.bienaldelchaco.org\/2024\/wp-content\/uploads\/2024\/07\/BJVCUX7TYNAZ5M4HKX3CKY3MDU.jpg 750w, https:\/\/www.bienaldelchaco.org\/2024\/wp-content\/uploads\/2024\/07\/BJVCUX7TYNAZ5M4HKX3CKY3MDU-300x225.jpg 300w, https:\/\/www.bienaldelchaco.org\/2024\/wp-content\/uploads\/2024\/07\/BJVCUX7TYNAZ5M4HKX3CKY3MDU-700x525.jpg 700w\" sizes=\"auto, (max-width: 750px) 100vw, 750px\" \/>Bajo la mirada del p\u00fablico, la \u00faltima jornada de trabajo en el taller de escultura a cielo abierto<\/div>\n<div>&nbsp;<\/div>\n<div><\/div>\n<div><\/div>\n<div><\/div>\n<div class=\"visual__image image-full-width\" style=\"text-align: center;\"><img loading=\"lazy\" decoding=\"async\" class=\"size-full wp-image-13441 aligncenter\" src=\"https:\/\/www.bienaldelchaco.org\/2024\/wp-content\/uploads\/2024\/07\/S3NH4UXJ5VCWDPKOP6PDWY3Q4E.jpg\" alt=\"\" width=\"750\" height=\"563\" srcset=\"https:\/\/www.bienaldelchaco.org\/2024\/wp-content\/uploads\/2024\/07\/S3NH4UXJ5VCWDPKOP6PDWY3Q4E.jpg 750w, https:\/\/www.bienaldelchaco.org\/2024\/wp-content\/uploads\/2024\/07\/S3NH4UXJ5VCWDPKOP6PDWY3Q4E-300x225.jpg 300w, https:\/\/www.bienaldelchaco.org\/2024\/wp-content\/uploads\/2024\/07\/S3NH4UXJ5VCWDPKOP6PDWY3Q4E-700x525.jpg 700w\" sizes=\"auto, (max-width: 750px) 100vw, 750px\" \/>Una de las obras terminadas<\/div>\n<div>&nbsp;<\/div>\n<div><\/div>\n<div><\/div>\n<div><\/div>\n<div class=\"visual__image image-full-width\" style=\"text-align: center;\"><img loading=\"lazy\" decoding=\"async\" class=\"size-full wp-image-13468 aligncenter\" src=\"https:\/\/www.bienaldelchaco.org\/2024\/wp-content\/uploads\/2024\/07\/2YELYUQT75CV5NYFV367QQSGRU.jpg\" alt=\"\" width=\"750\" height=\"563\" srcset=\"https:\/\/www.bienaldelchaco.org\/2024\/wp-content\/uploads\/2024\/07\/2YELYUQT75CV5NYFV367QQSGRU.jpg 750w, https:\/\/www.bienaldelchaco.org\/2024\/wp-content\/uploads\/2024\/07\/2YELYUQT75CV5NYFV367QQSGRU-300x225.jpg 300w, https:\/\/www.bienaldelchaco.org\/2024\/wp-content\/uploads\/2024\/07\/2YELYUQT75CV5NYFV367QQSGRU-700x525.jpg 700w\" sizes=\"auto, (max-width: 750px) 100vw, 750px\" \/>Otra de las obras que aspira al Premio. Los ganadores ser\u00e1n anunciados en la tarde del s\u00e1bado 20 de julio<\/div>\n<div>&nbsp;<\/div>\n<div><\/div>\n<div><\/div>\n<div><\/div>\n<div class=\"visual__image image-full-width\" style=\"text-align: center;\"><img loading=\"lazy\" decoding=\"async\" class=\"size-full wp-image-13454 aligncenter\" src=\"https:\/\/www.bienaldelchaco.org\/2024\/wp-content\/uploads\/2024\/07\/DDMFIWZWHFFI3M3THOU34IAJ3Y.jpg\" alt=\"\" width=\"750\" height=\"333\" srcset=\"https:\/\/www.bienaldelchaco.org\/2024\/wp-content\/uploads\/2024\/07\/DDMFIWZWHFFI3M3THOU34IAJ3Y.jpg 750w, https:\/\/www.bienaldelchaco.org\/2024\/wp-content\/uploads\/2024\/07\/DDMFIWZWHFFI3M3THOU34IAJ3Y-300x133.jpg 300w, https:\/\/www.bienaldelchaco.org\/2024\/wp-content\/uploads\/2024\/07\/DDMFIWZWHFFI3M3THOU34IAJ3Y-700x311.jpg 700w\" sizes=\"auto, (max-width: 750px) 100vw, 750px\" \/>El detr\u00e1s de escena, el equipo que brinda asistencia t\u00e9cnica a los artistas<\/div>\n<div>&nbsp;<\/div>\n<div><\/div>\n<div><\/div>\n<div><\/div>\n<div class=\"visual__image image-full-width\" style=\"text-align: center;\"><img loading=\"lazy\" decoding=\"async\" class=\"size-full wp-image-13466 aligncenter\" src=\"https:\/\/www.bienaldelchaco.org\/2024\/wp-content\/uploads\/2024\/07\/5KV5EEWEBNF65ENFLVO7LW5AZE.jpg\" alt=\"\" width=\"750\" height=\"333\" srcset=\"https:\/\/www.bienaldelchaco.org\/2024\/wp-content\/uploads\/2024\/07\/5KV5EEWEBNF65ENFLVO7LW5AZE.jpg 750w, https:\/\/www.bienaldelchaco.org\/2024\/wp-content\/uploads\/2024\/07\/5KV5EEWEBNF65ENFLVO7LW5AZE-300x133.jpg 300w, https:\/\/www.bienaldelchaco.org\/2024\/wp-content\/uploads\/2024\/07\/5KV5EEWEBNF65ENFLVO7LW5AZE-700x311.jpg 700w\" sizes=\"auto, (max-width: 750px) 100vw, 750px\" \/>La Bienal atrae a una inmensa cantidad de p\u00fablico, no s\u00f3lo de Resistencia sino de otras localidades del interior del Chaco y de muchas provincias cercanas<\/div>\n<div>&nbsp;<\/div>\n<div><\/div>\n<div><\/div>\n<div><\/div>\n<div class=\"visual__image image-full-width\" style=\"text-align: center;\"><img loading=\"lazy\" decoding=\"async\" class=\"size-full wp-image-13464 aligncenter\" src=\"https:\/\/www.bienaldelchaco.org\/2024\/wp-content\/uploads\/2024\/07\/4CZHMLTRDVAXLNC3UCKXMG7J4U.jpg\" alt=\"\" width=\"750\" height=\"333\" srcset=\"https:\/\/www.bienaldelchaco.org\/2024\/wp-content\/uploads\/2024\/07\/4CZHMLTRDVAXLNC3UCKXMG7J4U.jpg 750w, https:\/\/www.bienaldelchaco.org\/2024\/wp-content\/uploads\/2024\/07\/4CZHMLTRDVAXLNC3UCKXMG7J4U-300x133.jpg 300w, https:\/\/www.bienaldelchaco.org\/2024\/wp-content\/uploads\/2024\/07\/4CZHMLTRDVAXLNC3UCKXMG7J4U-700x311.jpg 700w\" sizes=\"auto, (max-width: 750px) 100vw, 750px\" \/>Un atractivo para los ni\u00f1os: el taller de escultura en arena de Alejandro Arce<\/div>\n<div><\/div>\n<div>&nbsp;<\/div>\n<div><\/div>\n<div><\/div>\n<div class=\"visual__image image-full-width\" style=\"text-align: center;\"><img loading=\"lazy\" decoding=\"async\" class=\"size-full wp-image-13446 aligncenter\" src=\"https:\/\/www.bienaldelchaco.org\/2024\/wp-content\/uploads\/2024\/07\/JSVKHCESCBGKXM6XA3CBGL6HQA.jpg\" alt=\"\" width=\"750\" height=\"333\" srcset=\"https:\/\/www.bienaldelchaco.org\/2024\/wp-content\/uploads\/2024\/07\/JSVKHCESCBGKXM6XA3CBGL6HQA.jpg 750w, https:\/\/www.bienaldelchaco.org\/2024\/wp-content\/uploads\/2024\/07\/JSVKHCESCBGKXM6XA3CBGL6HQA-300x133.jpg 300w, https:\/\/www.bienaldelchaco.org\/2024\/wp-content\/uploads\/2024\/07\/JSVKHCESCBGKXM6XA3CBGL6HQA-700x311.jpg 700w\" sizes=\"auto, (max-width: 750px) 100vw, 750px\" \/>La fundaci\u00f3n Naturaleza Reptil estuvo presente en la Bienal para difundir el trabajo que realiza en cooperaci\u00f3n con el Departamento de Seguridad Rural de la Polic\u00eda de Chaco. Una joven serpiente constrictor, de 5 a\u00f1os y m\u00e1s de 6 metros de largo, atrajo el inter\u00e9s de ni\u00f1os y adultos<\/div>\n<div>&nbsp;<\/div>\n<div><\/div>\n<div><\/div>\n<div><\/div>\n<div class=\"visual__image image-full-width\" style=\"text-align: center;\"><img loading=\"lazy\" decoding=\"async\" class=\"size-full wp-image-13436 aligncenter\" src=\"https:\/\/www.bienaldelchaco.org\/2024\/wp-content\/uploads\/2024\/07\/XQB62MUKDFBOHKQTIVWLT4RHEU.jpg\" alt=\"\" width=\"750\" height=\"500\" srcset=\"https:\/\/www.bienaldelchaco.org\/2024\/wp-content\/uploads\/2024\/07\/XQB62MUKDFBOHKQTIVWLT4RHEU.jpg 750w, https:\/\/www.bienaldelchaco.org\/2024\/wp-content\/uploads\/2024\/07\/XQB62MUKDFBOHKQTIVWLT4RHEU-300x200.jpg 300w, https:\/\/www.bienaldelchaco.org\/2024\/wp-content\/uploads\/2024\/07\/XQB62MUKDFBOHKQTIVWLT4RHEU-391x260.jpg 391w, https:\/\/www.bienaldelchaco.org\/2024\/wp-content\/uploads\/2024\/07\/XQB62MUKDFBOHKQTIVWLT4RHEU-700x467.jpg 700w\" sizes=\"auto, (max-width: 750px) 100vw, 750px\" \/>A sala llena en el Domo, la primera noche de la Bienal se cerr\u00f3 con una presentaci\u00f3n del Tedeum de Borja, por el Coro Polif\u00f3nico de Resistencia, dirigido por Mar\u00eda Rosa Alcaraz, y el Coro Universitario de la UNNE, a cargo de Eduardo Pugliese, junto a la Orquesta Filarm\u00f3nica de Chaco<\/div>\n[\/vc_column_text][vc_empty_space][\/vc_column][\/vc_row][vc_row css_animation=&#8221;&#8221; row_type=&#8221;row&#8221; use_row_as_full_screen_section=&#8221;no&#8221; type=&#8221;full_width&#8221; angled_section=&#8221;no&#8221; text_align=&#8221;left&#8221; background_image_as_pattern=&#8221;without_pattern&#8221;][vc_column][vc_empty_space][vc_column_text]Fuente: <a href=\"https:\/\/www.infobae.com\/fotos\/2024\/07\/20\/en-fotos-obras-de-arte-en-vivo-talleres-conciertos-y-hasta-fauna-local-en-un-recorrido-por-la-bienal-de-escultura-del-chaco\/\" target=\"_blank\" rel=\"noopener\">https:\/\/www.infobae.com\/fotos\/2024\/07\/20\/en-fotos-obras-de-arte-en-vivo-talleres-conciertos-y-hasta-fauna-local-en-un-recorrido-por-la-bienal-de-escultura-del-chaco\/<\/a>[\/vc_column_text][vc_empty_space][\/vc_column][\/vc_row]\n","protected":false},"excerpt":{"rendered":"<p>El popular acontecimiento concluye este s\u00e1bado por la noche con la entrega del premio al ganador del certamen internacional. Un sinf\u00edn de actividades cutlurales de alto nivel se desarrollaron en paralelo en el predio de la Fundaci\u00f3n Urunday, organizadora del evento, junto al R\u00edo Negro,&#8230;<\/p>\n","protected":false},"author":3,"featured_media":13429,"comment_status":"closed","ping_status":"closed","sticky":false,"template":"","format":"standard","meta":{"footnotes":""},"categories":[6],"tags":[],"class_list":["post-13428","post","type-post","status-publish","format-standard","has-post-thumbnail","hentry","category-novedades"],"_links":{"self":[{"href":"https:\/\/www.bienaldelchaco.org\/2024\/wp-json\/wp\/v2\/posts\/13428","targetHints":{"allow":["GET"]}}],"collection":[{"href":"https:\/\/www.bienaldelchaco.org\/2024\/wp-json\/wp\/v2\/posts"}],"about":[{"href":"https:\/\/www.bienaldelchaco.org\/2024\/wp-json\/wp\/v2\/types\/post"}],"author":[{"embeddable":true,"href":"https:\/\/www.bienaldelchaco.org\/2024\/wp-json\/wp\/v2\/users\/3"}],"replies":[{"embeddable":true,"href":"https:\/\/www.bienaldelchaco.org\/2024\/wp-json\/wp\/v2\/comments?post=13428"}],"version-history":[{"count":7,"href":"https:\/\/www.bienaldelchaco.org\/2024\/wp-json\/wp\/v2\/posts\/13428\/revisions"}],"predecessor-version":[{"id":13827,"href":"https:\/\/www.bienaldelchaco.org\/2024\/wp-json\/wp\/v2\/posts\/13428\/revisions\/13827"}],"wp:featuredmedia":[{"embeddable":true,"href":"https:\/\/www.bienaldelchaco.org\/2024\/wp-json\/wp\/v2\/media\/13429"}],"wp:attachment":[{"href":"https:\/\/www.bienaldelchaco.org\/2024\/wp-json\/wp\/v2\/media?parent=13428"}],"wp:term":[{"taxonomy":"category","embeddable":true,"href":"https:\/\/www.bienaldelchaco.org\/2024\/wp-json\/wp\/v2\/categories?post=13428"},{"taxonomy":"post_tag","embeddable":true,"href":"https:\/\/www.bienaldelchaco.org\/2024\/wp-json\/wp\/v2\/tags?post=13428"}],"curies":[{"name":"wp","href":"https:\/\/api.w.org\/{rel}","templated":true}]}}