{"id":13867,"date":"2024-07-22T22:33:47","date_gmt":"2024-07-23T01:33:47","guid":{"rendered":"https:\/\/www.bienaldelchaco.org\/2024\/?p=13867"},"modified":"2024-07-25T12:44:30","modified_gmt":"2024-07-25T15:44:30","slug":"una-escultora-de-letonia-obtuvo-el-primer-premio-en-la-bienal-de-chaco-mientras-que-un-argentino-fue-el-elegido-por-el-publico","status":"publish","type":"post","link":"https:\/\/www.bienaldelchaco.org\/2024\/una-escultora-de-letonia-obtuvo-el-primer-premio-en-la-bienal-de-chaco-mientras-que-un-argentino-fue-el-elegido-por-el-publico\/","title":{"rendered":"Una escultora de Letonia obtuvo el primer premio en la Bienal de Chaco mientras que un argentino fue el elegido por el p\u00fablico"},"content":{"rendered":"<header class=\"article-header-wrapper\">\n<div class=\"article-header\">\n<p class=\"article-subheadline left\">La artista internacional Solveiga Vasiljeva se consagr\u00f3 con su obra \u201cTiempo\u201d. Es la primera vez que una mujer resulta ganadora. Entre los locales, Luis Bernardi acapar\u00f3 las preferencias de la gente con su escultura \u201cSimpleza\u201d. Listado de todos los premiados por categor\u00edas<\/p>\n<\/div>\n<\/header>\n<p><!--more-->[vc_row css_animation=&#8221;&#8221; row_type=&#8221;row&#8221; use_row_as_full_screen_section=&#8221;no&#8221; type=&#8221;full_width&#8221; angled_section=&#8221;no&#8221; text_align=&#8221;left&#8221; background_image_as_pattern=&#8221;without_pattern&#8221;][vc_column][vc_column_text]\n<p class=\"paragraph\" data-mrf-recirculation=\"Links inline\">La escultora<b>\u00a0Solveiga Vasiljeva<\/b>, de Letonia, se consagr\u00f3 ayer como la<b>\u00a0ganadora de la\u00a0<\/b><a href=\"https:\/\/www.infobae.com\/cultura\/2024\/07\/13\/se-inauguro-la-bienal-de-chaco-el-certamen-de-escultura-a-cielo-abierto-que-atrae-a-artistas-de-todo-el-mundo\/\" target=\"_blank\" rel=\"noopener noreferrer\" data-mrf-link=\"https:\/\/www.infobae.com\/cultura\/2024\/07\/13\/se-inauguro-la-bienal-de-chaco-el-certamen-de-escultura-a-cielo-abierto-que-atrae-a-artistas-de-todo-el-mundo\/\"><b>Bienal Internacional de Escultura del Chaco<\/b>,\u00a0<\/a>una cita obligada de la escultura mundial que se realiza cada dos a\u00f1os en Resistencia y en la edici\u00f3n 2024 cont\u00f3 con la participaci\u00f3n de 10 escultores de Argentina, Chile, Espa\u00f1a, Estados Unidos, Kosovo, Letonia, Nueva Zelanda, Per\u00fa, Ruman\u00eda y Turqu\u00eda.<\/p>\n<div class=\"news-module\" data-mrf-recirculation=\"IL_GBLs3HYWRq2RgU4Qz8MM1Q\" data-testid=\"text-html\" data-mrf-experience=\"IL_GBLs3HYWRq2RgU4Qz8MM1Q\">\n<div class=\"recommended-card__info\">\n<div class=\"recommended-card__info-button recommended-card__info-button--deportes\"><\/div>\n<\/div>\n<\/div>\n<p class=\"paragraph\" data-mrf-recirculation=\"Links inline\">El evento, organizado por la Fundaci\u00f3n Urunday y el gobierno del Chaco del\u00a0<b>13 al 20 de Julio,<\/b>\u00a0tuvo lugar en el Parque 2 de Febrero a cielo abierto y\u00a0<b>convoc\u00f3 a casi un mill\u00f3n de visitantes<\/b>. A lo largo de esos 7 d\u00edas, el p\u00fablico tambi\u00e9n tuvo un rol fundamental al elegir a uno de los ganadores. Este premio lo obtuvo el escultor argentino<b>\u00a0Luis Bernardi,<\/b>\u00a0con su obra \u201cSimpleza\u201d.<\/p>\n<div class=\"headline-wrapper\">\n<h2 class=\"header headline-class-h2\">Cada una de las obras expuestas fueron las siguientes:<\/h2>\n<\/div>\n<p class=\"paragraph\" data-mrf-recirculation=\"Links inline\">\u201cSimpleza\u201d, de<b>\u00a0Luis Bernardi<\/b> (Argentina).<\/p>\n<p class=\"paragraph\" data-mrf-recirculation=\"Links inline\">\u201cMultiplicidad\u201d, de\u00a0<b>Alejandro Mardones Guillen<\/b>\u00a0(Chile).<\/p>\n<p class=\"paragraph\" data-mrf-recirculation=\"Links inline\">\u201cHabitus, anti habitus\u201d, de\u00a0<b>Carlos Iglesias Faura<\/b> (Espa\u00f1a).<\/p>\n<p class=\"paragraph\" data-mrf-recirculation=\"Links inline\">\u201cObelisco\u201d, de\u00a0<b>Billy Lee<\/b>\u00a0(Estados Unidos).<\/p>\n<p class=\"paragraph\" data-mrf-recirculation=\"Links inline\">\u201cAbstracto figurativo\u201d, de\u00a0<b>Butrint Morina<\/b>\u00a0(Kosovo).<\/p>\n<p class=\"paragraph\" data-mrf-recirculation=\"Links inline\">\u201cTiempo\u201d, de\u00a0<b>Solveiga Vasiljeva<\/b>\u00a0(Letonia).<\/p>\n<p class=\"paragraph\" data-mrf-recirculation=\"Links inline\">\u201cMensaje\u201d, de\u00a0<b>Anna Korver<\/b>\u00a0(Nueva Zelanda).<\/p>\n<p class=\"paragraph\" data-mrf-recirculation=\"Links inline\">\u201cRitmo c\u00f3smico\u201d, de\u00a0<b>Percy Ra\u00fal Zorrilla Soto<\/b>\u00a0(Per\u00fa).<\/p>\n<p class=\"paragraph\" data-mrf-recirculation=\"Links inline\">\u201cReflejo de Luna\u201d, de\u00a0<b>Bogdan Adrian Lefter<\/b>\u00a0(Rumania).<\/p>\n<p class=\"paragraph\" data-mrf-recirculation=\"Links inline\">\u201cEscapar\u201d, de\u00a0<b>Emrah Onal<\/b>\u00a0(Turqu\u00eda).<\/p>\n<div class=\"headline-wrapper\">\n<h2 class=\"header headline-class-h2\">Todos los premiados:<\/h2>\n<\/div>\n<p class=\"paragraph\" data-mrf-recirculation=\"Links inline\"><b>Primer puesto<\/b>: \u201cTiempo\u201d, de Solveiga Vasiljeva (Letonia).<\/p>\n<p class=\"paragraph\" data-mrf-recirculation=\"Links inline\"><b>Segundo puesto<\/b>: \u201cMultiplicidad\u201d, de Alejandro Mardones Guillen (Chile).<\/p>\n<p class=\"paragraph\" data-mrf-recirculation=\"Links inline\"><b>Tercer puesto<\/b>: \u201cHabitus, anti habitus\u201d, de Carlos Iglesias Faura (Espa\u00f1a).<\/p>\n<p class=\"paragraph\" data-mrf-recirculation=\"Links inline\"><b>Premio de los Ni\u00f1os<\/b>: \u201cSimpleza\u201d, de Luis Bernardi (Argentina).<\/p>\n<p class=\"paragraph\" data-mrf-recirculation=\"Links inline\"><b>Premio del P\u00fablico<\/b>: \u201cSimpleza\u201d, de Luis Bernardi (Argentina).<\/p>\n<div class=\"visual__image\" style=\"text-align: center;\"><img loading=\"lazy\" decoding=\"async\" class=\"size-full wp-image-13871 aligncenter\" src=\"https:\/\/www.bienaldelchaco.org\/2024\/wp-content\/uploads\/2024\/07\/SCYDUFRHDJCUDO5ABQOBYA7LPI.jpg\" alt=\"\" width=\"992\" height=\"441\" srcset=\"https:\/\/www.bienaldelchaco.org\/2024\/wp-content\/uploads\/2024\/07\/SCYDUFRHDJCUDO5ABQOBYA7LPI.jpg 992w, https:\/\/www.bienaldelchaco.org\/2024\/wp-content\/uploads\/2024\/07\/SCYDUFRHDJCUDO5ABQOBYA7LPI-300x133.jpg 300w, https:\/\/www.bienaldelchaco.org\/2024\/wp-content\/uploads\/2024\/07\/SCYDUFRHDJCUDO5ABQOBYA7LPI-768x341.jpg 768w, https:\/\/www.bienaldelchaco.org\/2024\/wp-content\/uploads\/2024\/07\/SCYDUFRHDJCUDO5ABQOBYA7LPI-700x311.jpg 700w\" sizes=\"auto, (max-width: 992px) 100vw, 992px\" \/>La ganadora junto los escultores que ganaron el segundo y tercer puesto. Ellos son Alejandro Mardones, de Chile; y Carlos Iglesias Faura, de Espa\u00f1a<\/div>\n<p class=\"paragraph\" data-mrf-recirculation=\"Links inline\"><b>Premio de los<\/b>\u00a0<b>Escultores<\/b>, \u201cEfra\u00edn Boglietti\u201d: \u201cTiempo\u201d, de Solveiga Vasiljeva (Letonia).<\/p>\n<p class=\"paragraph\" data-mrf-recirculation=\"Links inline\"><b>Menci\u00f3n\u00a0<\/b>\u201c<b>Miguel \u00c1ngel Fern\u00e1ndez<\/b>\u201d: \u201cAbstracto figurativo\u201d, de Butrint Morina (Kosovo).<\/p>\n<p class=\"paragraph\" data-mrf-recirculation=\"Links inline\"><b>Menci\u00f3n de l<\/b>a\u00a0<b>Universidad Nacional del Nordeste<\/b>: \u201cObelisco\u201d, de Billy Lee (Estados Unidos).<\/p>\n<p class=\"paragraph\" data-mrf-recirculation=\"Links inline\"><b>Premio de la<\/b>\u00a0<b>Federaci\u00f3n Empresaria Hotelera Gastron\u00f3mica de la Rep\u00fablica Argentina (Fehgra)<\/b>: \u201cReflejo de Luna\u201d, de Bogdan Adrian Lefter (Rumania).<\/p>\n<p class=\"paragraph\" data-mrf-recirculation=\"Links inline\"><b>Menci\u00f3n\u00a0<\/b>\u201c<b>Senador Antonio Rodas<\/b>\u201d: \u201cRitmo c\u00f3smico\u201d, de Percy Ra\u00fal Zorrilla Soto (Per\u00fa).<\/p>\n<p class=\"paragraph\" data-mrf-recirculation=\"Links inline\"><b>Menci\u00f3n<\/b>\u00a0\u201c<b>FEMECHACO<\/b>\u201d: \u201cMensaje\u201d, de Anna Korver (Nueva Zelanda).<\/p>\n<p class=\"paragraph\" data-mrf-recirculation=\"Links inline\"><b>Menci\u00f3n<\/b>\u00a0\u201c<b>Aeropuertos Argentina<\/b>\u201d: \u201cSimpleza\u201d, de Luis Bernardi (Argentina).<\/p>\n<p data-mrf-recirculation=\"Links inline\"><b>Menci\u00f3n<\/b>\u00a0\u201c<b>Asociaci\u00f3n Argentina de Marketing<\/b>\u201d: \u201cEscape\u201d, de Emrah \u00d6nal (Turqu\u00eda).<\/p>\n<div class=\"visual__image\" style=\"text-align: center;\"><img loading=\"lazy\" decoding=\"async\" class=\"size-full wp-image-13868 aligncenter\" src=\"https:\/\/www.bienaldelchaco.org\/2024\/wp-content\/uploads\/2024\/07\/4MJKPFY6ABCXJLKBBMYT5BW6E4.jpg\" alt=\"\" width=\"992\" height=\"744\" srcset=\"https:\/\/www.bienaldelchaco.org\/2024\/wp-content\/uploads\/2024\/07\/4MJKPFY6ABCXJLKBBMYT5BW6E4.jpg 992w, https:\/\/www.bienaldelchaco.org\/2024\/wp-content\/uploads\/2024\/07\/4MJKPFY6ABCXJLKBBMYT5BW6E4-300x225.jpg 300w, https:\/\/www.bienaldelchaco.org\/2024\/wp-content\/uploads\/2024\/07\/4MJKPFY6ABCXJLKBBMYT5BW6E4-768x576.jpg 768w, https:\/\/www.bienaldelchaco.org\/2024\/wp-content\/uploads\/2024\/07\/4MJKPFY6ABCXJLKBBMYT5BW6E4-800x600.jpg 800w, https:\/\/www.bienaldelchaco.org\/2024\/wp-content\/uploads\/2024\/07\/4MJKPFY6ABCXJLKBBMYT5BW6E4-700x525.jpg 700w\" sizes=\"auto, (max-width: 992px) 100vw, 992px\" \/>La edici\u00f3n de este a\u00f1o cont\u00f3 con la participaci\u00f3n de 10 escultores de Argentina, Chile, Espa\u00f1a, Estados Unidos, Kosovo, Letonia, Nueva Zelanda, Per\u00fa, Ruman\u00eda y Turqu\u00eda.<\/div>\n<p class=\"paragraph\" data-mrf-recirculation=\"Links inline\">El jurado estuvo conformado por los escultores\u00a0<b>Carlos Monge,<\/b>\u00a0de M\u00e9xico;\u00a0<b>Piotr Twardowski,<\/b>\u00a0de Polonia; y el escultor venezolano\u00a0<b>Ram\u00f3n Morales Rossi.<\/b><\/p>\n<p class=\"paragraph\" data-mrf-recirculation=\"Links inline\">En siete d\u00edas de concurso hubo mucha concentraci\u00f3n, trabajo en equipo, solidaridad entre participantes, momentos de emoci\u00f3n y capacitaci\u00f3n.<\/p>\n<p class=\"paragraph\" data-mrf-recirculation=\"Links inline\">Tal vez\u00a0<b>el mejor \u201cpremio\u201d\u00a0<\/b>que se llevaron los escultores fue\u00a0<a href=\"https:\/\/www.infobae.com\/cultura\/2024\/07\/18\/la-sorpresa-de-los-escultores-extranjeros-en-la-bienal-del-chaco-nunca-vi-esto-en-otra-parte-del-mundo\/\" target=\"_blank\" rel=\"noopener noreferrer\" data-mrf-link=\"https:\/\/www.infobae.com\/cultura\/2024\/07\/18\/la-sorpresa-de-los-escultores-extranjeros-en-la-bienal-del-chaco-nunca-vi-esto-en-otra-parte-del-mundo\/\">la experiencia de\u00a0<b>trabajar frente a la gente e interactuar con un p\u00fablico<\/b>\u00a0formado, que se siente parte del patrimonio cultural\u00a0<\/a>de su ciudad.<\/p>\n<p class=\"paragraph\" data-mrf-recirculation=\"Links inline\">Luego de la entrega de medallas por la participaci\u00f3n a todos los escultores internacionales, se transmiti\u00f3 un\u00a0<b>video creado por el equipo de \u201cFotogram\u201d, acompa\u00f1ado por la m\u00fasica original de Alejandro Acosta,\u00a0<\/b>el compositor oficial de la Bienal del Chaco.<\/p>\n<p class=\"paragraph\" data-mrf-recirculation=\"Links inline\">En vivo, junto a su hijo Luis, Alejandro llev\u00f3 al p\u00fablico de la mano a trav\u00e9s de las im\u00e1genes de los momentos m\u00e1s especiales vividos en esta Bienal.<\/p>\n<div class=\"visual__image\" style=\"text-align: center;\"><img loading=\"lazy\" decoding=\"async\" class=\"size-full wp-image-13872 aligncenter\" src=\"https:\/\/www.bienaldelchaco.org\/2024\/wp-content\/uploads\/2024\/07\/ZFL6PHI66VA37AONQE2XBU75NE.jpg\" alt=\"\" width=\"992\" height=\"661\" srcset=\"https:\/\/www.bienaldelchaco.org\/2024\/wp-content\/uploads\/2024\/07\/ZFL6PHI66VA37AONQE2XBU75NE.jpg 992w, https:\/\/www.bienaldelchaco.org\/2024\/wp-content\/uploads\/2024\/07\/ZFL6PHI66VA37AONQE2XBU75NE-300x200.jpg 300w, https:\/\/www.bienaldelchaco.org\/2024\/wp-content\/uploads\/2024\/07\/ZFL6PHI66VA37AONQE2XBU75NE-768x512.jpg 768w, https:\/\/www.bienaldelchaco.org\/2024\/wp-content\/uploads\/2024\/07\/ZFL6PHI66VA37AONQE2XBU75NE-391x260.jpg 391w, https:\/\/www.bienaldelchaco.org\/2024\/wp-content\/uploads\/2024\/07\/ZFL6PHI66VA37AONQE2XBU75NE-700x466.jpg 700w\" sizes=\"auto, (max-width: 992px) 100vw, 992px\" \/>El p\u00fablico tambi\u00e9n juego un papel fundamental ya que eligi\u00f3 a uno de los ganadores. El premio de la gente se lo llev\u00f3 el argentino Luis Bernardi<\/div>\n<p class=\"paragraph\" data-mrf-recirculation=\"Links inline\">Luego, el Presidente del Instituto del Cultura del Chaco \u2013Mario Zorrilla- hizo entrega a la Fundaci\u00f3n Urunday, de la declaraci\u00f3n de inter\u00e9s cultural para la Bienal del Chaco 2026 \u201cRESISTENCIA, LA CIUDAD DE LAS ESCULTURAS\u201d bajo la Resoluci\u00f3n 1037.<\/p>\n<div class=\"headline-wrapper\">\n<h2><\/h2>\n<h2 class=\"header headline-class-h2\">Otras expresiones culturales, art\u00edsticas y de entretenimiento<\/h2>\n<\/div>\n<p class=\"paragraph\" data-mrf-recirculation=\"Links inline\">En torno al eje central de la Bienal que es la escultura, se desarrollaron una gran cantidad de propuestas y actividades [<a href=\"https:\/\/www.infobae.com\/fotos\/2024\/07\/20\/en-fotos-obras-de-arte-en-vivo-talleres-conciertos-y-hasta-fauna-local-en-un-recorrido-por-la-bienal-de-escultura-del-chaco\/\" target=\"_blank\" rel=\"noopener noreferrer\" data-mrf-link=\"https:\/\/www.infobae.com\/fotos\/2024\/07\/20\/en-fotos-obras-de-arte-en-vivo-talleres-conciertos-y-hasta-fauna-local-en-un-recorrido-por-la-bienal-de-escultura-del-chaco\/\">en esta\u00a0<b>galer\u00eda de fotos\u00a0<\/b>puede apreciarse un\u00a0<b>panorama de la variada oferta cultural<\/b>\u00a0<\/a>de la Bienal]. La \u201c<b>dimensi\u00f3n artesan\u00eda\u201d<\/b>\u00a0convoc\u00f3 alrededor de 360 hacedores; la\u00a0<b>\u201cdimensi\u00f3n acad\u00e9mica<\/b>\u201d, a las miradas te\u00f3ricas y de debate sobre el arte contempor\u00e1neo; la\u00a0<b>\u201cdimensi\u00f3n esc\u00e9nica\u201d,<\/b>\u00a0con\u00a0<b>espect\u00e1culos de teatro, danza y m\u00fasica<\/b>\u00a0cada noche en los diferentes escenarios montados en el predio; y la \u201cdimensi\u00f3n musical\u201d con el Festival Filarm\u00f3nico Juvenil.<\/p>\n<p class=\"paragraph\" data-mrf-recirculation=\"Links inline\">Este \u00faltimo acontecimiento, que va por su 5a edici\u00f3n, fue como lo definieron los organizadores, \u201cuna joya de quilates\u201d. Consisti\u00f3 en una semana de\u00a0<b>formaci\u00f3n intensiva para m\u00fasicos y un ciclo de conciertos p\u00fablicos\u00a0<\/b>con la participaci\u00f3n de 120 j\u00f3venes del pa\u00eds junto a destacados m\u00fasicos, profesores y directores de Argentina y diferentes partes del mundo. Fue organizado por la Fundaci\u00f3n Pradier &#8211; Redes Culturales.<\/p>\n[\/vc_column_text][vc_empty_space][\/vc_column][\/vc_row][vc_row css_animation=&#8221;&#8221; row_type=&#8221;row&#8221; use_row_as_full_screen_section=&#8221;no&#8221; type=&#8221;full_width&#8221; angled_section=&#8221;no&#8221; text_align=&#8221;left&#8221; background_image_as_pattern=&#8221;without_pattern&#8221;][vc_column][vc_empty_space][vc_column_text]Fuente: <a href=\"https:\/\/www.infobae.com\/cultura\/2024\/07\/21\/una-escultora-de-letonia-obtuvo-el-primer-premio-en-la-bienal-de-chaco-mientras-que-un-argentino-fue-el-elegido-por-el-publico\/\" target=\"_blank\" rel=\"noopener\">https:\/\/www.infobae.com\/cultura\/2024\/07\/21\/una-escultora-de-letonia-obtuvo-el-primer-premio-en-la-bienal-de-chaco-mientras-que-un-argentino-fue-el-elegido-por-el-publico\/<\/a>[\/vc_column_text][vc_empty_space][\/vc_column][\/vc_row]\n","protected":false},"excerpt":{"rendered":"<p>La artista internacional Solveiga Vasiljeva se consagr\u00f3 con su obra \u201cTiempo\u201d. Es la primera vez que una mujer resulta ganadora. Entre los locales, Luis Bernardi acapar\u00f3 las preferencias de la gente con su escultura \u201cSimpleza\u201d. Listado de todos los premiados por categor\u00edas<\/p>\n","protected":false},"author":3,"featured_media":13870,"comment_status":"closed","ping_status":"closed","sticky":false,"template":"","format":"standard","meta":{"footnotes":""},"categories":[6],"tags":[],"class_list":["post-13867","post","type-post","status-publish","format-standard","has-post-thumbnail","hentry","category-novedades"],"_links":{"self":[{"href":"https:\/\/www.bienaldelchaco.org\/2024\/wp-json\/wp\/v2\/posts\/13867","targetHints":{"allow":["GET"]}}],"collection":[{"href":"https:\/\/www.bienaldelchaco.org\/2024\/wp-json\/wp\/v2\/posts"}],"about":[{"href":"https:\/\/www.bienaldelchaco.org\/2024\/wp-json\/wp\/v2\/types\/post"}],"author":[{"embeddable":true,"href":"https:\/\/www.bienaldelchaco.org\/2024\/wp-json\/wp\/v2\/users\/3"}],"replies":[{"embeddable":true,"href":"https:\/\/www.bienaldelchaco.org\/2024\/wp-json\/wp\/v2\/comments?post=13867"}],"version-history":[{"count":1,"href":"https:\/\/www.bienaldelchaco.org\/2024\/wp-json\/wp\/v2\/posts\/13867\/revisions"}],"predecessor-version":[{"id":13873,"href":"https:\/\/www.bienaldelchaco.org\/2024\/wp-json\/wp\/v2\/posts\/13867\/revisions\/13873"}],"wp:featuredmedia":[{"embeddable":true,"href":"https:\/\/www.bienaldelchaco.org\/2024\/wp-json\/wp\/v2\/media\/13870"}],"wp:attachment":[{"href":"https:\/\/www.bienaldelchaco.org\/2024\/wp-json\/wp\/v2\/media?parent=13867"}],"wp:term":[{"taxonomy":"category","embeddable":true,"href":"https:\/\/www.bienaldelchaco.org\/2024\/wp-json\/wp\/v2\/categories?post=13867"},{"taxonomy":"post_tag","embeddable":true,"href":"https:\/\/www.bienaldelchaco.org\/2024\/wp-json\/wp\/v2\/tags?post=13867"}],"curies":[{"name":"wp","href":"https:\/\/api.w.org\/{rel}","templated":true}]}}