{"id":1533,"date":"2014-06-05T16:27:31","date_gmt":"2014-06-05T16:27:31","guid":{"rendered":"http:\/\/www.bienaldelchaco.com\/?p=1533"},"modified":"2014-06-20T16:35:43","modified_gmt":"2014-06-20T16:35:43","slug":"presentaron-en-buenos-aires-la-bienal-internacional-de-esculturas-2014","status":"publish","type":"post","link":"https:\/\/www.bienaldelchaco.org\/2024\/presentaron-en-buenos-aires-la-bienal-internacional-de-esculturas-2014\/","title":{"rendered":"Presentaron en Buenos Aires la Bienal Internacional de Esculturas 2014"},"content":{"rendered":"<p>La Fundaci\u00f3n Urunday y el Instituto de Turismo del Chaco, con el acompa\u00f1amiento del Ministerio de Turismo de la Naci\u00f3n presentaron en la Ciudad de Buenos Aires la Bienal de Escultura 2014, en una ceremonia que se llev\u00f3 a cabo en el Alvear Art Hotel.<!--more--><\/p>\n<p>Bajo el lema &#8220;La Experiencia Arte a Cielo Abierto&#8221; &#8211; Bienal 2014 &#8220;Homonovus&#8221;, se llev\u00f3 a cabo la presentaci\u00f3n del certamen art\u00edstico que se realizar\u00e1 del 12 al 19 de julio en la ciudad de Resistencia.<\/p>\n<p>Cabe destacar que la presentaci\u00f3n formal de la Bienal 2014 se realiz\u00f3 en el marco del programa Aerol\u00edneas Vacaciones de Aerol\u00edneas Argentinas. La actividad cont\u00f3 con la presencia del presidente de la Fundaci\u00f3n Urunday, Fabriciano, autoridades de la cartera tur\u00edstica chaque\u00f1a y nacional y de diferentes provincias, de la compa\u00f1\u00eda Aerol\u00edneas Argentinas, del Consejo Federal de Turismo, prestadores tur\u00edsticos nacionales e internacionales y prensa especializada.<\/p>\n<p>En la oportunidad, los presentes disfrutaron en vivo del trabajo de Fabriciano que mostr\u00f3 su arte, a trav\u00e9s de la realizaci\u00f3n de una obra. En el cierre del encuentro los invitados degustaron platos de la gastronom\u00eda t\u00edpica del Chaco (locro, pesca del d\u00eda, chip\u00e1 guaz\u00fa, zapallos en alm\u00edbar, polenta grillada) acompa\u00f1ada de la m\u00fasica de Tonolec.<\/p>\n[pexyoutube pex_attr_src=&#8221;https:\/\/www.youtube.com\/watch?v=GZXB0oe4W8o&#8221; pex_attr_width=&#8221;500&#8243;][\/pexyoutube]\n","protected":false},"excerpt":{"rendered":"<p>La Fundaci\u00f3n Urunday y el Instituto de Turismo del Chaco, con el acompa\u00f1amiento del Ministerio de Turismo de la Naci\u00f3n presentaron en la Ciudad de Buenos Aires la Bienal de Escultura 2014, en una ceremonia que se llev\u00f3 a cabo en el Alvear Art Hotel.<\/p>\n","protected":false},"author":2,"featured_media":0,"comment_status":"closed","ping_status":"open","sticky":false,"template":"","format":"standard","meta":{"footnotes":""},"categories":[1],"tags":[],"class_list":["post-1533","post","type-post","status-publish","format-standard","hentry","category-sin-categoria"],"_links":{"self":[{"href":"https:\/\/www.bienaldelchaco.org\/2024\/wp-json\/wp\/v2\/posts\/1533","targetHints":{"allow":["GET"]}}],"collection":[{"href":"https:\/\/www.bienaldelchaco.org\/2024\/wp-json\/wp\/v2\/posts"}],"about":[{"href":"https:\/\/www.bienaldelchaco.org\/2024\/wp-json\/wp\/v2\/types\/post"}],"author":[{"embeddable":true,"href":"https:\/\/www.bienaldelchaco.org\/2024\/wp-json\/wp\/v2\/users\/2"}],"replies":[{"embeddable":true,"href":"https:\/\/www.bienaldelchaco.org\/2024\/wp-json\/wp\/v2\/comments?post=1533"}],"version-history":[{"count":2,"href":"https:\/\/www.bienaldelchaco.org\/2024\/wp-json\/wp\/v2\/posts\/1533\/revisions"}],"predecessor-version":[{"id":1538,"href":"https:\/\/www.bienaldelchaco.org\/2024\/wp-json\/wp\/v2\/posts\/1533\/revisions\/1538"}],"wp:attachment":[{"href":"https:\/\/www.bienaldelchaco.org\/2024\/wp-json\/wp\/v2\/media?parent=1533"}],"wp:term":[{"taxonomy":"category","embeddable":true,"href":"https:\/\/www.bienaldelchaco.org\/2024\/wp-json\/wp\/v2\/categories?post=1533"},{"taxonomy":"post_tag","embeddable":true,"href":"https:\/\/www.bienaldelchaco.org\/2024\/wp-json\/wp\/v2\/tags?post=1533"}],"curies":[{"name":"wp","href":"https:\/\/api.w.org\/{rel}","templated":true}]}}