{"id":1622,"date":"2014-07-05T15:08:06","date_gmt":"2014-07-05T15:08:06","guid":{"rendered":"http:\/\/www.bienaldelchaco.com\/?p=1622"},"modified":"2014-07-05T15:28:23","modified_gmt":"2014-07-05T15:28:23","slug":"juan-chaquires-presidente-de-ecom-chaco-es-una-satisfaccion-que-ecom-vuelva-a-ser-un-socio-estrategico-de-la-bienal","status":"publish","type":"post","link":"https:\/\/www.bienaldelchaco.org\/2024\/juan-chaquires-presidente-de-ecom-chaco-es-una-satisfaccion-que-ecom-vuelva-a-ser-un-socio-estrategico-de-la-bienal\/","title":{"rendered":"Juan Chaquires, presidente de ECOM Chaco: \u201cEs una satisfacci\u00f3n que Ecom vuelva a ser un socio estrat\u00e9gico de la Bienal\u201d"},"content":{"rendered":"<p>El presidente de ECOM Chaco, Juan Chaquires, se mostr\u00f3 satisfecho de que la empresa inform\u00e1tica de capitales mixtos vuelva a ser socia estrat\u00e9gica de la Fundaci\u00f3n Urunday en la Bienal Internacional de Escultura 2014. Destac\u00f3 la gran cantidad de servicios que pondr\u00e1 la firma a disposici\u00f3n del evento.<!--more--><\/p>\n[pexyoutube pex_attr_src=&#8221;https:\/\/www.youtube.com\/watch?v=BPHj963Q3zg&#8221; pex_attr_width=&#8221;500&#8243;][\/pexyoutube]\n<blockquote><p>\u201cEs una satisfacci\u00f3n que en esta nueva versi\u00f3n de la Bienal de Escultura, Ecom otra vez est\u00e9 figurando como socio estrat\u00e9gico de la muestra\u201d, valor\u00f3 Chaquires. El funcionario adelant\u00f3 que la firma colaborar\u00e1 con lo que es la seguridad de todo el predio con c\u00e1maras que estar\u00e1n \u201cpermanentemente al servicio de la organizaci\u00f3n\u201d.<\/p><\/blockquote>\n<blockquote><p>\u201cTambi\u00e9n vamos a tener una cantidad importante de computadoras para que los escultores y todos los participantes est\u00e9n permanentemente conectados con sus lugares de origen\u201d, a\u00f1adi\u00f3 Chaquire y agreg\u00f3 que adem\u00e1s los periodistas tambi\u00e9n contar\u00e1n con la tecnolog\u00eda para informar de manera instant\u00e1nea lo que ocurra durante el evento.<\/p><\/blockquote>\n<p>Asimismo, resalt\u00f3 que el Domo del Centenario y el MusEUM ser\u00e1 una zona donde se brindar\u00e1 Wi  Fi gratuito. <\/p>\n<blockquote><p>\u201cAdem\u00e1s a trav\u00e9s del canal Chaco TV vamos a estar permanentemente conectados, haciendo entrevistas, visitando el trabajo de cada uno de los escultores\u201d, destac\u00f3. \u201cPor otra parte, vamos a tener un stand donde mostraremos todo lo que hace Ecom, todo lo que es la colaboraci\u00f3n que permanentemente se realiza con esta muestra que enorgullece al Chaco\u201d, remarc\u00f3.<\/p><\/blockquote>\n","protected":false},"excerpt":{"rendered":"<p>El presidente de ECOM Chaco, Juan Chaquires, se mostr\u00f3 satisfecho de que la empresa inform\u00e1tica de capitales mixtos vuelva a ser socia estrat\u00e9gica de la Fundaci\u00f3n Urunday en la Bienal Internacional de Escultura 2014. Destac\u00f3 la gran cantidad de servicios que pondr\u00e1 la firma a&#8230;<\/p>\n","protected":false},"author":2,"featured_media":1638,"comment_status":"closed","ping_status":"open","sticky":false,"template":"","format":"standard","meta":{"footnotes":""},"categories":[6],"tags":[],"class_list":["post-1622","post","type-post","status-publish","format-standard","has-post-thumbnail","hentry","category-novedades"],"_links":{"self":[{"href":"https:\/\/www.bienaldelchaco.org\/2024\/wp-json\/wp\/v2\/posts\/1622","targetHints":{"allow":["GET"]}}],"collection":[{"href":"https:\/\/www.bienaldelchaco.org\/2024\/wp-json\/wp\/v2\/posts"}],"about":[{"href":"https:\/\/www.bienaldelchaco.org\/2024\/wp-json\/wp\/v2\/types\/post"}],"author":[{"embeddable":true,"href":"https:\/\/www.bienaldelchaco.org\/2024\/wp-json\/wp\/v2\/users\/2"}],"replies":[{"embeddable":true,"href":"https:\/\/www.bienaldelchaco.org\/2024\/wp-json\/wp\/v2\/comments?post=1622"}],"version-history":[{"count":2,"href":"https:\/\/www.bienaldelchaco.org\/2024\/wp-json\/wp\/v2\/posts\/1622\/revisions"}],"predecessor-version":[{"id":1632,"href":"https:\/\/www.bienaldelchaco.org\/2024\/wp-json\/wp\/v2\/posts\/1622\/revisions\/1632"}],"wp:featuredmedia":[{"embeddable":true,"href":"https:\/\/www.bienaldelchaco.org\/2024\/wp-json\/wp\/v2\/media\/1638"}],"wp:attachment":[{"href":"https:\/\/www.bienaldelchaco.org\/2024\/wp-json\/wp\/v2\/media?parent=1622"}],"wp:term":[{"taxonomy":"category","embeddable":true,"href":"https:\/\/www.bienaldelchaco.org\/2024\/wp-json\/wp\/v2\/categories?post=1622"},{"taxonomy":"post_tag","embeddable":true,"href":"https:\/\/www.bienaldelchaco.org\/2024\/wp-json\/wp\/v2\/tags?post=1622"}],"curies":[{"name":"wp","href":"https:\/\/api.w.org\/{rel}","templated":true}]}}