{"id":1697,"date":"2014-07-15T10:46:49","date_gmt":"2014-07-15T10:46:49","guid":{"rendered":"http:\/\/www.bienaldelchaco.com\/?p=1697"},"modified":"2015-01-09T10:53:06","modified_gmt":"2015-01-09T10:53:06","slug":"el-ballet-folclorico-nacional-presenta-emocionarte-este-miercoles-16-en-el-domo-del-centenario","status":"publish","type":"post","link":"https:\/\/www.bienaldelchaco.org\/2024\/el-ballet-folclorico-nacional-presenta-emocionarte-este-miercoles-16-en-el-domo-del-centenario\/","title":{"rendered":"El Ballet Folcl\u00f3rico Nacional presenta \u201cEmocionArte\u201d este mi\u00e9rcoles 16 en el Domo del Centenario."},"content":{"rendered":"<p>El Ballet Folkl\u00f3rico Nacional presentar\u00e1 su espect\u00e1culo \u201cEmoci\u00f3nArte\u201d este mi\u00e9rcoles 16, en el Domo del Centenario de Resistencia, con entrada libre y gratuita. Es en el marco de la Bienal Internacional de Escultura 2014.<!--more--><\/p>\n<p>Con la direcci\u00f3n de Omar Fiordelmondo, el programa comenzar\u00e1 con \u201cAmanecer Salte\u00f1o\u201d, con la coreograf\u00eda realizada sobre una idea de Santiago Ayala y Norma Viola. Continuar\u00e1 con \u201cMercedes&#8230;mujer, voz y pueblo\u201d, de Candelaria Torres, con letra de Atahualpa Yupanqui y m\u00fasica de Pedro Aznar.<\/p>\n<p>Seguir\u00e1 con \u201cEn el Monte Santiague\u00f1o\u201d, de Santiago Ayala y Norma Viola; \u201cLa voz del viento\u201d, de Jimena\u00a0 Visetti Herrera y Rodrigo Colomba; \u00a0\u201cSala de Museo\u201d, sobre una idea de Santiago Ayala; \u00a0\u201cMozart en domingo\u201d, de Ana Mar\u00eda Stekelman; \u201cLa Cita\u201d, de Ariel Ramirez y Andr\u00e9s Chazarreta; \u201cTangos\u201d, de Leonardo Cuello ; \u201cPeric\u00f3n Nacional de Argentina\u201d, con m\u00fasica de Antonio Podest\u00e1 y concluir\u00e1 con \u201cMalambo\u201d, con m\u00fasica de Oscar Cardozo Ocampo y coreograf\u00eda de Norma Viola y Santiago Ayala.<\/p>\n","protected":false},"excerpt":{"rendered":"<p>El Ballet Folkl\u00f3rico Nacional presentar\u00e1 su espect\u00e1culo \u201cEmoci\u00f3nArte\u201d este mi\u00e9rcoles 16, en el Domo del Centenario de Resistencia, con entrada libre y gratuita. Es en el marco de la Bienal Internacional de Escultura 2014.<\/p>\n","protected":false},"author":2,"featured_media":0,"comment_status":"closed","ping_status":"closed","sticky":false,"template":"","format":"standard","meta":{"footnotes":""},"categories":[6],"tags":[],"class_list":["post-1697","post","type-post","status-publish","format-standard","hentry","category-novedades"],"_links":{"self":[{"href":"https:\/\/www.bienaldelchaco.org\/2024\/wp-json\/wp\/v2\/posts\/1697","targetHints":{"allow":["GET"]}}],"collection":[{"href":"https:\/\/www.bienaldelchaco.org\/2024\/wp-json\/wp\/v2\/posts"}],"about":[{"href":"https:\/\/www.bienaldelchaco.org\/2024\/wp-json\/wp\/v2\/types\/post"}],"author":[{"embeddable":true,"href":"https:\/\/www.bienaldelchaco.org\/2024\/wp-json\/wp\/v2\/users\/2"}],"replies":[{"embeddable":true,"href":"https:\/\/www.bienaldelchaco.org\/2024\/wp-json\/wp\/v2\/comments?post=1697"}],"version-history":[{"count":3,"href":"https:\/\/www.bienaldelchaco.org\/2024\/wp-json\/wp\/v2\/posts\/1697\/revisions"}],"predecessor-version":[{"id":1719,"href":"https:\/\/www.bienaldelchaco.org\/2024\/wp-json\/wp\/v2\/posts\/1697\/revisions\/1719"}],"wp:attachment":[{"href":"https:\/\/www.bienaldelchaco.org\/2024\/wp-json\/wp\/v2\/media?parent=1697"}],"wp:term":[{"taxonomy":"category","embeddable":true,"href":"https:\/\/www.bienaldelchaco.org\/2024\/wp-json\/wp\/v2\/categories?post=1697"},{"taxonomy":"post_tag","embeddable":true,"href":"https:\/\/www.bienaldelchaco.org\/2024\/wp-json\/wp\/v2\/tags?post=1697"}],"curies":[{"name":"wp","href":"https:\/\/api.w.org\/{rel}","templated":true}]}}