{"id":1786,"date":"2014-07-16T03:44:31","date_gmt":"2014-07-16T03:44:31","guid":{"rendered":"http:\/\/www.bienaldelchaco.com\/?p=1786"},"modified":"2015-01-09T10:52:49","modified_gmt":"2015-01-09T10:52:49","slug":"integracion-regional-una-nutrida-comitiva-de-artistas-y-funcionarios-de-brasil-recorrio-la-bienal","status":"publish","type":"post","link":"https:\/\/www.bienaldelchaco.org\/2024\/integracion-regional-una-nutrida-comitiva-de-artistas-y-funcionarios-de-brasil-recorrio-la-bienal\/","title":{"rendered":"Integraci\u00f3n regional Una nutrida comitiva de artistas y funcionarios de Brasil recorri\u00f3 la Bienal"},"content":{"rendered":"<p>Una comitiva de 42 brasile\u00f1os, entre artistas pl\u00e1sticos, escultores y funcionarios de comunas del pa\u00eds vecino, arribaron a Resistencia con la intenci\u00f3n de visitar la Bienal Internacional de Escultura a la que catalogaron del \u201cmayor evento cultural de Latinoam\u00e9rica\u201d. \u201cVenimos para demostrar que nuestras diferencias en el f\u00fatbol no nos va a separar\u201d, remarcaron.<!--more--><\/p>\n<p>Jorge Morelo, c\u00f3nsul de Brasil, explic\u00f3 que este grupo de visitantes lleg\u00f3 a la \u201cpara compartir y disfrutar el desarrollo de esta Bienal que ha tenido una trascendencia internacional\u201d. \u201cEllos se sienten tremendamente a gusto y adem\u00e1s se van con toda la esperanza de hacer algo parecido a esto en Brasil\u201d, afirm\u00f3.  <\/p>\n<p>\u201cEs una comitiva de 42 brasile\u00f1os que est\u00e1n hace varios en Resistencia y que han llegado para visitar la Bienal, que ha tenido mucha difusi\u00f3n y que ha recibido las invitaciones de Fabriciano y del Consulado y que ha motivado que representantes de nueve municipios, con algunos concejales, secretarios de culturas y 20 artistas pl\u00e1sticos se lleguen hoy a Resistencia para compartir y disfrutar el desarrollo de esta Bienal que ha tenido una trascendencia internacional. Ellos se sienten tremendamente a gusto y adem\u00e1s se van con toda la esperanza de hacer algo parecido a esto en Brasil<\/p>\n<p>Por su parte, el presidente del CILAM (Centro de Integraci\u00f3n Latinoamericana), Mosar Gon\u00e7alves da Costa, coment\u00f3 que su visita a este acontecimiento cultural forma parte \u201cde un trabajo que venimos haciendo hace unos a\u00f1os atr\u00e1s con el c\u00f3nsul Morelo y con Fabriciano\u201d.<\/p>\n<p><strong>\u201cTenemos el objetivo de reforzar m\u00e1s nuestra integraci\u00f3n entre nuestra regi\u00f3n y con Resistencia, Chaco y Argentina que ac\u00e1 producen el mayor evento cultural de Am\u00e9rica Latina\u201d, afirm\u00f3. \u201cVinimos aqu\u00ed con la representaci\u00f3n de ocho municipios con el objetivo de conocer, de abrir caminos y de preparar nuevas alternativas a todos los latinoamericanos y para demostrar que nuestras diferencias en el f\u00fatbol no nos va a separar. Todos somos latinoamericanos y queremos la integraci\u00f3n en esta patria \u00fanica\u201d, sostuvo.<\/strong><\/p>\n","protected":false},"excerpt":{"rendered":"<p>Una comitiva de 42 brasile\u00f1os, entre artistas pl\u00e1sticos, escultores y funcionarios de comunas del pa\u00eds vecino, arribaron a Resistencia con la intenci\u00f3n de visitar la Bienal Internacional de Escultura a la que catalogaron del \u201cmayor evento cultural de Latinoam\u00e9rica\u201d. \u201cVenimos para demostrar que nuestras diferencias&#8230;<\/p>\n","protected":false},"author":2,"featured_media":0,"comment_status":"closed","ping_status":"closed","sticky":false,"template":"","format":"standard","meta":{"footnotes":""},"categories":[6],"tags":[],"class_list":["post-1786","post","type-post","status-publish","format-standard","hentry","category-novedades"],"_links":{"self":[{"href":"https:\/\/www.bienaldelchaco.org\/2024\/wp-json\/wp\/v2\/posts\/1786","targetHints":{"allow":["GET"]}}],"collection":[{"href":"https:\/\/www.bienaldelchaco.org\/2024\/wp-json\/wp\/v2\/posts"}],"about":[{"href":"https:\/\/www.bienaldelchaco.org\/2024\/wp-json\/wp\/v2\/types\/post"}],"author":[{"embeddable":true,"href":"https:\/\/www.bienaldelchaco.org\/2024\/wp-json\/wp\/v2\/users\/2"}],"replies":[{"embeddable":true,"href":"https:\/\/www.bienaldelchaco.org\/2024\/wp-json\/wp\/v2\/comments?post=1786"}],"version-history":[{"count":1,"href":"https:\/\/www.bienaldelchaco.org\/2024\/wp-json\/wp\/v2\/posts\/1786\/revisions"}],"predecessor-version":[{"id":1787,"href":"https:\/\/www.bienaldelchaco.org\/2024\/wp-json\/wp\/v2\/posts\/1786\/revisions\/1787"}],"wp:attachment":[{"href":"https:\/\/www.bienaldelchaco.org\/2024\/wp-json\/wp\/v2\/media?parent=1786"}],"wp:term":[{"taxonomy":"category","embeddable":true,"href":"https:\/\/www.bienaldelchaco.org\/2024\/wp-json\/wp\/v2\/categories?post=1786"},{"taxonomy":"post_tag","embeddable":true,"href":"https:\/\/www.bienaldelchaco.org\/2024\/wp-json\/wp\/v2\/tags?post=1786"}],"curies":[{"name":"wp","href":"https:\/\/api.w.org\/{rel}","templated":true}]}}