{"id":1789,"date":"2014-07-16T03:50:42","date_gmt":"2014-07-16T03:50:42","guid":{"rendered":"http:\/\/www.bienaldelchaco.com\/?p=1789"},"modified":"2015-01-09T10:52:45","modified_gmt":"2015-01-09T10:52:45","slug":"se-inaugura-la-muestra-digital-geometria-en-red","status":"publish","type":"post","link":"https:\/\/www.bienaldelchaco.org\/2024\/se-inaugura-la-muestra-digital-geometria-en-red\/","title":{"rendered":"Se inaugura la muestra digital Geometr\u00eda en Red"},"content":{"rendered":"<p>Alejandra Winkhaus, artista visual y docente, dictar\u00e1 una charla sobre Nuevas Tecnolog\u00edas de Creaci\u00f3n e Impresi\u00f3n Digital. La misma estar\u00e1 destinada al p\u00fablico en general, artistas y estudiantes de bellas artes y ser\u00e1 como parte de las actividades que se realizar\u00e1n en torno a la Bienal de Escultura 2014.<!--more--><\/p>\n<p>La charla se realizar\u00e1 este mi\u00e9rcoles, de 21 a 23 en la Casa de las Culturas, de Mitre y Alvear, en Resistencia. La misma tendr\u00e1 una duraci\u00f3n de dos horas y  abordar\u00e1 los aportes de la tecnolog\u00eda a las artes visuales, la necesidad de que el artista contempor\u00e1neo sea participante activo de los recursos que su realidad le ofrece y la necesidad de actualizarse como un compromiso para la realizaci\u00f3n de su manifestaci\u00f3n art\u00edstica y expresiva. \u201cLa tecnolog\u00eda ha aportado numerosos cambios en el mundo de las artes visuales, uno de ellos es la digitalizaci\u00f3n y el abanico de posibilidades que esto ofrece\u201d, se\u00f1al\u00f3 la artista.<\/p>\n<p>Adem\u00e1s se har\u00e1 hincapi\u00e9 en temas como: los sistemas digitales; aportes a la imagen visual; posibilidades que ofrece la digitalizaci\u00f3n; creaci\u00f3n: exclusivamente con las herramientas digitales, arte digital puro; modificaci\u00f3n: c\u00f3mo se puede modificar la imagen digitalizada; cambio de tama\u00f1o; cambios de paleta de colores; recurso del boceto digital; digitalizaci\u00f3n de una imagen; diferentes m\u00e9todos para llevar de lo f\u00edsico material al mundo virtual: escaneo, toma fotogr\u00e1fica; caracter\u00edsticas del archivo digital para su correcta visualizaci\u00f3n en diferentes medios; impresi\u00f3n digital; m\u00e9todo para llevar del mundo virtual a la materializaci\u00f3n de la imagen y nuevo concepto de estampa y de matriz.<\/p>\n<p>Tambi\u00e9n se abordar\u00e1 el arte en la web; posibilidad de ediciones gr\u00e1ficas y fotogr\u00e1ficas; fidelidad de la imagen; resoluci\u00f3n; color; diferentes tipos de soportes para realizar la impresi\u00f3n; conservaci\u00f3n de la impresi\u00f3n, cuidados en el enmarcado; mercado de la impresi\u00f3n digital; aceptaci\u00f3n y valorizaci\u00f3n en el \u00e1mbito de Concursos, premios, galer\u00edas, coleccionistas; obras seriada; impresi\u00f3n \u00fanica y certificaciones.<\/p>\n<p>Winkhaus naci\u00f3 en Buenos Aires, en 1961. Estudi\u00f3 en la Escuela Nacional de Bellas Artes Prilidiano Pueyrred\u00f3n. Particip\u00f3 en m\u00e1s de 50 salones nacionales e internacionales, y ha obtenido m\u00e1s de 25 premios. Realiza su obra en variadas t\u00e9cnicas y procedimientos, incursionando en nuevas tecnolog\u00edas y materiales.<\/p>\n","protected":false},"excerpt":{"rendered":"<p>Alejandra Winkhaus, artista visual y docente, dictar\u00e1 una charla sobre Nuevas Tecnolog\u00edas de Creaci\u00f3n e Impresi\u00f3n Digital. La misma estar\u00e1 destinada al p\u00fablico en general, artistas y estudiantes de bellas artes y ser\u00e1 como parte de las actividades que se realizar\u00e1n en torno a la&#8230;<\/p>\n","protected":false},"author":2,"featured_media":0,"comment_status":"closed","ping_status":"closed","sticky":false,"template":"","format":"standard","meta":{"footnotes":""},"categories":[6],"tags":[],"class_list":["post-1789","post","type-post","status-publish","format-standard","hentry","category-novedades"],"_links":{"self":[{"href":"https:\/\/www.bienaldelchaco.org\/2024\/wp-json\/wp\/v2\/posts\/1789","targetHints":{"allow":["GET"]}}],"collection":[{"href":"https:\/\/www.bienaldelchaco.org\/2024\/wp-json\/wp\/v2\/posts"}],"about":[{"href":"https:\/\/www.bienaldelchaco.org\/2024\/wp-json\/wp\/v2\/types\/post"}],"author":[{"embeddable":true,"href":"https:\/\/www.bienaldelchaco.org\/2024\/wp-json\/wp\/v2\/users\/2"}],"replies":[{"embeddable":true,"href":"https:\/\/www.bienaldelchaco.org\/2024\/wp-json\/wp\/v2\/comments?post=1789"}],"version-history":[{"count":2,"href":"https:\/\/www.bienaldelchaco.org\/2024\/wp-json\/wp\/v2\/posts\/1789\/revisions"}],"predecessor-version":[{"id":1791,"href":"https:\/\/www.bienaldelchaco.org\/2024\/wp-json\/wp\/v2\/posts\/1789\/revisions\/1791"}],"wp:attachment":[{"href":"https:\/\/www.bienaldelchaco.org\/2024\/wp-json\/wp\/v2\/media?parent=1789"}],"wp:term":[{"taxonomy":"category","embeddable":true,"href":"https:\/\/www.bienaldelchaco.org\/2024\/wp-json\/wp\/v2\/categories?post=1789"},{"taxonomy":"post_tag","embeddable":true,"href":"https:\/\/www.bienaldelchaco.org\/2024\/wp-json\/wp\/v2\/tags?post=1789"}],"curies":[{"name":"wp","href":"https:\/\/api.w.org\/{rel}","templated":true}]}}