{"id":1836,"date":"2014-07-19T02:04:10","date_gmt":"2014-07-19T02:04:10","guid":{"rendered":"http:\/\/www.bienaldelchaco.com\/?p=1836"},"modified":"2015-01-09T10:50:52","modified_gmt":"2015-01-09T10:50:52","slug":"omar-fiordelmondo-director-del-ballet-folclorico-nacional","status":"publish","type":"post","link":"https:\/\/www.bienaldelchaco.org\/2024\/omar-fiordelmondo-director-del-ballet-folclorico-nacional\/","title":{"rendered":"Omar Fiordelmondo, director del Ballet Folcl\u00f3rico Nacional"},"content":{"rendered":"<p>\u201cEstar en el Bienal es maravilloso; realmente estoy muy conmovido\u201d<br \/>\nEl director del Ballet Folcl\u00f3rico Nacional, Omar Fiordelmondo, se mostr\u00f3 sorprendido y conmovido por la magnitud de la Bienal Internacional de Escultura del Chaco. Lo hizo tras la presentaci\u00f3n del Ballet en el Domo del Centenario, donde present\u00f3 el espect\u00e1culo \u201cEmocionArte\u201d.<!--more--><\/p>\n<blockquote><p>\n\u201cRealmente estoy muy conmovido por el lugar. Estar aqu\u00ed es maravilloso\u201d, sostuvo Fiordelmondo, al ser consultado por sus primeras sensaciones. Consultado sobre si ya conoc\u00eda los pormenores de acontecimiento cultural, reconoci\u00f3 que no. \u201cEstuve en el lanzamiento en Buenos Aires como invitado. Fue uno de los tantos que me desayun\u00e9 sobre tan importante evento. Hoy lo recorr\u00ed y realmente es maravilloso el lugar. Felicito por el tiempo que llevan haciendo y espero que lo sigan haciendo por muchos a\u00f1os m\u00e1s\u201d, destac\u00f3.<\/p><\/blockquote>\n<p>Durante la Bienal Internacional de Escultura 2014, el Ballet Folkl\u00f3rico Nacional present\u00f3 su espect\u00e1culo \u201cEmocionArte\u201d, en el Domo del Centenario de Resistencia. Con la direcci\u00f3n de Fiordelmondo, el repertorio del Ballet repas\u00f3 melod\u00edas de Ra\u00fal Barboza, Pedro Aznar, Atahualpa Yupanqui, Osvaldo Pugliese y Anibal Troilo, entre otros grandes exponentes. Adem\u00e1s, entre los g\u00e9neros a los que el espect\u00e1culo apel\u00f3, se contaron el chamam\u00e9, el tinku (danza campesina de Potos\u00ed), el joropo (danza venezolana), el tango, jarabe tapat\u00ed\u00aco (danza tradicional mexicana) y el festejo (danza de negros de las costa del Per\u00fa).<\/p>\n<p>El Ballet Folkl\u00f3rico Nacional debut\u00f3 el 9 de julio de 1990 en el Teatro Col\u00f3n de la ciudad de Buenos Aires, bajo la direcci\u00f3n de Santiago Ayala y Norma Viola. Desde entonces, este cuerpo de danza, integrado por 37 bailarines, ofrece funciones con la concepci\u00f3n art\u00edstica de realizar versiones coreogr\u00e1ficas y escenificaciones de mitos, costumbres, historias, leyendas y paisajes manteniendo la esencia del hombre argentino.<\/p>\n","protected":false},"excerpt":{"rendered":"<p>\u201cEstar en el Bienal es maravilloso; realmente estoy muy conmovido\u201d El director del Ballet Folcl\u00f3rico Nacional, Omar Fiordelmondo, se mostr\u00f3 sorprendido y conmovido por la magnitud de la Bienal Internacional de Escultura del Chaco. Lo hizo tras la presentaci\u00f3n del Ballet en el Domo del&#8230;<\/p>\n","protected":false},"author":2,"featured_media":0,"comment_status":"closed","ping_status":"closed","sticky":false,"template":"","format":"standard","meta":{"footnotes":""},"categories":[6],"tags":[],"class_list":["post-1836","post","type-post","status-publish","format-standard","hentry","category-novedades"],"_links":{"self":[{"href":"https:\/\/www.bienaldelchaco.org\/2024\/wp-json\/wp\/v2\/posts\/1836","targetHints":{"allow":["GET"]}}],"collection":[{"href":"https:\/\/www.bienaldelchaco.org\/2024\/wp-json\/wp\/v2\/posts"}],"about":[{"href":"https:\/\/www.bienaldelchaco.org\/2024\/wp-json\/wp\/v2\/types\/post"}],"author":[{"embeddable":true,"href":"https:\/\/www.bienaldelchaco.org\/2024\/wp-json\/wp\/v2\/users\/2"}],"replies":[{"embeddable":true,"href":"https:\/\/www.bienaldelchaco.org\/2024\/wp-json\/wp\/v2\/comments?post=1836"}],"version-history":[{"count":1,"href":"https:\/\/www.bienaldelchaco.org\/2024\/wp-json\/wp\/v2\/posts\/1836\/revisions"}],"predecessor-version":[{"id":1837,"href":"https:\/\/www.bienaldelchaco.org\/2024\/wp-json\/wp\/v2\/posts\/1836\/revisions\/1837"}],"wp:attachment":[{"href":"https:\/\/www.bienaldelchaco.org\/2024\/wp-json\/wp\/v2\/media?parent=1836"}],"wp:term":[{"taxonomy":"category","embeddable":true,"href":"https:\/\/www.bienaldelchaco.org\/2024\/wp-json\/wp\/v2\/categories?post=1836"},{"taxonomy":"post_tag","embeddable":true,"href":"https:\/\/www.bienaldelchaco.org\/2024\/wp-json\/wp\/v2\/tags?post=1836"}],"curies":[{"name":"wp","href":"https:\/\/api.w.org\/{rel}","templated":true}]}}