{"id":1854,"date":"2014-07-17T02:15:13","date_gmt":"2014-07-17T02:15:13","guid":{"rendered":"http:\/\/www.bienaldelchaco.com\/?p=1854"},"modified":"2015-01-09T10:52:07","modified_gmt":"2015-01-09T10:52:07","slug":"la-orquesta-expresiones-sera-parte-de-la-bienal-2014","status":"publish","type":"post","link":"https:\/\/www.bienaldelchaco.org\/2024\/la-orquesta-expresiones-sera-parte-de-la-bienal-2014\/","title":{"rendered":"La Orquesta Expresiones ser\u00e1 parte de la Bienal 2014"},"content":{"rendered":"<p>La Orquesta de la Asociaci\u00f3n Expresiones, bajo la direcci\u00f3n de Clement Torre, tambi\u00e9n ser\u00e1 parte de las actividades paralelas a la Bienal Internacional de Escultura 2014. Constituida por ni\u00f1os desde los 3 a\u00f1os hasta adultos, la orquesta brindar\u00e1 un maravillo espect\u00e1culo de m\u00fasica universal este viernes, a partir de las 16,30, en el Domo del Centenario.<!--more--><\/p>\n<blockquote><p>\u201cVamos a realizar un concierto donde participar\u00e1n ni\u00f1os en diferentes obras musicales adaptados para ellos hasta j\u00f3venes y adultos\u201d, coment\u00f3 la directora. En este sentido, explic\u00f3 que en esta oportunidad el espect\u00e1culo contar\u00e1 con la participaci\u00f3n de alumnos de viol\u00edn, flauta dulce, traversa, chelo, piano y contrabajo. \u201cHaremos un repertorio universal desde m\u00fasica para ni\u00f1os, cl\u00e1sica y finalizaremos con m\u00fasica popular\u201d, adelant\u00f3.<\/p><\/blockquote>\n<p>La Asociaci\u00f3n Expresiones fue creada el 24 de octubre de 2009 con el fin de brindar un espacio para el desarrollo individual y grupal a trav\u00e9s del arte. La Asociaci\u00f3n Expresiones ha sido nominada para el Premio Provincial de las ONGs por el Ministerio de Desarrollo Social del Chaco.<\/p>\n<blockquote><p>\u201cEs sumamente importante estar en la Bienal, porque adem\u00e1s de estar en contacto con otros artistas locales e internacionales, ver la participaci\u00f3n de los chicos en esto, que se valore su espacio, es de suma importancia para todos\u201d, afirm\u00f3.  <\/p><\/blockquote>\n","protected":false},"excerpt":{"rendered":"<p>La Orquesta de la Asociaci\u00f3n Expresiones, bajo la direcci\u00f3n de Clement Torre, tambi\u00e9n ser\u00e1 parte de las actividades paralelas a la Bienal Internacional de Escultura 2014. Constituida por ni\u00f1os desde los 3 a\u00f1os hasta adultos, la orquesta brindar\u00e1 un maravillo espect\u00e1culo de m\u00fasica universal este&#8230;<\/p>\n","protected":false},"author":2,"featured_media":0,"comment_status":"closed","ping_status":"closed","sticky":false,"template":"","format":"standard","meta":{"footnotes":""},"categories":[6],"tags":[],"class_list":["post-1854","post","type-post","status-publish","format-standard","hentry","category-novedades"],"_links":{"self":[{"href":"https:\/\/www.bienaldelchaco.org\/2024\/wp-json\/wp\/v2\/posts\/1854","targetHints":{"allow":["GET"]}}],"collection":[{"href":"https:\/\/www.bienaldelchaco.org\/2024\/wp-json\/wp\/v2\/posts"}],"about":[{"href":"https:\/\/www.bienaldelchaco.org\/2024\/wp-json\/wp\/v2\/types\/post"}],"author":[{"embeddable":true,"href":"https:\/\/www.bienaldelchaco.org\/2024\/wp-json\/wp\/v2\/users\/2"}],"replies":[{"embeddable":true,"href":"https:\/\/www.bienaldelchaco.org\/2024\/wp-json\/wp\/v2\/comments?post=1854"}],"version-history":[{"count":1,"href":"https:\/\/www.bienaldelchaco.org\/2024\/wp-json\/wp\/v2\/posts\/1854\/revisions"}],"predecessor-version":[{"id":1855,"href":"https:\/\/www.bienaldelchaco.org\/2024\/wp-json\/wp\/v2\/posts\/1854\/revisions\/1855"}],"wp:attachment":[{"href":"https:\/\/www.bienaldelchaco.org\/2024\/wp-json\/wp\/v2\/media?parent=1854"}],"wp:term":[{"taxonomy":"category","embeddable":true,"href":"https:\/\/www.bienaldelchaco.org\/2024\/wp-json\/wp\/v2\/categories?post=1854"},{"taxonomy":"post_tag","embeddable":true,"href":"https:\/\/www.bienaldelchaco.org\/2024\/wp-json\/wp\/v2\/tags?post=1854"}],"curies":[{"name":"wp","href":"https:\/\/api.w.org\/{rel}","templated":true}]}}