{"id":1856,"date":"2014-07-17T02:16:00","date_gmt":"2014-07-17T02:16:00","guid":{"rendered":"http:\/\/www.bienaldelchaco.com\/?p=1856"},"modified":"2015-01-09T10:52:02","modified_gmt":"2015-01-09T10:52:02","slug":"los-escultores-internacionales-compartieron-un-almuerzo-con-representantes-de-las-agencias-de-viajes-y-turismo","status":"publish","type":"post","link":"https:\/\/www.bienaldelchaco.org\/2024\/los-escultores-internacionales-compartieron-un-almuerzo-con-representantes-de-las-agencias-de-viajes-y-turismo\/","title":{"rendered":"Los escultores internacionales compartieron un almuerzo con representantes de las Agencias de Viajes y Turismo"},"content":{"rendered":"<p>Los escultores internacionales que participan de la Bienal de Escultura 2014 compartieron este jueves un almuerzo junto a integrantes de la Asociaci\u00f3n de Agencias de Viajes y Turismo.<!--more--><\/p>\n<p>Los empresarios del rubro recibieron adem\u00e1s de manos del Comit\u00e9 Organizador de la Bienal una placa en agradecimiento por la dedicaci\u00f3n y apoyo a este certamen, la cual estuvo dirigida a la presidenta de la Asociaci\u00f3n, Gladys Rulfo.<\/p>\n<p>Cabe recordar que este a\u00f1o y por primera vez, las agencias de turismo de la provincia incluyeron en sus paquetes a la Bienal de Escultura como parte de un combo de destinos que apunta a los viajeros que recorren esta parte del pa\u00eds.<\/p>\n","protected":false},"excerpt":{"rendered":"<p>Los escultores internacionales que participan de la Bienal de Escultura 2014 compartieron este jueves un almuerzo junto a integrantes de la Asociaci\u00f3n de Agencias de Viajes y Turismo.<\/p>\n","protected":false},"author":2,"featured_media":0,"comment_status":"closed","ping_status":"closed","sticky":false,"template":"","format":"standard","meta":{"footnotes":""},"categories":[6],"tags":[],"class_list":["post-1856","post","type-post","status-publish","format-standard","hentry","category-novedades"],"_links":{"self":[{"href":"https:\/\/www.bienaldelchaco.org\/2024\/wp-json\/wp\/v2\/posts\/1856","targetHints":{"allow":["GET"]}}],"collection":[{"href":"https:\/\/www.bienaldelchaco.org\/2024\/wp-json\/wp\/v2\/posts"}],"about":[{"href":"https:\/\/www.bienaldelchaco.org\/2024\/wp-json\/wp\/v2\/types\/post"}],"author":[{"embeddable":true,"href":"https:\/\/www.bienaldelchaco.org\/2024\/wp-json\/wp\/v2\/users\/2"}],"replies":[{"embeddable":true,"href":"https:\/\/www.bienaldelchaco.org\/2024\/wp-json\/wp\/v2\/comments?post=1856"}],"version-history":[{"count":2,"href":"https:\/\/www.bienaldelchaco.org\/2024\/wp-json\/wp\/v2\/posts\/1856\/revisions"}],"predecessor-version":[{"id":1869,"href":"https:\/\/www.bienaldelchaco.org\/2024\/wp-json\/wp\/v2\/posts\/1856\/revisions\/1869"}],"wp:attachment":[{"href":"https:\/\/www.bienaldelchaco.org\/2024\/wp-json\/wp\/v2\/media?parent=1856"}],"wp:term":[{"taxonomy":"category","embeddable":true,"href":"https:\/\/www.bienaldelchaco.org\/2024\/wp-json\/wp\/v2\/categories?post=1856"},{"taxonomy":"post_tag","embeddable":true,"href":"https:\/\/www.bienaldelchaco.org\/2024\/wp-json\/wp\/v2\/tags?post=1856"}],"curies":[{"name":"wp","href":"https:\/\/api.w.org\/{rel}","templated":true}]}}