{"id":1877,"date":"2014-07-19T18:55:43","date_gmt":"2014-07-19T18:55:43","guid":{"rendered":"http:\/\/www.bienaldelchaco.com\/?p=1877"},"modified":"2014-09-12T13:36:01","modified_gmt":"2014-09-12T13:36:01","slug":"la-hora-de-los-premios","status":"publish","type":"post","link":"https:\/\/www.bienaldelchaco.org\/2024\/la-hora-de-los-premios\/","title":{"rendered":"La hora de los premios"},"content":{"rendered":"<p>Se invita  al pueblo del Chaco y a todos los ciudadanos del mundo que visitan Resistencia, a participar del acto de consagraci\u00f3n de ganadores de la Bienal 2014 que tendr\u00e1 lugar este s\u00e1bado 19 a las 19.<\/p>\n<p><!--more--><\/p>\n<p>El acto de proclamaci\u00f3n, la entrega de medallas, certificados \u2013 nacionales e internacionales &#8211; y entrega de premios, tendr\u00e1 lugar en el escenario central  del Museum.<br \/>\nSe otorgar\u00e1n los siguientes premios: Primer , Segundo y Tercer Premio, Premio OSDE, Premio Femechaco, Premio de los Escultores \u201cEfra\u00edn Boglietti\u201d, Premio del P\u00fablico, Premio de los Ni\u00f1os \u201cReinaldo Mart\u00ednez\u201d        <\/p>\n<p>El evento contar\u00e1 con la participaci\u00f3n de la Orquesta Sinf\u00f3nica del Chaco, dirigida por el maestro V\u00edctor Gonz\u00e1lez que interpretar\u00e1 \u201cM\u00fasica para los reales fuegos de artificio\u201d, de George Friedrich H\u00e4ndel<br \/>\nEn el mismo acto, se realizar\u00e1 el Lanzamiento de la Bienal 2016.<\/p>\n","protected":false},"excerpt":{"rendered":"<p>Se invita al pueblo del Chaco y a todos los ciudadanos del mundo que visitan Resistencia, a participar del acto de consagraci\u00f3n de ganadores de la Bienal 2014 que tendr\u00e1 lugar este s\u00e1bado 19 a las 19.<\/p>\n","protected":false},"author":2,"featured_media":0,"comment_status":"closed","ping_status":"open","sticky":false,"template":"","format":"standard","meta":{"footnotes":""},"categories":[6],"tags":[],"class_list":["post-1877","post","type-post","status-publish","format-standard","hentry","category-novedades"],"_links":{"self":[{"href":"https:\/\/www.bienaldelchaco.org\/2024\/wp-json\/wp\/v2\/posts\/1877","targetHints":{"allow":["GET"]}}],"collection":[{"href":"https:\/\/www.bienaldelchaco.org\/2024\/wp-json\/wp\/v2\/posts"}],"about":[{"href":"https:\/\/www.bienaldelchaco.org\/2024\/wp-json\/wp\/v2\/types\/post"}],"author":[{"embeddable":true,"href":"https:\/\/www.bienaldelchaco.org\/2024\/wp-json\/wp\/v2\/users\/2"}],"replies":[{"embeddable":true,"href":"https:\/\/www.bienaldelchaco.org\/2024\/wp-json\/wp\/v2\/comments?post=1877"}],"version-history":[{"count":3,"href":"https:\/\/www.bienaldelchaco.org\/2024\/wp-json\/wp\/v2\/posts\/1877\/revisions"}],"predecessor-version":[{"id":1926,"href":"https:\/\/www.bienaldelchaco.org\/2024\/wp-json\/wp\/v2\/posts\/1877\/revisions\/1926"}],"wp:attachment":[{"href":"https:\/\/www.bienaldelchaco.org\/2024\/wp-json\/wp\/v2\/media?parent=1877"}],"wp:term":[{"taxonomy":"category","embeddable":true,"href":"https:\/\/www.bienaldelchaco.org\/2024\/wp-json\/wp\/v2\/categories?post=1877"},{"taxonomy":"post_tag","embeddable":true,"href":"https:\/\/www.bienaldelchaco.org\/2024\/wp-json\/wp\/v2\/tags?post=1877"}],"curies":[{"name":"wp","href":"https:\/\/api.w.org\/{rel}","templated":true}]}}