{"id":2504,"date":"2016-01-08T15:19:12","date_gmt":"2016-01-08T18:19:12","guid":{"rendered":"http:\/\/www.bienaldelchaco.com\/?p=2504"},"modified":"2016-02-22T10:45:55","modified_gmt":"2016-02-22T13:45:55","slug":"la-fundacion-urunday-emplazo-la-escultura-615","status":"publish","type":"post","link":"https:\/\/www.bienaldelchaco.org\/2024\/la-fundacion-urunday-emplazo-la-escultura-615\/","title":{"rendered":"La Fundaci\u00f3n Urunday emplaz\u00f3 la escultura 615"},"content":{"rendered":"<p>Resistencia lleg\u00f3 a las 615 esculturas en la v\u00eda p\u00fablica, se inaugur\u00f3 la obra &#8220;Visi\u00f3n Positiva&#8221; del artista pl\u00e1stico chaque\u00f1o Juan Bengler, la obra fue realizada en m\u00e1rmol travertino.<\/p>\n<p><!--more--><\/p>\n<p>&nbsp;<\/p>\n<blockquote><p>Antes de la inauguraci\u00f3n, Fabriciano, presidente de la Fundaci\u00f3n Urunday, destaco: \u201cse nota en la obra de Juan la b\u00fasqueda permanente y eso enriquece el patrimonio\u00a0 este pueblo denominado,\u00a0 capital nacional de las esculturas.<\/p>\n<p>Gracias a la hermosa idea de los vecinos de la ciudad de sumar una obra m\u00e1s, la 615, que desde este momento todos podemos disfrutar, much\u00edsimas gracias\u201d.<\/p><\/blockquote>\n<p>&nbsp;<\/p>\n<blockquote><p>En tanto el artista, Juan Bengler, indico: \u201cquiero\u00a0 agradecer a la\u00a0 familia Maurel\u00a0 por\u00a0 donar la obra a la ciudad, que es lo que a todos nos satisface, estoy muy emocionado y agradecido porque resistencia se lo merece y sigamos haciendo obras\u201d.<\/p><\/blockquote>\n<p>&nbsp;<\/p>\n<blockquote><p>Para finalizar el acto, el Dr. Maurel agradeci\u00f3 a todos los presentes por ser part\u00edcipes de dicho emplazamiento\u00a0 y expreso, \u201cquiero agradecer a la Fundaci\u00f3n Urunday a Juan y al Municipio\u00a0 por estar presentes. Hoy es un d\u00eda muy especial, estoy muy emocionado, este es uno de estos sue\u00f1os que quer\u00edamos\u00a0 cumplir y hoy lo hemos alcanzado y esto es a trav\u00e9s del deseo de mis hijas que quieren ser escultoras\u00a0 y me empaparon de cultura y me dieron el empujoncito final para que se concrete con la escultura 615 de Resistencia\u201d. La escultura quedo emplazada en la Av. San Martin 413.<\/p><\/blockquote>\n<p>&nbsp;<\/p>\n<p>El acto se desarroll\u00f3 en el marco de la Ley 5459 de Fomento de la Actividad Privada en Actividades Culturales (Mecenazgo), del proyecto presentado por la Fundaci\u00f3n Urunday.<\/p>\n","protected":false},"excerpt":{"rendered":"<p>Resistencia lleg\u00f3 a las 615 esculturas en la v\u00eda p\u00fablica, se inaugur\u00f3 la obra &#8220;Visi\u00f3n Positiva&#8221; del artista pl\u00e1stico chaque\u00f1o Juan Bengler, la obra fue realizada en m\u00e1rmol travertino.<\/p>\n","protected":false},"author":3,"featured_media":2505,"comment_status":"closed","ping_status":"closed","sticky":false,"template":"","format":"standard","meta":{"footnotes":""},"categories":[6],"tags":[],"class_list":["post-2504","post","type-post","status-publish","format-standard","has-post-thumbnail","hentry","category-novedades"],"_links":{"self":[{"href":"https:\/\/www.bienaldelchaco.org\/2024\/wp-json\/wp\/v2\/posts\/2504","targetHints":{"allow":["GET"]}}],"collection":[{"href":"https:\/\/www.bienaldelchaco.org\/2024\/wp-json\/wp\/v2\/posts"}],"about":[{"href":"https:\/\/www.bienaldelchaco.org\/2024\/wp-json\/wp\/v2\/types\/post"}],"author":[{"embeddable":true,"href":"https:\/\/www.bienaldelchaco.org\/2024\/wp-json\/wp\/v2\/users\/3"}],"replies":[{"embeddable":true,"href":"https:\/\/www.bienaldelchaco.org\/2024\/wp-json\/wp\/v2\/comments?post=2504"}],"version-history":[{"count":3,"href":"https:\/\/www.bienaldelchaco.org\/2024\/wp-json\/wp\/v2\/posts\/2504\/revisions"}],"predecessor-version":[{"id":2509,"href":"https:\/\/www.bienaldelchaco.org\/2024\/wp-json\/wp\/v2\/posts\/2504\/revisions\/2509"}],"wp:featuredmedia":[{"embeddable":true,"href":"https:\/\/www.bienaldelchaco.org\/2024\/wp-json\/wp\/v2\/media\/2505"}],"wp:attachment":[{"href":"https:\/\/www.bienaldelchaco.org\/2024\/wp-json\/wp\/v2\/media?parent=2504"}],"wp:term":[{"taxonomy":"category","embeddable":true,"href":"https:\/\/www.bienaldelchaco.org\/2024\/wp-json\/wp\/v2\/categories?post=2504"},{"taxonomy":"post_tag","embeddable":true,"href":"https:\/\/www.bienaldelchaco.org\/2024\/wp-json\/wp\/v2\/tags?post=2504"}],"curies":[{"name":"wp","href":"https:\/\/api.w.org\/{rel}","templated":true}]}}