{"id":2875,"date":"2016-04-26T09:36:43","date_gmt":"2016-04-26T12:36:43","guid":{"rendered":"http:\/\/www.bienaldelchaco.org\/?p=2875"},"modified":"2016-04-26T09:36:43","modified_gmt":"2016-04-26T12:36:43","slug":"festival-filarmonico-juvenil-yoa-fprc","status":"publish","type":"post","link":"https:\/\/www.bienaldelchaco.org\/2024\/festival-filarmonico-juvenil-yoa-fprc\/","title":{"rendered":"Festival Filarm\u00f3nico Juvenil YOA \/ FPRC"},"content":{"rendered":"<p><em>Una semana de formaci\u00f3n musical intensiva.<br \/>\nEncuentros, Talleres y Conciertos.<\/em><\/p>\n<p>Del 17 al 23 de julio se realizar\u00e1 el Festival de M\u00fasica de C\u00e1mara y Conciertos Filarm\u00f3nicos Juveniles. Esta experiencia organizada por la <a href=\"http:\/\/www.fundacionpradier.org\/\" target=\"_blank\">Fundaci\u00f3n Pradier \u00adRedes Culturales<\/a> y la <a href=\"http:\/\/www.yoa.org\/\" target=\"_blank\">YOA<\/a> (Youth Orchestra of the Americas), constituye una de las principales actividades paralelas de la Bienal Internacional de Escultura 2016 en Resistencia \u00ad\/ Chaco. El Festival se llevar\u00e1 a cabo en el Instituto Superior de Profesorado de M\u00fasica \u201cYolanda Elizondo\u201d y en el Domo del Centenario de Resistencia. Durante el Festival se propone fortalecer las capacidades musicales de adolescentes y j\u00f3venes m\u00fasicos y el perfeccionamiento de profesores y profesionales.<!--more--><\/p>\n<p>&nbsp;<\/p>\n<blockquote><p>Las actividades incluir\u00e1n una semana de formaci\u00f3n musical intensiva que incluye, talleres de capacitaci\u00f3n de m\u00fasica orquestal y de c\u00e1mara, clases magistrales de instrumentos y dos conciertos p\u00fablicos finales.<\/p><\/blockquote>\n<p>Las mismas son el resultado del trabajo realizado en forma conjunta entre la YOA (Orquesta de las Am\u00e9ricas) como instituci\u00f3n invitada, la Fundaci\u00f3n Pradier Redes Culturales, como instituci\u00f3n anfitriona y la <a href=\"http:\/\/www.fundacionurunday.org\/\" target=\"_blank\">Fundaci\u00f3n Urunday<\/a> quien aporta su amplia trayectoria cultural en la regi\u00f3n.<\/p>\n<p>Para esta semana se har\u00e1 presente una Misi\u00f3n de Capacitaci\u00f3n Comunitaria de la YOA (Youth Orchestra of the Americas) conformada por 9 docentes-capacitadores provenientes de diversos pa\u00edses de Am\u00e9rica, junto a m\u00fasicos locales. Se contar\u00e1 con la presencia de Directores y m\u00fasicos destacados, que brindar\u00e1n talleres intensivos de los diversos instrumentos que conforman una Orquesta sinf\u00f3nica.<\/p>\n<p>La convocatoria tiene como objetivo el desarrollo de las capacidades art\u00edstico musicales de j\u00f3venes profesionales de la comunidad y el perfeccionamiento y entrenamiento de una orquesta conformada por m\u00fasicos locales de diferentes orquestas de la regi\u00f3n NEA Argentina. (Chaco &#8211; Corrientes &#8211; Misiones &#8211; Formosa).<\/p>\n<p>Creemos que el intercambio socio cultural y la comunicaci\u00f3n entre artistas locales y de otros pa\u00edses del mundo se hace realmente efectiva y constructiva cuando se participa en forma conjunta en su gestaci\u00f3n y desarrollo. Durante el mismo es nuestra intenci\u00f3n fomentar el intercambio y transmisi\u00f3n de saberes y valores a los m\u00fasicos participantes y al p\u00fablico que se acerque al Festival.<\/p>\n<p>&nbsp;<\/p>\n<p><a class=\"button\" href=\"http:\/\/www.fundacionpradier.org\/formulario-inscripcion.php\" target=\"_blank\">Enlace AL FORMULARIO DE INSCRIPCI\u00d3N<\/a><\/p>\n<p>&nbsp;<\/p>\n<h2 class=\"page-heading\">Sobre la Fundaci\u00f3n Pradier Redes Culturales<\/h2>\n<p><img loading=\"lazy\" decoding=\"async\" class=\" wp-image-2888 alignleft\" src=\"https:\/\/www.bienaldelchaco.org\/2024\/wp-content\/uploads\/2016\/04\/redes_culturales.jpg\" alt=\"redes_culturales\" width=\"210\" height=\"59\" \/>La Fundaci\u00f3n Pradier Redes Culturales, es una organizaci\u00f3n sin fines de lucro que se crea con el prop\u00f3sito de recuperar, ampliar y profundizar las acciones de promoci\u00f3n socioeducativa a ni\u00f1os y j\u00f3venes a trav\u00e9s de la m\u00fasica y las artes. Sus Programas de Formaci\u00f3n Musical y Conciertos y de Dotaci\u00f3n de Instrumentos Musicales est\u00e1n orientados a promover la protecci\u00f3n de derechos y el desarrollo integral sociocultural y art\u00edstico de ni\u00f1os, adolescentes y j\u00f3venes participantes, bajo el lema \u201c La experiencia del Arte y la M\u00fasica entre todos\u201d.<\/p>\n<h2 class=\"page-heading\"><strong>Sobre la YOA (Orquesta de las Am\u00e9ricas)<\/strong><\/h2>\n<p><img loading=\"lazy\" decoding=\"async\" class=\" wp-image-2889 alignleft\" src=\"https:\/\/www.bienaldelchaco.org\/2024\/wp-content\/uploads\/2016\/04\/yoa.jpg\" alt=\"yoa\" width=\"101\" height=\"104\" \/>Es una agrupaci\u00f3n sinf\u00f3nica internacional de fama mundial, compuesta por alrededor de 84 talentosos m\u00fasicos de 18 a 30 a\u00f1os de edad, de distintas nacionalidades. El objetivo de la instituci\u00f3n consiste en la formaci\u00f3n y gu\u00eda de j\u00f3venes m\u00fasicos en el liderazgo y apoyo al desarrollo de proyectos de orquestas musicales como herramienta de transformaci\u00f3n comunitaria.<br \/>\nCuenta con la asesor\u00eda art\u00edstica del maestro Pl\u00e1cido Domingo e invitados especiales tales como Yo-Yo Ma, Martha Argerich, Valery Gergiev y Philip Glass, entre otros reconocidos m\u00fasicos internacionales.<\/p>\n<p><strong>Programa de L\u00edderes globales YOA<\/strong><\/p>\n<p><em>Basadas en la creencia del valor de la educaci\u00f3n musical como herramienta de transformaci\u00f3n comunitaria, las orquestas juveniles se conforman alrededor del mundo con una r\u00e1pida expansi\u00f3n<\/em>. A trav\u00e9s de su inigualable red internacional, la YOA ha jugado un papel de apoyo en el establecimiento de proyectos de estas orquestas, desde Canad\u00e1 hasta Chile.<\/p>\n<p><em>YOA entiende la importancia y necesidad real que existe en la formaci\u00f3n de j\u00f3venes l\u00edderes capaces de guiar estas nuevas iniciativas<\/em>. A pesar de esta necesidad, la diversidad de habilidades y experiencias necesarias para construir y mantener los programas sociales de m\u00fasica no se ense\u00f1an en las salas de ensayo de conservatorios ni en las salas universitarias.<\/p>\n<p><em>El Programa de L\u00edderes Globales es un curso de liderazgo de un a\u00f1o de duraci\u00f3n que apoya a m\u00fasicos excepcionales a guiarlos como l\u00edderes emprendedores sociales<\/em>. El programa combina el desarrollo de liderazgo en diversas localizaciones internacionales junto a la formaci\u00f3n a distancia. Guiada por una facultad pionera, a los l\u00edderes se les ense\u00f1a a actuar simult\u00e1neamente como empresarios culturales, mentores, profesores, activistas, artistas, administradores y recaudadores de fondos.<\/p>\n<p><em>El programa trabaja con el objeto de asegurar el futuro del movimiento de las orquestas juveniles globales<\/em>, y espera como resultado de la preparaci\u00f3n de estos l\u00edderes construir y orientar las iniciativas sociales de la m\u00fasica del ma\u00f1ana y asegurar que las iniciativas musicales contin\u00faen sirviendo y enriqueciendo las comunidades de las generaciones del futuro.<\/p>\n<p>&nbsp;<\/p>\n<p><img loading=\"lazy\" decoding=\"async\" class=\"aligncenter size-full wp-image-2891\" src=\"https:\/\/www.bienaldelchaco.org\/2024\/wp-content\/uploads\/2016\/04\/img_redes_festivalcompletovertical_web.jpg\" alt=\"img_redes_festivalcompletovertical_web\" width=\"600\" height=\"1200\" srcset=\"https:\/\/www.bienaldelchaco.org\/2024\/wp-content\/uploads\/2016\/04\/img_redes_festivalcompletovertical_web.jpg 600w, https:\/\/www.bienaldelchaco.org\/2024\/wp-content\/uploads\/2016\/04\/img_redes_festivalcompletovertical_web-150x300.jpg 150w, https:\/\/www.bienaldelchaco.org\/2024\/wp-content\/uploads\/2016\/04\/img_redes_festivalcompletovertical_web-512x1024.jpg 512w\" sizes=\"auto, (max-width: 600px) 100vw, 600px\" \/><\/p>\n","protected":false},"excerpt":{"rendered":"<p>Una semana de formaci\u00f3n musical intensiva. Encuentros, Talleres y Conciertos. Del 17 al 23 de julio se realizar\u00e1 el Festival de M\u00fasica de C\u00e1mara y Conciertos Filarm\u00f3nicos Juveniles. Esta experiencia organizada por la Fundaci\u00f3n Pradier \u00adRedes Culturales y la YOA (Youth Orchestra of the Americas),&#8230;<\/p>\n","protected":false},"author":3,"featured_media":2878,"comment_status":"closed","ping_status":"closed","sticky":false,"template":"","format":"standard","meta":{"footnotes":""},"categories":[1],"tags":[],"class_list":["post-2875","post","type-post","status-publish","format-standard","has-post-thumbnail","hentry","category-sin-categoria"],"_links":{"self":[{"href":"https:\/\/www.bienaldelchaco.org\/2024\/wp-json\/wp\/v2\/posts\/2875","targetHints":{"allow":["GET"]}}],"collection":[{"href":"https:\/\/www.bienaldelchaco.org\/2024\/wp-json\/wp\/v2\/posts"}],"about":[{"href":"https:\/\/www.bienaldelchaco.org\/2024\/wp-json\/wp\/v2\/types\/post"}],"author":[{"embeddable":true,"href":"https:\/\/www.bienaldelchaco.org\/2024\/wp-json\/wp\/v2\/users\/3"}],"replies":[{"embeddable":true,"href":"https:\/\/www.bienaldelchaco.org\/2024\/wp-json\/wp\/v2\/comments?post=2875"}],"version-history":[{"count":13,"href":"https:\/\/www.bienaldelchaco.org\/2024\/wp-json\/wp\/v2\/posts\/2875\/revisions"}],"predecessor-version":[{"id":2893,"href":"https:\/\/www.bienaldelchaco.org\/2024\/wp-json\/wp\/v2\/posts\/2875\/revisions\/2893"}],"wp:featuredmedia":[{"embeddable":true,"href":"https:\/\/www.bienaldelchaco.org\/2024\/wp-json\/wp\/v2\/media\/2878"}],"wp:attachment":[{"href":"https:\/\/www.bienaldelchaco.org\/2024\/wp-json\/wp\/v2\/media?parent=2875"}],"wp:term":[{"taxonomy":"category","embeddable":true,"href":"https:\/\/www.bienaldelchaco.org\/2024\/wp-json\/wp\/v2\/categories?post=2875"},{"taxonomy":"post_tag","embeddable":true,"href":"https:\/\/www.bienaldelchaco.org\/2024\/wp-json\/wp\/v2\/tags?post=2875"}],"curies":[{"name":"wp","href":"https:\/\/api.w.org\/{rel}","templated":true}]}}