{"id":3018,"date":"2016-06-02T16:13:00","date_gmt":"2016-06-02T19:13:00","guid":{"rendered":"http:\/\/www.bienaldelchaco.org\/?p=3018"},"modified":"2016-06-02T16:19:33","modified_gmt":"2016-06-02T19:19:33","slug":"horacio-rey-secretario-general-de-la-gobernacion-la-bienal-de-escultura-es-una-marca-que-representa-la-cultura-del-chaco","status":"publish","type":"post","link":"https:\/\/www.bienaldelchaco.org\/2024\/horacio-rey-secretario-general-de-la-gobernacion-la-bienal-de-escultura-es-una-marca-que-representa-la-cultura-del-chaco\/","title":{"rendered":"Horacio Rey, Secretario General de la Gobernaci\u00f3n \u201cLa Bienal de Escultura es una marca que representa la cultura del Chaco\u201d"},"content":{"rendered":"<p>El Secretario General de la Gobernaci\u00f3n, Horacio Rey, asegur\u00f3 que la Bienal Internacional de Escultura ya es \u201cuna marca\u201d que representa \u201cla cultura del Chaco\u201d. Valor\u00f3 la Ley de Mecenazgo como una herramienta indispensable para financiar este tipo de eventos art\u00edsticos.<\/p>\n<p><!--more--><\/p>\n<p>&nbsp;<\/p>\n<blockquote>\n<div>\u201cDesde el gobierno de la provincia, por iniciativa de nuestro gobernador, Domingo Peppo, lo que hacemos es trabajar en conjunto con todas las \u00e1reas para poder promocionar, apoyar y financiar eventos culturales que llevan adelante en el Chaco\u201d, afirm\u00f3 Rey.<\/div>\n<div><\/div>\n<div>\u201cEspecialmente trabajamos con la Bienal porque consideramos que es una marca que representa la cultura de la provincia del Chaco y lo que queremos hacer es que la regi\u00f3n se entere y que por supuesto que el pa\u00eds venga a visitar nuestra provincia\u201d, sostuvo.<\/div>\n<\/blockquote>\n<div>En este sentido, el funcionario afirm\u00f3 que junto al Comit\u00e9 Organizador, conformado por el Poder Ejecutivo chaque\u00f1o y la Fundaci\u00f3n Urunday, \u201centendemos que la Ley de Mecenazgo es importante para poder financiar y llevar adelante este tipo de eventos que tiene un trabajo muy fuerte de dos a\u00f1os donde las empresas apoyan el financiamiento para llevarlo adelante\u201d.<\/div>\n<div><\/div>\n<div><\/div>\n<p>&nbsp;&nbsp;<\/p>\n<div><img loading=\"lazy\" decoding=\"async\" class=\"aligncenter size-full wp-image-3020\" src=\"https:\/\/www.bienaldelchaco.org\/2024\/wp-content\/uploads\/2016\/06\/16_s.jpg\" alt=\"16_s\" width=\"1200\" height=\"800\" srcset=\"https:\/\/www.bienaldelchaco.org\/2024\/wp-content\/uploads\/2016\/06\/16_s.jpg 1200w, https:\/\/www.bienaldelchaco.org\/2024\/wp-content\/uploads\/2016\/06\/16_s-300x200.jpg 300w, https:\/\/www.bienaldelchaco.org\/2024\/wp-content\/uploads\/2016\/06\/16_s-768x512.jpg 768w, https:\/\/www.bienaldelchaco.org\/2024\/wp-content\/uploads\/2016\/06\/16_s-1024x683.jpg 1024w\" sizes=\"auto, (max-width: 1200px) 100vw, 1200px\" \/><\/div>\n<p>&nbsp;&nbsp;<\/p>\n<div><img loading=\"lazy\" decoding=\"async\" class=\"aligncenter size-full wp-image-3021\" src=\"https:\/\/www.bienaldelchaco.org\/2024\/wp-content\/uploads\/2016\/06\/17_s.jpg\" alt=\"17_s\" width=\"1200\" height=\"800\" srcset=\"https:\/\/www.bienaldelchaco.org\/2024\/wp-content\/uploads\/2016\/06\/17_s.jpg 1200w, https:\/\/www.bienaldelchaco.org\/2024\/wp-content\/uploads\/2016\/06\/17_s-300x200.jpg 300w, https:\/\/www.bienaldelchaco.org\/2024\/wp-content\/uploads\/2016\/06\/17_s-768x512.jpg 768w, https:\/\/www.bienaldelchaco.org\/2024\/wp-content\/uploads\/2016\/06\/17_s-1024x683.jpg 1024w\" sizes=\"auto, (max-width: 1200px) 100vw, 1200px\" \/><\/div>\n<p>&nbsp;&nbsp;<\/p>\n<div><img loading=\"lazy\" decoding=\"async\" class=\"aligncenter size-full wp-image-3022\" src=\"https:\/\/www.bienaldelchaco.org\/2024\/wp-content\/uploads\/2016\/06\/horacio-rey-Fabriciano.jpg\" alt=\"horacio rey - Fabriciano\" width=\"447\" height=\"521\" srcset=\"https:\/\/www.bienaldelchaco.org\/2024\/wp-content\/uploads\/2016\/06\/horacio-rey-Fabriciano.jpg 447w, https:\/\/www.bienaldelchaco.org\/2024\/wp-content\/uploads\/2016\/06\/horacio-rey-Fabriciano-257x300.jpg 257w\" sizes=\"auto, (max-width: 447px) 100vw, 447px\" \/><\/div>\n<p>&nbsp;&nbsp;<\/p>\n<div><img loading=\"lazy\" decoding=\"async\" class=\"aligncenter size-full wp-image-3023\" src=\"https:\/\/www.bienaldelchaco.org\/2024\/wp-content\/uploads\/2016\/06\/rey-mora.jpg\" alt=\"rey - mora\" width=\"405\" height=\"364\" srcset=\"https:\/\/www.bienaldelchaco.org\/2024\/wp-content\/uploads\/2016\/06\/rey-mora.jpg 405w, https:\/\/www.bienaldelchaco.org\/2024\/wp-content\/uploads\/2016\/06\/rey-mora-300x270.jpg 300w\" sizes=\"auto, (max-width: 405px) 100vw, 405px\" \/><\/div>\n","protected":false},"excerpt":{"rendered":"<p>El Secretario General de la Gobernaci\u00f3n, Horacio Rey, asegur\u00f3 que la Bienal Internacional de Escultura ya es \u201cuna marca\u201d que representa \u201cla cultura del Chaco\u201d. Valor\u00f3 la Ley de Mecenazgo como una herramienta indispensable para financiar este tipo de eventos art\u00edsticos.<\/p>\n","protected":false},"author":3,"featured_media":3019,"comment_status":"closed","ping_status":"closed","sticky":false,"template":"","format":"standard","meta":{"footnotes":""},"categories":[6],"tags":[],"class_list":["post-3018","post","type-post","status-publish","format-standard","has-post-thumbnail","hentry","category-novedades"],"_links":{"self":[{"href":"https:\/\/www.bienaldelchaco.org\/2024\/wp-json\/wp\/v2\/posts\/3018","targetHints":{"allow":["GET"]}}],"collection":[{"href":"https:\/\/www.bienaldelchaco.org\/2024\/wp-json\/wp\/v2\/posts"}],"about":[{"href":"https:\/\/www.bienaldelchaco.org\/2024\/wp-json\/wp\/v2\/types\/post"}],"author":[{"embeddable":true,"href":"https:\/\/www.bienaldelchaco.org\/2024\/wp-json\/wp\/v2\/users\/3"}],"replies":[{"embeddable":true,"href":"https:\/\/www.bienaldelchaco.org\/2024\/wp-json\/wp\/v2\/comments?post=3018"}],"version-history":[{"count":7,"href":"https:\/\/www.bienaldelchaco.org\/2024\/wp-json\/wp\/v2\/posts\/3018\/revisions"}],"predecessor-version":[{"id":3030,"href":"https:\/\/www.bienaldelchaco.org\/2024\/wp-json\/wp\/v2\/posts\/3018\/revisions\/3030"}],"wp:featuredmedia":[{"embeddable":true,"href":"https:\/\/www.bienaldelchaco.org\/2024\/wp-json\/wp\/v2\/media\/3019"}],"wp:attachment":[{"href":"https:\/\/www.bienaldelchaco.org\/2024\/wp-json\/wp\/v2\/media?parent=3018"}],"wp:term":[{"taxonomy":"category","embeddable":true,"href":"https:\/\/www.bienaldelchaco.org\/2024\/wp-json\/wp\/v2\/categories?post=3018"},{"taxonomy":"post_tag","embeddable":true,"href":"https:\/\/www.bienaldelchaco.org\/2024\/wp-json\/wp\/v2\/tags?post=3018"}],"curies":[{"name":"wp","href":"https:\/\/api.w.org\/{rel}","templated":true}]}}