{"id":3037,"date":"2016-06-02T16:36:03","date_gmt":"2016-06-02T19:36:03","guid":{"rendered":"http:\/\/www.bienaldelchaco.org\/?p=3037"},"modified":"2016-06-02T16:38:28","modified_gmt":"2016-06-02T19:38:28","slug":"gaspar-gracia-daponte-director-de-desarrollo-institucional-de-fundacion-urunday-en-konex-mostramos-solo-una-parte-de-todo-el-arte-que-vamos-a-vivir-en-la-bienal-2016","status":"publish","type":"post","link":"https:\/\/www.bienaldelchaco.org\/2024\/gaspar-gracia-daponte-director-de-desarrollo-institucional-de-fundacion-urunday-en-konex-mostramos-solo-una-parte-de-todo-el-arte-que-vamos-a-vivir-en-la-bienal-2016\/","title":{"rendered":"Gaspar Gracia Daponte, director de Desarrollo Institucional de Fundaci\u00f3n Urunday:  \u201cEn Konex, mostramos s\u00f3lo una parte de todo el arte que vamos a vivir en la Bienal 2016\u201d"},"content":{"rendered":"<p>El director de Desarrollo Institucional de Fundaci\u00f3n Urunday, Gaspar Gracia Daponte, calific\u00f3 de \u201cmuy positiva\u201d la presentaci\u00f3n nacional de la Bienal Internacional de Escultura \u201cEquilibrium\u201d en el teatro Konex de la Ciudad de Buenos Aires.<\/p>\n<p><!--more--><\/p>\n<p>&nbsp;<\/p>\n<blockquote>\n<div>\u201cEl balance de la presentaci\u00f3n en Buenos Aires es extremadamente positivo. Por varias razones: primero, por el lugar, Ciudad Konex, que fue el anfitri\u00f3n del lanzamiento. Konex es una instituci\u00f3n emblem\u00e1tica para el arte y la cultura de toda la Argentina\u201d, se\u00f1al\u00f3 Daponte. \u201cY habernos invitado y cedido el espacio para hacer el lanzamiento de alguna manera lo jerarquiza\u201d, a\u00f1adi\u00f3.<\/div>\n<\/blockquote>\n<div><\/div>\n<blockquote>\n<div>\u201cEn segundo lugar por la convocatoria. Tuvimos m\u00e1s de 170 personas, contando funcionarios provinciales, nacionales, escultores, embajadores e invitados en general que han vivido realmente lo que ser\u00e1 esta Bienal 2016 y una parte del arte que vamos a tener posibilidad de mostrarles en Resistencia\u201d, sostuvo.<\/div>\n<\/blockquote>\n","protected":false},"excerpt":{"rendered":"<p>El director de Desarrollo Institucional de Fundaci\u00f3n Urunday, Gaspar Gracia Daponte, calific\u00f3 de \u201cmuy positiva\u201d la presentaci\u00f3n nacional de la Bienal Internacional de Escultura \u201cEquilibrium\u201d en el teatro Konex de la Ciudad de Buenos Aires.<\/p>\n","protected":false},"author":3,"featured_media":3040,"comment_status":"closed","ping_status":"closed","sticky":false,"template":"","format":"standard","meta":{"footnotes":""},"categories":[6],"tags":[],"class_list":["post-3037","post","type-post","status-publish","format-standard","has-post-thumbnail","hentry","category-novedades"],"_links":{"self":[{"href":"https:\/\/www.bienaldelchaco.org\/2024\/wp-json\/wp\/v2\/posts\/3037","targetHints":{"allow":["GET"]}}],"collection":[{"href":"https:\/\/www.bienaldelchaco.org\/2024\/wp-json\/wp\/v2\/posts"}],"about":[{"href":"https:\/\/www.bienaldelchaco.org\/2024\/wp-json\/wp\/v2\/types\/post"}],"author":[{"embeddable":true,"href":"https:\/\/www.bienaldelchaco.org\/2024\/wp-json\/wp\/v2\/users\/3"}],"replies":[{"embeddable":true,"href":"https:\/\/www.bienaldelchaco.org\/2024\/wp-json\/wp\/v2\/comments?post=3037"}],"version-history":[{"count":1,"href":"https:\/\/www.bienaldelchaco.org\/2024\/wp-json\/wp\/v2\/posts\/3037\/revisions"}],"predecessor-version":[{"id":3039,"href":"https:\/\/www.bienaldelchaco.org\/2024\/wp-json\/wp\/v2\/posts\/3037\/revisions\/3039"}],"wp:featuredmedia":[{"embeddable":true,"href":"https:\/\/www.bienaldelchaco.org\/2024\/wp-json\/wp\/v2\/media\/3040"}],"wp:attachment":[{"href":"https:\/\/www.bienaldelchaco.org\/2024\/wp-json\/wp\/v2\/media?parent=3037"}],"wp:term":[{"taxonomy":"category","embeddable":true,"href":"https:\/\/www.bienaldelchaco.org\/2024\/wp-json\/wp\/v2\/categories?post=3037"},{"taxonomy":"post_tag","embeddable":true,"href":"https:\/\/www.bienaldelchaco.org\/2024\/wp-json\/wp\/v2\/tags?post=3037"}],"curies":[{"name":"wp","href":"https:\/\/api.w.org\/{rel}","templated":true}]}}