{"id":3167,"date":"2016-07-13T13:37:47","date_gmt":"2016-07-13T16:37:47","guid":{"rendered":"http:\/\/www.bienaldelchaco.org\/?p=3167"},"modified":"2016-07-13T13:37:47","modified_gmt":"2016-07-13T16:37:47","slug":"el-guido-miranda-sera-sede-del-acto-de-bienvenida-a-los-escultores-de-la-bienal-2016","status":"publish","type":"post","link":"https:\/\/www.bienaldelchaco.org\/2024\/el-guido-miranda-sera-sede-del-acto-de-bienvenida-a-los-escultores-de-la-bienal-2016\/","title":{"rendered":"El Guido Miranda ser\u00e1 sede del acto de bienvenida a los escultores de la Bienal 2016"},"content":{"rendered":"<div>El viernes 15 de julio, a las 18.30, en el Complejo Cultural Guido Miranda (Col\u00f3n 164) el maestro de ceremonia Marcelo Prado Lima, dar\u00e1 la bienvenida a los escultores que protagonizar\u00e1n la Bienal Internacional de Esculturas 2016.<\/div>\n<p><!--more--><\/p>\n<div><\/div>\n<div>Participar\u00e1n autoridades provinciales, municipales y del \u00e1mbito acad\u00e9mico, miembros de la Fundaci\u00f3n Urunday, artistas participantes, mecenas, medios de comunicaci\u00f3n y amigos.<\/div>\n<div>La Orquesta Sinf\u00f3nica del Chaco participar\u00e1, junto al Coro Polif\u00f3nico de Resistencia, del tradicional Acto de bienvenida y entrega de Credenciales a los Escultores participantes de la Bienal de Escultura 2016 Equilibrium. En la ocasi\u00f3n, la Sinf\u00f3nica ejecutar\u00e1 la m\u00fasica original del evento compuesta por Alejandro Acosta.<\/div>\n<div><\/div>\n<div>A trav\u00e9s de la Bienal, el Gobierno de la Provincia del Chaco y la Fundaci\u00f3n Urunday ponen en valor superlativo al arte como vivencia est\u00e9tica, social, cultural y educativa. Este acontecimiento en el que conviven m\u00faltiples expresiones art\u00edsticas y culturales, se ha constituido luego de tres d\u00e9cadas en marca de identidad de la provincia.<\/div>\n<div><\/div>\n<div>La Bienal del Chaco fue reconocida con la licencia Marca Pa\u00eds Argentina por el Ministerio de Turismo de la Naci\u00f3n. Distinguida por su alto inter\u00e9s art\u00edstico y cultural con el auspicio de La Academia Nacional de Bellas Artes y el Fondo Nacional de las Artes. Reconocida por la Asociaci\u00f3n Argentina de Cr\u00edticos de Arte con el premio Alfredo Roland a la trayectoria cultural y por la Fundaci\u00f3n Konex con el premio Konex a las artes visuales argentinas. \u00a0Desde el a\u00f1o 1997 cuenta con el auspicio permanente de la UNESCO.<\/div>\n<div><\/div>\n<div>Cinco centenares de artistas han pasado por el Chaco y m\u00e1s de 600 esculturas habitan la v\u00eda p\u00fablica. En el coraz\u00f3n de este c\u00edrculo virtuoso de creaci\u00f3n y patrimonio, la gente intima y se involucra en el proceso de gestaci\u00f3n de la obra, disfruta del arte y lo valora.<\/div>\n<div><\/div>\n<div><strong>Las actividades<\/strong><\/div>\n<div><\/div>\n<div>Las actividades de la Bienal 2016 se estructuran en 2 grandes ejes: el Concurso Internacional de Escultura y las Actividades Paralelas.<\/div>\n<div><\/div>\n<div>Esta edici\u00f3n del Concurso Internacional recibi\u00f3 168 inscripciones de 48 pa\u00edses. La trayectoria de los artistas y la calidad de los proyectos presentados fueron los criterios utilizados para seleccionar 11 escultores que, representando a Alemania, Argentina, Bielorrusia, Canad\u00e1, China, Ecuador, Ir\u00e1n, Israel, Jap\u00f3n, Rumania y Taiw\u00e1n, realizar\u00e1n a cielo abierto y en p\u00fablico, una escultura en m\u00e1rmol, original e in\u00e9dita, inspir\u00e1ndose en el \u201cEquilibrio\u201d.<\/div>\n<div><\/div>\n<div>El jurado del concurso internacional est\u00e1 integrado por: Le\u00f3n Saavedra Geuer de Bolivia; Diego Santurio de Uruguay; y Aquiles Jim\u00e9nez de Costa Rica.<\/div>\n<div><\/div>\n<div><strong>Los premios<\/strong><\/div>\n<div><\/div>\n<div>1\u00b0 Premio &#8220;Nuevo Banco del Chaco&#8221;<\/div>\n<div>2\u00b0 Premio &#8220;Cent\u00e9simo Aniversario Municipalidad de Fontana&#8221;<\/div>\n<div>3\u00b0 Premio &#8220;OSDE&#8221;<\/div>\n<div>Premio &#8220;Tarjeta Naranja&#8221;<\/div>\n<div>Premio &#8220;Femechaco&#8221;<\/div>\n<div class=\"internal_news_ad medio\"><\/div>\n<div>Premio de los Escultores \u201cEfra\u00edn Boglietti\u201d<\/div>\n<div>Premio del P\u00fablico &#8220;Juan Alberto Garc\u00eda&#8221;<\/div>\n<div>Premio de los Ni\u00f1os \u201cReinaldo Mart\u00ednez\u201d<\/div>\n<div><\/div>\n<div><strong>Actividades paralelas\u00a0<\/strong><\/div>\n<div><\/div>\n<div>En paralelo al certamen internacional de escultura, tienen lugar otras actividades centrales y expresiones plurales del arte y la cultura.<\/div>\n<div>El Encuentro de Escultores Argentinos y Latinoamericanos, en el que 9 artistas elaborar\u00e1n sus obras con una amplia libertad de t\u00e9cnicas y materiales.<\/div>\n<div>Las provincias dir\u00e1n presente en la 6a edici\u00f3n del Premio desaf\u00edo &#8220;Hierros l\u00edder&#8221;. Concursan estudiantes de carreras de arte que en equipos deber\u00e1n realizar una obra a cielo abierto y con la presencia del p\u00fablico en el lapso de 48 horas continuas.<\/div>\n<div>La Facultad de Artes, Dise\u00f1o y Ciencias de la Cultura de la Universidad Nacional del Nordeste organiza el 1er Congreso internacional: &#8220;L\u00edmites y fronteras en la escena art\u00edstica contempor\u00e1nea&#8221;.<\/div>\n<div>Habr\u00e1 un ciclo de conferencias magistrales, cursos y talleres. Se inaugurar\u00e1n dos muestras colectivas que proponen un acercamiento a la obra de escultores chaque\u00f1os y sus pares del mundo.<\/div>\n<div><\/div>\n<div><strong>Cultura en la Bienal<\/strong><\/div>\n<div><\/div>\n<div><strong>Artesan\u00edas\u00a0<\/strong><\/div>\n<div>Adem\u00e1s, durante todas las jornadas se desarrollar\u00e1 el 5\u00ba \u00a0Encuentro Provincial de Artesanos de Pueblos Originarios, organizado por el Departamento de Artesan\u00edas y Arte Popular del Instituto de Cultura desde 2008 en el marco de la Bienal 2016 participar\u00e1n del evento maestros artesanos destacados de la provincia, pertenecientes a las comunidades Wichi, Qom y Moqoit, con invitados especiales de la comunidad Mbya Guaran\u00ed, de Misiones y Pilag\u00e1, de Formosa.<\/div>\n<div>Coordinados por Francisco Ferrer, m\u00e1s de 30 referentes de las artesan\u00edas de Pueblos Originarios mostrar\u00e1n sus trabajos, y en cada ellos \u201cuna muestra de paisaje chaque\u00f1o\u201d ya sea desde sus materias primas a la representaci\u00f3n de la naturaleza en cada pieza.<\/div>\n<div><\/div>\n<div><strong>Teatro<\/strong><\/div>\n<div>Como una de las propuestas art\u00edsticas en el marco de la Bienal de Esculturas 2016, el martes 19 de julio, a las 21, en el Complejo Cultural Guido Miranda (Col\u00f3n 164), se presentar\u00e1 la obra El loro calabr\u00e9s, dirigida por Pepe Soriano. La entrada es gratuita.<\/div>\n<div><\/div>\n<div><strong>Sinfon\u00eda Chaco<\/strong><\/div>\n<div>El mi\u00e9rcoles 20 de julio, a las 21.15, en el Domo del Centenario, en el marco de la Bienal de Esculturas 2016, la Orquesta Sinf\u00f3nica del Chaco, dirigida por V\u00edctor Gonz\u00e1lez presentar\u00e1 junto el Ballet Contempor\u00e1neo del Chaco el espect\u00e1culo Sinfon\u00eda Chaco con M\u00fasica de Eduardo Rovira (Sinfon\u00eda N\u00b04 Op. 38 \u201cCHACO\u201d) y Coreograf\u00eda y Producci\u00f3n General a cargo de Mariela Alarc\u00f3n. La entrada es gratuita.<\/div>\n<div><\/div>\n<div>Fuente: www.diariochaco.com<\/div>\n","protected":false},"excerpt":{"rendered":"<p>El viernes 15 de julio, a las 18.30, en el Complejo Cultural Guido Miranda (Col\u00f3n 164) el maestro de ceremonia Marcelo Prado Lima, dar\u00e1 la bienvenida a los escultores que protagonizar\u00e1n la Bienal Internacional de Esculturas 2016.<\/p>\n","protected":false},"author":3,"featured_media":3168,"comment_status":"closed","ping_status":"closed","sticky":false,"template":"","format":"standard","meta":{"footnotes":""},"categories":[6],"tags":[],"class_list":["post-3167","post","type-post","status-publish","format-standard","has-post-thumbnail","hentry","category-novedades"],"_links":{"self":[{"href":"https:\/\/www.bienaldelchaco.org\/2024\/wp-json\/wp\/v2\/posts\/3167","targetHints":{"allow":["GET"]}}],"collection":[{"href":"https:\/\/www.bienaldelchaco.org\/2024\/wp-json\/wp\/v2\/posts"}],"about":[{"href":"https:\/\/www.bienaldelchaco.org\/2024\/wp-json\/wp\/v2\/types\/post"}],"author":[{"embeddable":true,"href":"https:\/\/www.bienaldelchaco.org\/2024\/wp-json\/wp\/v2\/users\/3"}],"replies":[{"embeddable":true,"href":"https:\/\/www.bienaldelchaco.org\/2024\/wp-json\/wp\/v2\/comments?post=3167"}],"version-history":[{"count":1,"href":"https:\/\/www.bienaldelchaco.org\/2024\/wp-json\/wp\/v2\/posts\/3167\/revisions"}],"predecessor-version":[{"id":3169,"href":"https:\/\/www.bienaldelchaco.org\/2024\/wp-json\/wp\/v2\/posts\/3167\/revisions\/3169"}],"wp:featuredmedia":[{"embeddable":true,"href":"https:\/\/www.bienaldelchaco.org\/2024\/wp-json\/wp\/v2\/media\/3168"}],"wp:attachment":[{"href":"https:\/\/www.bienaldelchaco.org\/2024\/wp-json\/wp\/v2\/media?parent=3167"}],"wp:term":[{"taxonomy":"category","embeddable":true,"href":"https:\/\/www.bienaldelchaco.org\/2024\/wp-json\/wp\/v2\/categories?post=3167"},{"taxonomy":"post_tag","embeddable":true,"href":"https:\/\/www.bienaldelchaco.org\/2024\/wp-json\/wp\/v2\/tags?post=3167"}],"curies":[{"name":"wp","href":"https:\/\/api.w.org\/{rel}","templated":true}]}}