{"id":3192,"date":"2016-07-15T13:15:31","date_gmt":"2016-07-15T16:15:31","guid":{"rendered":"http:\/\/www.bienaldelchaco.org\/?p=3192"},"modified":"2016-07-15T13:15:31","modified_gmt":"2016-07-15T16:15:31","slug":"capitanich-va-quedar-en-la-historia-de-la-cultura-del-chaco","status":"publish","type":"post","link":"https:\/\/www.bienaldelchaco.org\/2024\/capitanich-va-quedar-en-la-historia-de-la-cultura-del-chaco\/","title":{"rendered":"Capitanich va quedar en la historia de la cultura del Chaco"},"content":{"rendered":"<p>Lo dijo Fabriciano, agregando que es el \u201cmandatario chaque\u00f1o que m\u00e1s hizo por la cultura provincial\u201d.<\/p>\n<p>El escultor y presidente de la Fundaci\u00f3n Urunday Fabriciano G\u00f3mez destac\u00f3 la importancia de las m\u00faltiples obras de refacci\u00f3n y refuncionalizaci\u00f3n del Paseo Costanero como preludio de lo que ser\u00e1 una nueva edici\u00f3n de la Bienal de Esculturas 2016.<!--more--><\/p>\n<p>\u201cA mis 72 a\u00f1os debo decir que Jorge Capitanich va a quedar en la historia de la cultura del Chaco. En su paso como gobernador, y ahora como intendente, ya ha quedado en la historia como el mandatario chaque\u00f1o que m\u00e1s hizo por la cultura provincial\u201d, dijo Fabriciano<\/p>\n<p>Al inaugurar las nuevas obras del Paseo Costanero junto con el intendente el presidente de la Fundaci\u00f3n Urunday se\u00f1al\u00f3: \u201cEstamos viviendo una jornada muy emotiva. Esta Bienal fue trabajado por todos los sectores, el periodismo, el Gobierno y obviamente el Municipio. Realmente estas obras que hoy se inauguran son un orgullo. Yo me siento orgulloso y feliz de vivir en Resistencia, en la ciudad de las esculturas. El centro de la tierra para m\u00ed, est\u00e1 ac\u00e1\u201d.<\/p>\n<p>Hace tres d\u00e9cadas, esto era un objetivo. Un anhelo y un convencimiento de un grupo que a\u00fan hoy sigue, aun cuando Efra\u00edn y Reinaldo no est\u00e1n f\u00edsicamente, est\u00e1n presentes, por eso siempre los estoy nombrando\u201d, rememor\u00f3 el titular de la Fundaci\u00f3n Urunday.<\/p>\n<p>Fuente: www.redchaco.info<\/p>\n","protected":false},"excerpt":{"rendered":"<p>Lo dijo Fabriciano, agregando que es el \u201cmandatario chaque\u00f1o que m\u00e1s hizo por la cultura provincial\u201d. El escultor y presidente de la Fundaci\u00f3n Urunday Fabriciano G\u00f3mez destac\u00f3 la importancia de las m\u00faltiples obras de refacci\u00f3n y refuncionalizaci\u00f3n del Paseo Costanero como preludio de lo que&#8230;<\/p>\n","protected":false},"author":3,"featured_media":3193,"comment_status":"closed","ping_status":"closed","sticky":false,"template":"","format":"standard","meta":{"footnotes":""},"categories":[6],"tags":[],"class_list":["post-3192","post","type-post","status-publish","format-standard","has-post-thumbnail","hentry","category-novedades"],"_links":{"self":[{"href":"https:\/\/www.bienaldelchaco.org\/2024\/wp-json\/wp\/v2\/posts\/3192","targetHints":{"allow":["GET"]}}],"collection":[{"href":"https:\/\/www.bienaldelchaco.org\/2024\/wp-json\/wp\/v2\/posts"}],"about":[{"href":"https:\/\/www.bienaldelchaco.org\/2024\/wp-json\/wp\/v2\/types\/post"}],"author":[{"embeddable":true,"href":"https:\/\/www.bienaldelchaco.org\/2024\/wp-json\/wp\/v2\/users\/3"}],"replies":[{"embeddable":true,"href":"https:\/\/www.bienaldelchaco.org\/2024\/wp-json\/wp\/v2\/comments?post=3192"}],"version-history":[{"count":1,"href":"https:\/\/www.bienaldelchaco.org\/2024\/wp-json\/wp\/v2\/posts\/3192\/revisions"}],"predecessor-version":[{"id":3194,"href":"https:\/\/www.bienaldelchaco.org\/2024\/wp-json\/wp\/v2\/posts\/3192\/revisions\/3194"}],"wp:featuredmedia":[{"embeddable":true,"href":"https:\/\/www.bienaldelchaco.org\/2024\/wp-json\/wp\/v2\/media\/3193"}],"wp:attachment":[{"href":"https:\/\/www.bienaldelchaco.org\/2024\/wp-json\/wp\/v2\/media?parent=3192"}],"wp:term":[{"taxonomy":"category","embeddable":true,"href":"https:\/\/www.bienaldelchaco.org\/2024\/wp-json\/wp\/v2\/categories?post=3192"},{"taxonomy":"post_tag","embeddable":true,"href":"https:\/\/www.bienaldelchaco.org\/2024\/wp-json\/wp\/v2\/tags?post=3192"}],"curies":[{"name":"wp","href":"https:\/\/api.w.org\/{rel}","templated":true}]}}