{"id":3227,"date":"2016-07-19T07:37:20","date_gmt":"2016-07-19T10:37:20","guid":{"rendered":"http:\/\/www.bienaldelchaco.org\/?p=3227"},"modified":"2016-07-19T07:40:40","modified_gmt":"2016-07-19T10:40:40","slug":"todas-las-actividades-en-la-tercera-jornada-de-la-bienal","status":"publish","type":"post","link":"https:\/\/www.bienaldelchaco.org\/2024\/todas-las-actividades-en-la-tercera-jornada-de-la-bienal\/","title":{"rendered":"Todas las actividades en la tercera jornada de la Bienal"},"content":{"rendered":"<p>Tras obtener m\u00e1s de 60 mil visitas durante el inicio de la Bienal 2016, los organizadores contin\u00faan convocando a la comunidad a participar de las distintas actividades que se realizan en el predio del Domo del Centenario.<!--more--><\/p>\n<p>En esta tercera jornada, los escultores internacionales, los artesanos originarios y los argentinos, expondr\u00e1n su trabajo desde las 8.30 a las 19.<\/p>\n<p>Encuentro de ciudadanos aficionados a la escultura de 9 a 12.<\/p>\n<p>Exposici\u00f3n Asociaci\u00f3n Escultores Chaque\u00f1os de 9 a 22.<\/p>\n<p>Exposici\u00f3n Escultores del mundo de 9 22, en el predio Bienal | MusEUM | Sala de Exposiciones.<\/p>\n<p>Taller | Arte a Ciegas | A cargo de: Prof. Dar\u00edo J. Klehr de 9 a 12, en el predio Bienal | MusEUM.<\/p>\n<p>Taller | Arte a Ciegas | A cargo de: Prof. Dar\u00edo J. Klehr de 15 a 18 en el predio Bienal | MusEUM.<\/p>\n<p>Intervenci\u00f3n en Aguas Danzantes | Danza Contempor\u00e1nea | Compa\u00f1\u00eda Sandra Sisti a las 14 en el predio Bienal | Fuente Aguas Danzantes.<\/p>\n<p>Acrobacia A\u00e9rea y Circo, a cargo de: Prof. Dani Choi Ramirez a las 15 en el predio Bienal | Escenario Galatea.<\/p>\n<p>Encuentro de ciudadanos aficionados a la escultura de 15 a 18 en el predio Bienal.<\/p>\n<p>Intervenci\u00f3n acrob\u00e1tica a\u00e9rea | Troupe Acr\u00f3batas a las 16 en el predio Bienal en el Portal Domo del Centenario.<\/p>\n<p>Concurso de lampi\u00f1eros de 16:30 a 17:15 en el predio Bienal.<\/p>\n<p>Espect\u00e1culo infantil | Nicolino y Tres Pelitos \u2013 Novecento Circus \u2013 Galatea Circus Show a las 17, en el predio Bienal | Escenario Galatea.<\/p>\n<p>Intervenci\u00f3n: paseo de personajes y escenas | Taller de Teatro Galatea a las 18, en el predio Bienal.<\/p>\n<p>Danza cl\u00e1sica y contempor\u00e1nea | Ritmos afro latinos y danza \u00e1rabe a las 19, en el predio Bienal | Escenario Galatea.<\/p>\n<p>Artes combinadas de 19 a 00, en el predio Bienal | MusEUM.<\/p>\n<p>Intervenci\u00f3n en aguas danzantes | Acrobacia y fuego | Troupe acr\u00f3batas a las 20, en el predio Bienal | Fuente Aguas Danzantes.<\/p>\n<p>Teatro | \u201cEl guapo y la gorda\u201d, a las 21, en el predio Bienal | Escenario Galatea.<\/p>\n<p>Danza | Ballet Folkl\u00f3rico Nacional \u201cAqu\u00ed me pongo a cantar\u201d | Director: Omar Fiordelmondo, a las 21:15, en el predio Bienal | Domo del Centenario.<\/p>\n<p>&nbsp;<\/p>\n<p>Fuente: <a href=\"http:\/\/www.datachaco.com\/noticias\/view\/72650\" target=\"_blank\">www.datachaco.com<\/a><\/p>\n","protected":false},"excerpt":{"rendered":"<p>Tras obtener m\u00e1s de 60 mil visitas durante el inicio de la Bienal 2016, los organizadores contin\u00faan convocando a la comunidad a participar de las distintas actividades que se realizan en el predio del Domo del Centenario.<\/p>\n","protected":false},"author":3,"featured_media":3233,"comment_status":"closed","ping_status":"closed","sticky":false,"template":"","format":"standard","meta":{"footnotes":""},"categories":[6],"tags":[],"class_list":["post-3227","post","type-post","status-publish","format-standard","has-post-thumbnail","hentry","category-novedades"],"_links":{"self":[{"href":"https:\/\/www.bienaldelchaco.org\/2024\/wp-json\/wp\/v2\/posts\/3227","targetHints":{"allow":["GET"]}}],"collection":[{"href":"https:\/\/www.bienaldelchaco.org\/2024\/wp-json\/wp\/v2\/posts"}],"about":[{"href":"https:\/\/www.bienaldelchaco.org\/2024\/wp-json\/wp\/v2\/types\/post"}],"author":[{"embeddable":true,"href":"https:\/\/www.bienaldelchaco.org\/2024\/wp-json\/wp\/v2\/users\/3"}],"replies":[{"embeddable":true,"href":"https:\/\/www.bienaldelchaco.org\/2024\/wp-json\/wp\/v2\/comments?post=3227"}],"version-history":[{"count":1,"href":"https:\/\/www.bienaldelchaco.org\/2024\/wp-json\/wp\/v2\/posts\/3227\/revisions"}],"predecessor-version":[{"id":3229,"href":"https:\/\/www.bienaldelchaco.org\/2024\/wp-json\/wp\/v2\/posts\/3227\/revisions\/3229"}],"wp:featuredmedia":[{"embeddable":true,"href":"https:\/\/www.bienaldelchaco.org\/2024\/wp-json\/wp\/v2\/media\/3233"}],"wp:attachment":[{"href":"https:\/\/www.bienaldelchaco.org\/2024\/wp-json\/wp\/v2\/media?parent=3227"}],"wp:term":[{"taxonomy":"category","embeddable":true,"href":"https:\/\/www.bienaldelchaco.org\/2024\/wp-json\/wp\/v2\/categories?post=3227"},{"taxonomy":"post_tag","embeddable":true,"href":"https:\/\/www.bienaldelchaco.org\/2024\/wp-json\/wp\/v2\/tags?post=3227"}],"curies":[{"name":"wp","href":"https:\/\/api.w.org\/{rel}","templated":true}]}}