{"id":3277,"date":"2016-09-07T08:03:48","date_gmt":"2016-09-07T11:03:48","guid":{"rendered":"http:\/\/www.bienaldelchaco.org\/?p=3277"},"modified":"2016-09-07T08:03:48","modified_gmt":"2016-09-07T11:03:48","slug":"fabian-nanni-el-dibujo-te-permite-volar","status":"publish","type":"post","link":"https:\/\/www.bienaldelchaco.org\/2024\/fabian-nanni-el-dibujo-te-permite-volar\/","title":{"rendered":"Fabi\u00e1n Nanni: \u201cel dibujo te permite volar\u201d"},"content":{"rendered":"<p>El escultor represent\u00f3 a Salta en la Bienal Internacional de Esculturas de Chaco que se realiz\u00f3 en julio en Resistencia.<!--more--><\/p>\n<p><b>Fabi\u00e1n Nanni<\/b> tiene una clara filosof\u00eda de vida. Sostiene que \u201cel artista tiene que ser sociable\u201d. Quiz\u00e1s esta fue la raz\u00f3n que lo llev\u00f3 a elegir la escultura para su desarrollo art\u00edstico y personal. Seguramente por este motivo, las puertas del enorme galp\u00f3n donde funciona su taller en Cerrillos est\u00e1n siempre abiertas para el que quiera ver o adquirir alguna de sus obras, desde vasijas de cer\u00e1mica hasta obras de arte abstracto. Adem\u00e1s, su necesidad de dialogar con su entorno conocido y desconocido lo impulsa tambi\u00e9n a participar de encuentros donde el arte escult\u00f3rico es la estrella.<\/p>\n<p>En calidad de invitado, el salte\u00f1o adoptado particip\u00f3, por segunda vez, de la Bienal Internacional de Esculturas de Chaco \u201cEquilibrium\u201d que se realiz\u00f3 en julio en Resistencia. En el encuentro, considerado uno de los m\u00e1s importantes del mundo, artistas internacionales realizaron una obra in\u00e9dita a cielo abierto y frente a miles de espectadores.<\/p>\n<p>La Bienal tuvo dos momentos importantes. Por un lado la competencia donde se lucieron artistas de diferentes partes del mundo, y por otro la muestra de los escultores argentinos que participaron como invitados y que tambi\u00e9n crearon una pieza escult\u00f3rica en vivo. Nanni estuvo entre ellos. En una semana y en contacto con el p\u00fablico, le dio forma y vida a su obra llamada \u201cAtrapalunas\u201d y la experiencia fue inolvidable.<\/p>\n<p>\u201cA nivel profesional, la Bienal es una experiencia de ego\u00edsmo absoluto porque uno se nutre mucho de lo que se aprende en el camino. No podes evitar aprender y a su vez tambi\u00e9n le aportas lo tuyo a los otros. Es una ida y vuelta constante. Volv\u00e9s con la cabeza distinta\u201d, cont\u00f3 Nanni sobre su paso por el encuentro internacional que este a\u00f1o dignific\u00f3 a la cer\u00e1mica como material escult\u00f3rico.<\/p>\n<p>Semanas despu\u00e9s de su paso por la Bienal, Fabi\u00e1n recibi\u00f3 a LA GACETA en su taller en Cerrillos. All\u00ed pasa gran parte de sus d\u00edas recibiendo clientes que quieren comprarle alga pieza espec\u00edfica de uso decorativo o bocetando futuros proyectos escult\u00f3ricos. Su vida es un constante di\u00e1logo con el mismo y su entorno. Mate de por medio, el artista habl\u00f3 sobre los materiales que caracterizan su trabajo, y destac\u00f3 el rol fundamental que cumple la capacitaci\u00f3n a la hora de animarse a revelar sentimientos en sus creaciones. \u201cEl dibujo es la base de todo, es el eje que te permite volar\u201d, remarc\u00f3.<\/p>\n<p><b>Tu obra se caracteriza por la amplitud de materiales que utiliza para crearlas. \u00bfCon cu\u00e1l te sent\u00eds m\u00e1s c\u00f3mo y feliz?<\/b><\/p>\n<p>Con la piedra logro un estado de \u00e9xtasis. Me siento feliz trabajando con ella y en segundo lugar con la madera que es m\u00e1s accesible. Me gustan las piedras como el granito y el basalto. La cer\u00e1mica te permite moldear, en cambio en la piedra solo podes sacar. No hay margen de error. Es encontrarle calidez a un material fr\u00edo. El artista tiene que ser sociable, la escultura con m\u00e1s raz\u00f3n porque queda en la calle, convive con la gente. La pintura y el dibujo necesitan de una pared, a su vez, la pared necesita de una interior porque si no el propio material se deteriora, es como m\u00e1s intimista. En cambio la escultura no. Es m\u00e1s extrovertida, es para que salga.<\/p>\n<p><b>\u00bfC\u00f3mo fue mutando tu trabajo?<\/b><\/p>\n<p>En el arte pasa como en la vida. Cuanto m\u00e1s te capacitas, m\u00e1s te abstraes porque el mismo conocimiento te lleva a la esencia de las cosas y perd\u00e9s el lenguaje m\u00e1s llano. Lo mismo pasa con la imagen. Cuando empez\u00e1s a dibujar sos descriptivo de lo que ves pero cuando te capacitas te das cuenta que lo importante no es lo que se ve sino lo que se siente. La capacitaci\u00f3n te da alas. El asunto est\u00e1 en no dejar de buscar\u201d. Con la capacitaci\u00f3n, tus intereses tambi\u00e9n fueron cambiando\u2026. Si, la capacitaci\u00f3n te hace manejar diferentes lenguajes. Por ejemplo, ahora tengo que presupuestar una estatua de un jugador de rugby para un club de Limache. Lo hago por trabajo, claro, pero tambi\u00e9n de la mejor manera porque me gusta. Ahora tambi\u00e9n estoy bocetando un proyecto para postularme para competir en un encuentro de esculturas en m\u00e1rmol en Brasil. Es una obra figurativa. Con esto quiero decir que la capacitaci\u00f3n te permite ser libre. No dejo de ser feliz por hacer un rugbier, una vasija o una obra de arte. El coraz\u00f3n de todo esto es el dibujo. Es el que te permite volar, te ordena la vida, por eso es tan profundo\u201d.<\/p>\n<p><b>Sos reconocido en otras provincias. Tus obras est\u00e1n en espacios p\u00fablicos de otras ciudades pero aqu\u00ed, en Salta, no. \u00bfSent\u00eds que aqu\u00ed no hay valoraci\u00f3n?<\/b><\/p>\n<p>Yo tengo claro que es as\u00ed. Tambi\u00e9n s\u00e9 que no soy distinto a nadie, soy un vecino igual. Causa dolor, por ejemplo, que tengas un ente que supuestamente trabaja para la cultura, que improvisa teniendo aqu\u00ed gente que puede orientar para que se hagan de otra manera y tengan otro valor. Eso no significa que te den el trabajo a vos pero si, por ejemplo, yo me pregunto por qu\u00e9 se pone algo en un lugar p\u00fablico y no se hace un concurso. Hay que poner algo que se merezca estar ah\u00ed porque es para el beneficio de todos. \u00bfPor qu\u00e9 todos tenemos que ver algo que no est\u00e1 a nivel solamente porque hab\u00eda una amistad atr\u00e1s? Eso no corresponde cuando se trabaja por el bien de todos.<\/p>\n<p>Fuente: <a href=\"http:\/\/m.lagacetasalta.com.ar\/nota\/60326\/espectaculos\/fabian-nanni-el-dibujo-te-permite-volar.html\">www.lagacetasalta.com.ar<\/a><\/p>\n\n\t\t<style type=\"text\/css\">\n\t\t\t#gallery-1 {\n\t\t\t\tmargin: auto;\n\t\t\t}\n\t\t\t#gallery-1 .gallery-item {\n\t\t\t\tfloat: left;\n\t\t\t\tmargin-top: 10px;\n\t\t\t\ttext-align: center;\n\t\t\t\twidth: 50%;\n\t\t\t}\n\t\t\t#gallery-1 img {\n\t\t\t\tborder: 2px solid #cfcfcf;\n\t\t\t}\n\t\t\t#gallery-1 .gallery-caption {\n\t\t\t\tmargin-left: 0;\n\t\t\t}\n\t\t\t\/* see gallery_shortcode() in wp-includes\/media.php *\/\n\t\t<\/style>\n\t\t<div id='gallery-1' class='gallery galleryid-3277 gallery-columns-2 gallery-size-thumbnail'><dl class='gallery-item'>\n\t\t\t<dt class='gallery-icon portrait'>\n\t\t\t\t<a href='https:\/\/www.bienaldelchaco.org\/2024\/wp-content\/uploads\/2016\/09\/IMG_9961.jpg'><img loading=\"lazy\" decoding=\"async\" width=\"150\" height=\"150\" src=\"https:\/\/www.bienaldelchaco.org\/2024\/wp-content\/uploads\/2016\/09\/IMG_9961-150x150.jpg\" class=\"attachment-thumbnail size-thumbnail\" alt=\"\" \/><\/a>\n\t\t\t<\/dt><\/dl><dl class='gallery-item'>\n\t\t\t<dt class='gallery-icon portrait'>\n\t\t\t\t<a href='https:\/\/www.bienaldelchaco.org\/2024\/wp-content\/uploads\/2016\/09\/IMG_3959.jpg'><img loading=\"lazy\" decoding=\"async\" width=\"150\" height=\"150\" src=\"https:\/\/www.bienaldelchaco.org\/2024\/wp-content\/uploads\/2016\/09\/IMG_3959-150x150.jpg\" class=\"attachment-thumbnail size-thumbnail\" alt=\"\" \/><\/a>\n\t\t\t<\/dt><\/dl><br style=\"clear: both\" \/><dl class='gallery-item'>\n\t\t\t<dt class='gallery-icon landscape'>\n\t\t\t\t<a href='https:\/\/www.bienaldelchaco.org\/2024\/wp-content\/uploads\/2016\/09\/IMG_9552.jpg'><img loading=\"lazy\" decoding=\"async\" width=\"150\" height=\"150\" src=\"https:\/\/www.bienaldelchaco.org\/2024\/wp-content\/uploads\/2016\/09\/IMG_9552-150x150.jpg\" class=\"attachment-thumbnail size-thumbnail\" alt=\"\" \/><\/a>\n\t\t\t<\/dt><\/dl><dl class='gallery-item'>\n\t\t\t<dt class='gallery-icon landscape'>\n\t\t\t\t<a href='https:\/\/www.bienaldelchaco.org\/2024\/wp-content\/uploads\/2016\/09\/IMG_9443.jpg'><img loading=\"lazy\" decoding=\"async\" width=\"150\" height=\"150\" src=\"https:\/\/www.bienaldelchaco.org\/2024\/wp-content\/uploads\/2016\/09\/IMG_9443-150x150.jpg\" class=\"attachment-thumbnail size-thumbnail\" alt=\"\" \/><\/a>\n\t\t\t<\/dt><\/dl><br style=\"clear: both\" \/>\n\t\t<\/div>\n\n<p>Fotos: Gonzalo Pujal<\/p>\n","protected":false},"excerpt":{"rendered":"<p>El escultor represent\u00f3 a Salta en la Bienal Internacional de Esculturas de Chaco que se realiz\u00f3 en julio en Resistencia.<\/p>\n","protected":false},"author":3,"featured_media":3278,"comment_status":"closed","ping_status":"closed","sticky":false,"template":"","format":"standard","meta":{"footnotes":""},"categories":[6],"tags":[],"class_list":["post-3277","post","type-post","status-publish","format-standard","has-post-thumbnail","hentry","category-novedades"],"_links":{"self":[{"href":"https:\/\/www.bienaldelchaco.org\/2024\/wp-json\/wp\/v2\/posts\/3277","targetHints":{"allow":["GET"]}}],"collection":[{"href":"https:\/\/www.bienaldelchaco.org\/2024\/wp-json\/wp\/v2\/posts"}],"about":[{"href":"https:\/\/www.bienaldelchaco.org\/2024\/wp-json\/wp\/v2\/types\/post"}],"author":[{"embeddable":true,"href":"https:\/\/www.bienaldelchaco.org\/2024\/wp-json\/wp\/v2\/users\/3"}],"replies":[{"embeddable":true,"href":"https:\/\/www.bienaldelchaco.org\/2024\/wp-json\/wp\/v2\/comments?post=3277"}],"version-history":[{"count":2,"href":"https:\/\/www.bienaldelchaco.org\/2024\/wp-json\/wp\/v2\/posts\/3277\/revisions"}],"predecessor-version":[{"id":3284,"href":"https:\/\/www.bienaldelchaco.org\/2024\/wp-json\/wp\/v2\/posts\/3277\/revisions\/3284"}],"wp:featuredmedia":[{"embeddable":true,"href":"https:\/\/www.bienaldelchaco.org\/2024\/wp-json\/wp\/v2\/media\/3278"}],"wp:attachment":[{"href":"https:\/\/www.bienaldelchaco.org\/2024\/wp-json\/wp\/v2\/media?parent=3277"}],"wp:term":[{"taxonomy":"category","embeddable":true,"href":"https:\/\/www.bienaldelchaco.org\/2024\/wp-json\/wp\/v2\/categories?post=3277"},{"taxonomy":"post_tag","embeddable":true,"href":"https:\/\/www.bienaldelchaco.org\/2024\/wp-json\/wp\/v2\/tags?post=3277"}],"curies":[{"name":"wp","href":"https:\/\/api.w.org\/{rel}","templated":true}]}}