{"id":3286,"date":"2016-09-28T12:56:49","date_gmt":"2016-09-28T15:56:49","guid":{"rendered":"http:\/\/www.bienaldelchaco.org\/?p=3286"},"modified":"2016-09-28T12:56:49","modified_gmt":"2016-09-28T15:56:49","slug":"hace-40-anos-ni-el-mas-loco-de-los-locos-hubiera-pensado-que-iban-a-venir-turistas","status":"publish","type":"post","link":"https:\/\/www.bienaldelchaco.org\/2024\/hace-40-anos-ni-el-mas-loco-de-los-locos-hubiera-pensado-que-iban-a-venir-turistas\/","title":{"rendered":"Hace 40 a\u00f1os, ni el m\u00e1s loco de los locos hubiera pensado que iban a venir turistas"},"content":{"rendered":"<p>El l\u00edder de la Fundaci\u00f3n Urunday, mientras participaba de los actos en Fontana, hizo un balance de lo ocurrido en la \u00faltima Bienal de Esculturas, destac\u00f3 la cantidad de visitantes al predio, la participaci\u00f3n en redes sociales y la preponderancia mundial que tiene la muestra. La semana pr\u00f3xima se comienza a poner carteles de la Bienal 2018.<!--more--><\/p>\n<p>En di\u00e1logo con RADIO CIUDAD, Fabriciano comenz\u00f3 haciendo saber que se encontraba en la localidad de Fontana, donde &#8220;en la ma\u00f1ana de \u00e9ste martes emplazamos una obra del maestro Carlos D\u00edaz Navarro, uno de los artistas que particip\u00f3 del premio Desaf\u00edo&#8221;, y se mostr\u00f3 sorprendido por &#8220;lo que es hoy Fontana. Es incre\u00edble, est\u00e1 bell\u00edsima&#8221;.<\/p>\n<h2 class=\"page-heading\">La mejor Bienal.<\/h2>\n<p>Luego, el &#8220;negro&#8221; Fabriciano justific\u00f3 el balance realizado sobre la Bienal, diciendo que &#8220;es lo que corresponde, porque manejamos fondos p\u00fablicos por la Ley del Mecenazgo&#8221;.<\/p>\n<p>La Bienal es una de las manifestaciones importantes de la provincia, reconoci\u00f3, y &#8220;no es casual que el disertante haya dicho que tuvimos 370.000 visitas durante su desarrollo; m\u00e1s de 148.000 correos electr\u00f3nicos, y una participaci\u00f3n por internet de 12 millones de personas de todo el mundo&#8221;.<\/p>\n<p>Absolutamente satisfecho, acot\u00f3 que la Bienal de Resistencia se encuentra &#8220;en el tercer lugar del ranking mundial&#8221; -la primera es la de Venecia-, y destac\u00f3 tambi\u00e9n que &#8220;hemos tenido un 40% de turistas desde Buenos Aires y un 27% de otras provincias&#8221;.<\/p>\n<p>Reflexion\u00f3 aqu\u00ed &#8220;qui\u00e9n hubiera pensado 40 a\u00f1os atr\u00e1s, que a nuestro Chaco iban a venir turistas. Ni el m\u00e1s loco de los locos. Efra\u00edn y Aldo, no habr\u00e1n pensado que iban a venir turistas y que \u00edbamos a tener tantas agencias de viaje&#8221;.<\/p>\n<p>No escap\u00f3 a su an\u00e1lisis la consideraci\u00f3n de que &#8220;fue la Bienal m\u00e1s exitosa de todas&#8221; y marc\u00f3 como significativo &#8220;que hayamos tenido la visita de Iram que nos otorg\u00f3 la norma Isso 9001. Me gustar\u00eda que la tengan todas las actividades culturales del mundo, pero somos la \u00fanica que tiene esa norma&#8221;.<\/p>\n<h2 class=\"page-heading\">Trabajando para 2018.<\/h2>\n<p>Finalmente, dijo que &#8220;ya estamos trabajando para el 2018. Va a haber sonidos diferentes y materiales diferentes. La semana que viene ya se comienza a poner toda la carteler\u00eda para dentro de 2 a\u00f1os. Trabajamos pensando en la excelencia&#8221;.<\/p>\n<p>En forma anecd\u00f3tica narr\u00f3 que &#8220;los escultores cuando los llevamos a Castelli no pod\u00edan creer. Yo ten\u00eda temor. Antes los llevaba a Marcos Ju\u00e1rez, C\u00f3rdoba. Se fueron sorprendidos de la calidez de la gente de Castelli, las comidas regionales. Creo que vamos por muy bien camino&#8221;.<\/p>\n<p>Tambi\u00e9n dej\u00f3 constancia de que &#8220;en la pr\u00f3xima bienal vamos a cumplir 30 a\u00f1os&#8221; y destac\u00f3 &#8220;la decisi\u00f3n pol\u00edtica del gobierno, del municipio y el aporte de los medios. Gracias a ustedes la gente puede vivir lo que sucede en esos 8 d\u00edas en el Parque 2 de Febrero&#8221;, concluy\u00f3.<\/p>\n<p>Fuente: <a href=\"http:\/\/www.chacodiapordia.com\/interes-general\/noticia\/114361\/hace-40-anos-ni-el-mas-loco-de-los-locos-hubiera-pensado-que-iban-a-venir-turistas\" target=\"_blank\">www.chacodiapordia.com<\/a><\/p>\n","protected":false},"excerpt":{"rendered":"<p>El l\u00edder de la Fundaci\u00f3n Urunday, mientras participaba de los actos en Fontana, hizo un balance de lo ocurrido en la \u00faltima Bienal de Esculturas, destac\u00f3 la cantidad de visitantes al predio, la participaci\u00f3n en redes sociales y la preponderancia mundial que tiene la muestra&#8230;.<\/p>\n","protected":false},"author":3,"featured_media":3287,"comment_status":"closed","ping_status":"closed","sticky":false,"template":"","format":"standard","meta":{"footnotes":""},"categories":[6],"tags":[],"class_list":["post-3286","post","type-post","status-publish","format-standard","has-post-thumbnail","hentry","category-novedades"],"_links":{"self":[{"href":"https:\/\/www.bienaldelchaco.org\/2024\/wp-json\/wp\/v2\/posts\/3286","targetHints":{"allow":["GET"]}}],"collection":[{"href":"https:\/\/www.bienaldelchaco.org\/2024\/wp-json\/wp\/v2\/posts"}],"about":[{"href":"https:\/\/www.bienaldelchaco.org\/2024\/wp-json\/wp\/v2\/types\/post"}],"author":[{"embeddable":true,"href":"https:\/\/www.bienaldelchaco.org\/2024\/wp-json\/wp\/v2\/users\/3"}],"replies":[{"embeddable":true,"href":"https:\/\/www.bienaldelchaco.org\/2024\/wp-json\/wp\/v2\/comments?post=3286"}],"version-history":[{"count":1,"href":"https:\/\/www.bienaldelchaco.org\/2024\/wp-json\/wp\/v2\/posts\/3286\/revisions"}],"predecessor-version":[{"id":3288,"href":"https:\/\/www.bienaldelchaco.org\/2024\/wp-json\/wp\/v2\/posts\/3286\/revisions\/3288"}],"wp:featuredmedia":[{"embeddable":true,"href":"https:\/\/www.bienaldelchaco.org\/2024\/wp-json\/wp\/v2\/media\/3287"}],"wp:attachment":[{"href":"https:\/\/www.bienaldelchaco.org\/2024\/wp-json\/wp\/v2\/media?parent=3286"}],"wp:term":[{"taxonomy":"category","embeddable":true,"href":"https:\/\/www.bienaldelchaco.org\/2024\/wp-json\/wp\/v2\/categories?post=3286"},{"taxonomy":"post_tag","embeddable":true,"href":"https:\/\/www.bienaldelchaco.org\/2024\/wp-json\/wp\/v2\/tags?post=3286"}],"curies":[{"name":"wp","href":"https:\/\/api.w.org\/{rel}","templated":true}]}}