{"id":3367,"date":"2016-11-29T12:14:34","date_gmt":"2016-11-29T15:14:34","guid":{"rendered":"http:\/\/www.bienaldelchaco.org\/?p=3367"},"modified":"2016-11-29T12:14:34","modified_gmt":"2016-11-29T15:14:34","slug":"con-ocho-obras-de-fabriciano-resistencia-llega-a-las-628-esculturas","status":"publish","type":"post","link":"https:\/\/www.bienaldelchaco.org\/2024\/con-ocho-obras-de-fabriciano-resistencia-llega-a-las-628-esculturas\/","title":{"rendered":"Con ocho obras de Fabriciano, Resistencia llega a las 628 esculturas"},"content":{"rendered":"<p><strong>\u201cMacarena\u201d<\/strong>, <strong>\u201cColumna para Seitor I\u201d<\/strong>, <strong>\u201cMirada Infinita\u201d<\/strong>, <strong>\u201cDespertar\u201d<\/strong>, <strong>\u201cTrinidad\u201d<\/strong>\u00a0<strong>\u201cColumna para Seitor II\u201d<\/strong>, <strong>\u201cPareja IV\u201d<\/strong>, <strong>\u201cPareja III\u201d<\/strong> y <strong>\u201cAutorretrato\u201d<\/strong> son las nuevas obras que ampliar\u00e1n el patrimonio cultural de la Ciudad de las Esculturas. Ser\u00e1n inauguradas este martes, en un acto al que invitan a toda la comunidad.<!--more--><\/p>\n<p>Las esculturas ser\u00e1n donadas por la Casa Museo Fabriciano y ser\u00e1n emplazadas este martes, a las 21, en el &#8220;Corredor Fabriciano G\u00f3mez&#8221;, el que se extiende desde la avenida 25 de Mayo y calle Lucio V. Mansilla hasta Julio A. Roca, y desde esa arteria 200 metros m\u00e1s hacia avenida Mac Lean de la ciudad, frente a los domicilios de los vecinos del barrio Villa Seitor, a metros del hogar del renombrado escultor.<br \/>\nLos emplazamientos forman parte del proyecto Resistencia, la Ciudad de las Esculturas presentado por la Fundaci\u00f3n Urunday dentro del marco de la Ley de Mecenazgo.<\/p>\n<h2 class=\"page-heading\">Las obras.<\/h2>\n<p>La Escultura N\u00ba621 de nombre &#8220;Macarena&#8221; fue realizada en Metal; la N\u00ba622 &#8220;Columna para Seitor I&#8221; se alza en madera de quebracho. La N\u00ba623, &#8220;Mirada Infinita&#8221;, fue realizada en granito y la N\u00ba624 &#8220;Despertar&#8221;, en m\u00e1rmol.<br \/>\nLa Escultura N\u00ba625 &#8220;Trinidad&#8221; fue realizada en m\u00e1rmol y granito y la N\u00ba626 &#8220;Columna para Seitor II&#8221;, en m\u00e1rmol travertino. La Escultura N\u00ba627 &#8220;Pareja IV&#8221; fue realizada en metal y la N\u00ba628 &#8220;Pareja III&#8221;, en Granito. La N\u00ba 629 &#8220;Autorretrato&#8221; es de acero.<\/p>\n<h2 class=\"page-heading\">El Artista.<\/h2>\n<p>Fabriciano naci\u00f3 en Resistencia, el 27 de junio de 1944. Hizo su escuela primaria en la Escuela Nacional N\u00ba 73 y egres\u00f3 de la Escuela de Bellas Artes con el t\u00edtulo de Profesor de Dibujo, Pintura y Escultura.<br \/>\nEs presidente de la Fundaci\u00f3n Urunday. Fue decarado Hijo Dlecto por el Gobierno del Chaco. Es represente argentino Bienal de Venecia, Italia. Obtuvo el Premio Konex Artes Visuales, Argentina; la Menci\u00f3n de Honor Senador Domingo Faustino Sarmiento; el Premio M\u00e9rito Art\u00edstico y Trayectoria, Gobierno del Chaco; y el Doctorado Honoris Causa, U.N.N.E.<br \/>\nEn 1975 recibi\u00f3 el Gran Premio de Honor Manuel Belgrano; en 1977, el Gran Premio de Honor Sal\u00f3n Nacional, Argentina; y en 1994 la Medalla de Oro, Lillehamer, Noruega.<\/p>\n","protected":false},"excerpt":{"rendered":"<p>\u201cMacarena\u201d, \u201cColumna para Seitor I\u201d, \u201cMirada Infinita\u201d, \u201cDespertar\u201d, \u201cTrinidad\u201d\u00a0\u201cColumna para Seitor II\u201d, \u201cPareja IV\u201d, \u201cPareja III\u201d y \u201cAutorretrato\u201d son las nuevas obras que ampliar\u00e1n el patrimonio cultural de la Ciudad de las Esculturas. Ser\u00e1n inauguradas este martes, en un acto al que invitan a toda&#8230;<\/p>\n","protected":false},"author":3,"featured_media":3368,"comment_status":"closed","ping_status":"closed","sticky":false,"template":"","format":"standard","meta":{"footnotes":""},"categories":[6],"tags":[],"class_list":["post-3367","post","type-post","status-publish","format-standard","has-post-thumbnail","hentry","category-novedades"],"_links":{"self":[{"href":"https:\/\/www.bienaldelchaco.org\/2024\/wp-json\/wp\/v2\/posts\/3367","targetHints":{"allow":["GET"]}}],"collection":[{"href":"https:\/\/www.bienaldelchaco.org\/2024\/wp-json\/wp\/v2\/posts"}],"about":[{"href":"https:\/\/www.bienaldelchaco.org\/2024\/wp-json\/wp\/v2\/types\/post"}],"author":[{"embeddable":true,"href":"https:\/\/www.bienaldelchaco.org\/2024\/wp-json\/wp\/v2\/users\/3"}],"replies":[{"embeddable":true,"href":"https:\/\/www.bienaldelchaco.org\/2024\/wp-json\/wp\/v2\/comments?post=3367"}],"version-history":[{"count":1,"href":"https:\/\/www.bienaldelchaco.org\/2024\/wp-json\/wp\/v2\/posts\/3367\/revisions"}],"predecessor-version":[{"id":3369,"href":"https:\/\/www.bienaldelchaco.org\/2024\/wp-json\/wp\/v2\/posts\/3367\/revisions\/3369"}],"wp:featuredmedia":[{"embeddable":true,"href":"https:\/\/www.bienaldelchaco.org\/2024\/wp-json\/wp\/v2\/media\/3368"}],"wp:attachment":[{"href":"https:\/\/www.bienaldelchaco.org\/2024\/wp-json\/wp\/v2\/media?parent=3367"}],"wp:term":[{"taxonomy":"category","embeddable":true,"href":"https:\/\/www.bienaldelchaco.org\/2024\/wp-json\/wp\/v2\/categories?post=3367"},{"taxonomy":"post_tag","embeddable":true,"href":"https:\/\/www.bienaldelchaco.org\/2024\/wp-json\/wp\/v2\/tags?post=3367"}],"curies":[{"name":"wp","href":"https:\/\/api.w.org\/{rel}","templated":true}]}}