{"id":3392,"date":"2016-12-23T12:46:41","date_gmt":"2016-12-23T15:46:41","guid":{"rendered":"http:\/\/www.bienaldelchaco.org\/?p=3392"},"modified":"2016-12-23T12:46:41","modified_gmt":"2016-12-23T15:46:41","slug":"mora-dicembrino-esta-bienal-posiciona-a-resistencia-y-al-destino-chaco","status":"publish","type":"post","link":"https:\/\/www.bienaldelchaco.org\/2024\/mora-dicembrino-esta-bienal-posiciona-a-resistencia-y-al-destino-chaco\/","title":{"rendered":"Mora Dicembrino \u201cEsta Bienal posiciona a Resistencia y al destino Chaco\u2026\u201d"},"content":{"rendered":"<p><strong>En el marco del reconocimiento del gobierno provincial en conferencia de prensa <\/strong>la presidente del Instituto de Turismo Mora Dicembrino, destac\u00f3 el aporte de la Fundaci\u00f3n Urunday al desarrollo cultural del Chaco, que se traduce entre otras cosas, en la organizaci\u00f3n de la Bienal Internacional de las Esculturas. Valor\u00f3 adem\u00e1s la distinci\u00f3n recibida y dijo al respecto: \u201cEste premio llega despu\u00e9s de varias premiaciones; en primer lugar, la que Fabriciano hace a todos los chaque\u00f1os poniendo estas esculturas en la calle, para que la disfruten tambi\u00e9n turistas que visiten la provincia\u201d.<\/p>\n<p><!--more--><\/p>\n<p>&nbsp;<\/p>\n<p>\u201cEsta Bienal posiciona a Resistencia y al destino Chaco en el mapa nacional, trascendiendo fronteras internacionales y permitiendo que en julio, la provincia tenga una de las principales tasas de ocupaci\u00f3n tur\u00edstica del pa\u00eds\u201d, a\u00f1adi\u00f3. En esa l\u00ednea, sostuvo que la campa\u00f1a publicitaria del \u00faltimo certamen de las esculturas, denominada \u201cAmor al Arte\u201d, se convirti\u00f3 en un eslogan permanente y dej\u00f3 de ser solo una campa\u00f1a de marketing para posicionarse en el coraz\u00f3n de todos los chaque\u00f1os.<\/p>\n<p>&nbsp;<\/p>\n<p><img loading=\"lazy\" decoding=\"async\" class=\"aligncenter size-full wp-image-3395\" src=\"https:\/\/www.bienaldelchaco.org\/2024\/wp-content\/uploads\/2016\/12\/mora-dicembrino.jpg\" alt=\"mora dicembrino\" width=\"670\" height=\"806\" srcset=\"https:\/\/www.bienaldelchaco.org\/2024\/wp-content\/uploads\/2016\/12\/mora-dicembrino.jpg 670w, https:\/\/www.bienaldelchaco.org\/2024\/wp-content\/uploads\/2016\/12\/mora-dicembrino-249x300.jpg 249w\" sizes=\"auto, (max-width: 670px) 100vw, 670px\" \/><\/p>\n","protected":false},"excerpt":{"rendered":"<p>En el marco del reconocimiento del gobierno provincial en conferencia de prensa la presidente del Instituto de Turismo Mora Dicembrino, destac\u00f3 el aporte de la Fundaci\u00f3n Urunday al desarrollo cultural del Chaco, que se traduce entre otras cosas, en la organizaci\u00f3n de la Bienal Internacional&#8230;<\/p>\n","protected":false},"author":3,"featured_media":3394,"comment_status":"closed","ping_status":"closed","sticky":false,"template":"","format":"standard","meta":{"footnotes":""},"categories":[6],"tags":[],"class_list":["post-3392","post","type-post","status-publish","format-standard","has-post-thumbnail","hentry","category-novedades"],"_links":{"self":[{"href":"https:\/\/www.bienaldelchaco.org\/2024\/wp-json\/wp\/v2\/posts\/3392","targetHints":{"allow":["GET"]}}],"collection":[{"href":"https:\/\/www.bienaldelchaco.org\/2024\/wp-json\/wp\/v2\/posts"}],"about":[{"href":"https:\/\/www.bienaldelchaco.org\/2024\/wp-json\/wp\/v2\/types\/post"}],"author":[{"embeddable":true,"href":"https:\/\/www.bienaldelchaco.org\/2024\/wp-json\/wp\/v2\/users\/3"}],"replies":[{"embeddable":true,"href":"https:\/\/www.bienaldelchaco.org\/2024\/wp-json\/wp\/v2\/comments?post=3392"}],"version-history":[{"count":1,"href":"https:\/\/www.bienaldelchaco.org\/2024\/wp-json\/wp\/v2\/posts\/3392\/revisions"}],"predecessor-version":[{"id":3396,"href":"https:\/\/www.bienaldelchaco.org\/2024\/wp-json\/wp\/v2\/posts\/3392\/revisions\/3396"}],"wp:featuredmedia":[{"embeddable":true,"href":"https:\/\/www.bienaldelchaco.org\/2024\/wp-json\/wp\/v2\/media\/3394"}],"wp:attachment":[{"href":"https:\/\/www.bienaldelchaco.org\/2024\/wp-json\/wp\/v2\/media?parent=3392"}],"wp:term":[{"taxonomy":"category","embeddable":true,"href":"https:\/\/www.bienaldelchaco.org\/2024\/wp-json\/wp\/v2\/categories?post=3392"},{"taxonomy":"post_tag","embeddable":true,"href":"https:\/\/www.bienaldelchaco.org\/2024\/wp-json\/wp\/v2\/tags?post=3392"}],"curies":[{"name":"wp","href":"https:\/\/api.w.org\/{rel}","templated":true}]}}