{"id":3397,"date":"2016-12-23T12:47:58","date_gmt":"2016-12-23T15:47:58","guid":{"rendered":"http:\/\/www.bienaldelchaco.org\/?p=3397"},"modified":"2016-12-26T16:57:12","modified_gmt":"2016-12-26T19:57:12","slug":"resistencia-entre-los-20-principales-destinos-turisticos-gracias-a-la-bienal","status":"publish","type":"post","link":"https:\/\/www.bienaldelchaco.org\/2024\/resistencia-entre-los-20-principales-destinos-turisticos-gracias-a-la-bienal\/","title":{"rendered":"Resistencia entre los 20 principales destinos tur\u00edsticos gracias a la Bienal"},"content":{"rendered":"<p>De acuerdo a los datos relevados por el Ministerio de Turismo de la Naci\u00f3n, el INDEC y el estudio sobre oferta hotelera realizado por GDA, e Instituto\u00a0 de Turismo y C\u00e1mara de Comercio de Resistencia, durante la semana de la Bienal Internacional de Escultura se logr\u00f3 el 100% de tasa de ocupaci\u00f3n, superando en un 17% la tasa de ocupaci\u00f3n promedio del mismo per\u00edodo de 2015, y posicionando a Resistencia por primera vez en la historia dentro de los primeros 20 principales destinos tur\u00edsticos\u00a0 de Argentina, a la altura de Puerto Madryn, Tandil o San Rafael Mendoza.<\/p>\n<p><!--more--><\/p>\n<p>&nbsp;<\/p>\n<p>Desde la Fundaci\u00f3n Urunday, su presidente Fabriciano manifest\u00f3: \u201cEstamos muy felices, como ciudadanos y como chaque\u00f1os. Cuando Gaspar del departamento de relaciones institucionales nos trajo los datos ya verificados, no lo pod\u00edamos creer. \u00bfQui\u00e9n iba a pensar, treinta a\u00f1os atr\u00e1s que Resistencia se convertir\u00eda en un destino tur\u00edstico?\u00a0 Este es el resultado de tanto esfuerzo, que realizamos desde la fundaci\u00f3n, mancomunadamente con los gobiernos provinciales y municipales de diferentes signos pol\u00edticos y donde ellos, han tomado como pol\u00edtica de estado colaborar en la consolidaci\u00f3n de \u201cResistencia, la Ciudad de las Esculturas\u201d.<\/p>\n<p>&nbsp;<\/p>\n<p>El escultor sostuvo adem\u00e1s que \u201cten\u00eda tanta fe, lo empezamos a so\u00f1ar cuando en 1998, la UNESCO comenz\u00f3 el seguimiento de este fen\u00f3meno escult\u00f3rico y se iniciaron las gestiones para declarar a Resistencia Patrimonio Cultural de la Humanidad, parece ayer pero ya pasaron seis a\u00f1os cuando iba a los hoteles y hac\u00edamos reuniones para crear el primer paquete tur\u00edstico a Resistencia.\u00a0 Estoy tan contento\u201d.<\/p>\n<p>&nbsp;<\/p>\n<p>\u201cEste\u00a0\u00a0 reci\u00e9n es el comienzo\u201d, se\u00f1al\u00f3 el presidente de la Fundaci\u00f3n Urunday. \u201cTenemos mucho todav\u00eda por hacer\u00a0 por esta ciudad y digo tenemos porque esto lo hacemos entre todos, un ejemplo es lo que sucedi\u00f3 durante la Bienal, donde el instituto de turismo y la municipalidad sumaron distintas actividades y propuestas en el predio Bienal y en la ciudad, lo que logr\u00f3 potenciar a\u00fan m\u00e1s durante toda esa semana en diferentes horarios y puntos de inter\u00e9s nuestra gran fiesta escult\u00f3rica. Esto es hacer las cosas bien, esto es transformar al arte en un bien de todos\u201d, asever\u00f3.<\/p>\n<p>&nbsp;<\/p>\n<p>Desde el \u00e1rea de relaciones institucionales Gaspar Gracia Daponte manifest\u00f3; \u201cEn el a\u00f1o 2018, se cumplir\u00e1n 30\u00a0 a\u00f1os que la Fundaci\u00f3n Urunday viene bregando por hacer del arte un bien de todos. Cada una de las etapas fue marcando su historia institucional. Hoy Resistencia es la ciudad donde se realiza una de las 3 Bienales Internacionales m\u00e1s importante del mundo, convivimos con el museo de esculturas al aire libre m\u00e1s grande del mundo, un circuito con m\u00e1s de 600 obras que cubren plazas, avenidas y bulevares, un patrimonio escult\u00f3rico con m\u00e1rmoles, bronces y luminarias que conviven con la comunidad en la v\u00eda p\u00fablica todos los d\u00edas\u201d.<\/p>\n<p>\u201cNo es casualidad que hoy Resistencia, haya sido r\u00e9cord en\u00a0ocupaci\u00f3n hotelera en la semana de la bienal, solo basta mirar hacia atr\u00e1s en el tiempo y recordar acontecimientos que fuimos construyendo en conjunto con los gobiernos de turno:\u00a0 La mirada de la Unesco desde\u00a0 1998 para transformar a esta ciudad en &#8220;Patrimonio Cultural de la Humanidad\u201d, en 2006 el Congreso de la Naci\u00f3n declara a Resistencia \u201cCapital Nacional de las Esculturas\u201d. En 2010, El Parlamento del Mercosur declara a la ciudad de Resistencia, Chaco, Rep\u00fablica Argentina, &#8220;Capital MERCOSUR de las Esculturas&#8221;.\u00a0 En 2013 la Fundaci\u00f3n es distinguida por el programa buenas pr\u00e1cticas en destinos tur\u00edsticos, al a\u00f1o siguiente, la Bienal de Escultura es declara de Inter\u00e9s Tur\u00edstico por Turismo de la Naci\u00f3n y por \u00faltimo, le otorgaron la Marca Pa\u00eds Argentina por su trayectoria cultural. Es por ello, finaliz\u00f3 Daponte, que este posicionando de Resistencia por primera vez en la historia dentro de los primeros 20 lugares de Argentina, es el resultado de esfuerzo y sacrificio de todos los chaque\u00f1os que pensamos a la BIENAL como una \u201cfiesta popular\u201d de primer nivel, con el arte y la cultura como protagonistas centrales y vamos a seguir trabajando para expandir la Bienal y consolidar esta propuesta tur\u00edstico-cultural\u201d.<\/p>\n","protected":false},"excerpt":{"rendered":"<p>De acuerdo a los datos relevados por el Ministerio de Turismo de la Naci\u00f3n, el INDEC y el estudio sobre oferta hotelera realizado por GDA, e Instituto\u00a0 de Turismo y C\u00e1mara de Comercio de Resistencia, durante la semana de la Bienal Internacional de Escultura se&#8230;<\/p>\n","protected":false},"author":3,"featured_media":3398,"comment_status":"closed","ping_status":"closed","sticky":false,"template":"","format":"standard","meta":{"footnotes":""},"categories":[6],"tags":[],"class_list":["post-3397","post","type-post","status-publish","format-standard","has-post-thumbnail","hentry","category-novedades"],"_links":{"self":[{"href":"https:\/\/www.bienaldelchaco.org\/2024\/wp-json\/wp\/v2\/posts\/3397","targetHints":{"allow":["GET"]}}],"collection":[{"href":"https:\/\/www.bienaldelchaco.org\/2024\/wp-json\/wp\/v2\/posts"}],"about":[{"href":"https:\/\/www.bienaldelchaco.org\/2024\/wp-json\/wp\/v2\/types\/post"}],"author":[{"embeddable":true,"href":"https:\/\/www.bienaldelchaco.org\/2024\/wp-json\/wp\/v2\/users\/3"}],"replies":[{"embeddable":true,"href":"https:\/\/www.bienaldelchaco.org\/2024\/wp-json\/wp\/v2\/comments?post=3397"}],"version-history":[{"count":3,"href":"https:\/\/www.bienaldelchaco.org\/2024\/wp-json\/wp\/v2\/posts\/3397\/revisions"}],"predecessor-version":[{"id":3404,"href":"https:\/\/www.bienaldelchaco.org\/2024\/wp-json\/wp\/v2\/posts\/3397\/revisions\/3404"}],"wp:featuredmedia":[{"embeddable":true,"href":"https:\/\/www.bienaldelchaco.org\/2024\/wp-json\/wp\/v2\/media\/3398"}],"wp:attachment":[{"href":"https:\/\/www.bienaldelchaco.org\/2024\/wp-json\/wp\/v2\/media?parent=3397"}],"wp:term":[{"taxonomy":"category","embeddable":true,"href":"https:\/\/www.bienaldelchaco.org\/2024\/wp-json\/wp\/v2\/categories?post=3397"},{"taxonomy":"post_tag","embeddable":true,"href":"https:\/\/www.bienaldelchaco.org\/2024\/wp-json\/wp\/v2\/tags?post=3397"}],"curies":[{"name":"wp","href":"https:\/\/api.w.org\/{rel}","templated":true}]}}