{"id":3590,"date":"2017-12-28T08:59:48","date_gmt":"2017-12-28T11:59:48","guid":{"rendered":"http:\/\/www.bienaldelchaco.org\/?p=3590"},"modified":"2017-12-28T09:18:45","modified_gmt":"2017-12-28T12:18:45","slug":"el-ii-congreso-internacional-de-artes-2018-se-desarrollara-en-el-marco-de-la-bienal","status":"publish","type":"post","link":"https:\/\/www.bienaldelchaco.org\/2024\/el-ii-congreso-internacional-de-artes-2018-se-desarrollara-en-el-marco-de-la-bienal\/","title":{"rendered":"El II Congreso Internacional  de Artes 2018 se desarrollar\u00e1 en el marco de la Bienal"},"content":{"rendered":"<p>La Facultad de Artes, Dise\u00f1o y Ciencias de la Cultura de la Universidad Nacional del Nordeste y la Comisi\u00f3n Organizadora de la Bienal del Chaco presentaron el II Congreso Internacional de Artes 2018 que se realizar\u00e1 del 18 al 20 de julio, en el marco de la Bienal de Esculturas.<!--more--><\/p>\n<p>Estuvieron\u00a0 presentes el Dr. Honoris Causa de la UNNE Fabriciano G\u00f3mez y Mimo y Jos\u00e9 Eidman por la Bienal del Chaco y el Decano de la FADyCC Prof. Federico Veirav\u00e9 acompa\u00f1ado por la vicedecana Arq. Mar\u00eda Teresa Alarc\u00f3n y la Secretaria de Extensi\u00f3n Prof. Daniela Valdez y el Director del \u00c1rea de Artes y coordinador\u00a0 general del Congreso Lic. Gabriel Gend\u00edn.<\/p>\n<p>Fabriciano destac\u00f3 la realizaci\u00f3n del II Congreso de Artes en el marco de la Bienal, en tanto aporta un marco de relevancia acad\u00e9mica y cient\u00edfica al Concurso de Escultura que convoca la atenci\u00f3n de artistas de diferentes regiones del planeta que convergen en una fiesta de la cultura, con rasgos singulares, propios de la identidad de Resistencia y del Chaco y en particular, con el amplio temario a tratar. Entre otros conceptos record\u00f3\u00a0 que \u201chace 29 a\u00f1os venimos trabajando por hacer del arte un bien de todos. Un camino a veces arduo pero siempre con el saldo de una felicidad que nos revitaliza. Los concursos nacieron con el objetivo de compartir nuestro amor por la escultura. Y hemos visto c\u00f3mo el ciudadano se enamor\u00f3 con nosotros. En ese camino que transitamos juntos, comprobamos que no hay horizonte para el descubrimiento y la revelaci\u00f3n. El Congreso de Arte\u00a0 viene por segunda vez a engalanar la bienal con su atado de saberes, de soportes te\u00f3ricos, de resignificaciones y reflexiones. Un congreso que viene a cultivarnos, a mostrarnos otras aristas y miradas del universo del arte; creando un espacio Acad\u00e9mico de intercambio y discusi\u00f3n entre docentes, investigadores, artistas, estudiantes y gestores culturales que nos aportan la dimensi\u00f3n acad\u00e9mica y cient\u00edfica. Nos gratifica enormemente que la Universidad Nacional del Nordeste, a trav\u00e9s de la Facultad de Artes, Dise\u00f1o y Ciencias de la Cultura, enriquezca nuevamente la Bienal con el Congreso Internacional de Artes. Es un enorme aporte y una caricia a esta creencia de que la vida es m\u00e1s bella cuando se alimenta el esp\u00edritu.<\/p>\n<p>El Decano Veirav\u00e9 por su parte se\u00f1al\u00f3 que \u201c tenemos una gran expectativa en esta segunda edici\u00f3n del Congreso Internacional de Artes 2018, apuntando a consolidar un espacio de intercambio y de discusi\u00f3n sobre el estado del Arte,\u00a0 desde la regi\u00f3n NEA y en proyecci\u00f3n Internacional, convocando a referentes nacionales y de otros pa\u00edses y universidades del mundo. La posibilidad de insertarlo en la agenda de actividades de la Bienal resulta de suma importancia y es un marco fundamental ya que nos pone en contacto directo con miles de personas en este evento de trascendencia nacional y mundial que celebrar\u00e1 en esta edici\u00f3n 30 a\u00f1os.<\/p>\n<p>Nos acompa\u00f1a la Red Argentina Universitaria de Artes (RAUdA) integrada por 23 universidades, facultades y carreras del sistema p\u00fablico nacional, y haremos converger tambi\u00e9n en el congreso instituciones universitarias de Artes de Brasil, Paraguay, M\u00e9xico y Francia, con quienes venimos proyectando nuestra relaci\u00f3n e intercambio en los \u00faltimos a\u00f1os, a trav\u00e9s de distintos programas, como JIMA, MAGA, INNOVART y en el orden nacional con el Ministerio de Cultura de la Naci\u00f3n, la Secretar\u00eda de Pol\u00edticas Universitarias y el Programa de Internacionalizaci\u00f3n de la Educaci\u00f3n Superior (PIESCI), entre otros.<\/p>\n<p>El Congreso aportar\u00e1 un esquema de presentaciones y trabajos, en tres d\u00edas de gran desarrollo, con m\u00faltiples actividades, cuyo acceso ser\u00e1 libre y gratuito, y que tendr\u00e1 lugar tanto en el predio de la Bienal del Chaco como en la sede de la facultad en el centro de la ciudad de Resistencia, donde se realizar\u00e1n abordajes a los temas de actualidad del mundo de las artes, los lenguajes transdisciplinares, y los desarrollos tecnol\u00f3gicos de avanzada e innovaciones.\u201d<\/p>\n<p><strong>Todas las consultas deber\u00e1n enviarse a<\/strong>: <a href=\"mailto:congresodeartesfadycc@gmail.com\">congresodeartesfadycc@gmail.com<\/a><\/p>\n<p>www.artes.unne.edu.ar<\/p>\n<p>&nbsp;<\/p>\n<p>Fotos:<\/p>\n<p><img loading=\"lazy\" decoding=\"async\" class=\"aligncenter size-full wp-image-3592\" src=\"https:\/\/www.bienaldelchaco.org\/2024\/wp-content\/uploads\/2017\/12\/bienal_nota12.jpg\" alt=\"\" width=\"900\" height=\"871\" srcset=\"https:\/\/www.bienaldelchaco.org\/2024\/wp-content\/uploads\/2017\/12\/bienal_nota12.jpg 900w, https:\/\/www.bienaldelchaco.org\/2024\/wp-content\/uploads\/2017\/12\/bienal_nota12-300x290.jpg 300w, https:\/\/www.bienaldelchaco.org\/2024\/wp-content\/uploads\/2017\/12\/bienal_nota12-768x743.jpg 768w\" sizes=\"auto, (max-width: 900px) 100vw, 900px\" \/><\/p>\n<p><img loading=\"lazy\" decoding=\"async\" class=\"aligncenter size-full wp-image-3593\" src=\"https:\/\/www.bienaldelchaco.org\/2024\/wp-content\/uploads\/2017\/12\/bienal_nota13.jpg\" alt=\"\" width=\"900\" height=\"348\" srcset=\"https:\/\/www.bienaldelchaco.org\/2024\/wp-content\/uploads\/2017\/12\/bienal_nota13.jpg 900w, https:\/\/www.bienaldelchaco.org\/2024\/wp-content\/uploads\/2017\/12\/bienal_nota13-300x116.jpg 300w, https:\/\/www.bienaldelchaco.org\/2024\/wp-content\/uploads\/2017\/12\/bienal_nota13-768x297.jpg 768w\" sizes=\"auto, (max-width: 900px) 100vw, 900px\" \/><\/p>\n","protected":false},"excerpt":{"rendered":"<p>La Facultad de Artes, Dise\u00f1o y Ciencias de la Cultura de la Universidad Nacional del Nordeste y la Comisi\u00f3n Organizadora de la Bienal del Chaco presentaron el II Congreso Internacional de Artes 2018 que se realizar\u00e1 del 18 al 20 de julio, en el marco&#8230;<\/p>\n","protected":false},"author":3,"featured_media":3591,"comment_status":"closed","ping_status":"closed","sticky":false,"template":"","format":"standard","meta":{"footnotes":""},"categories":[6],"tags":[],"class_list":["post-3590","post","type-post","status-publish","format-standard","has-post-thumbnail","hentry","category-novedades"],"_links":{"self":[{"href":"https:\/\/www.bienaldelchaco.org\/2024\/wp-json\/wp\/v2\/posts\/3590","targetHints":{"allow":["GET"]}}],"collection":[{"href":"https:\/\/www.bienaldelchaco.org\/2024\/wp-json\/wp\/v2\/posts"}],"about":[{"href":"https:\/\/www.bienaldelchaco.org\/2024\/wp-json\/wp\/v2\/types\/post"}],"author":[{"embeddable":true,"href":"https:\/\/www.bienaldelchaco.org\/2024\/wp-json\/wp\/v2\/users\/3"}],"replies":[{"embeddable":true,"href":"https:\/\/www.bienaldelchaco.org\/2024\/wp-json\/wp\/v2\/comments?post=3590"}],"version-history":[{"count":2,"href":"https:\/\/www.bienaldelchaco.org\/2024\/wp-json\/wp\/v2\/posts\/3590\/revisions"}],"predecessor-version":[{"id":3595,"href":"https:\/\/www.bienaldelchaco.org\/2024\/wp-json\/wp\/v2\/posts\/3590\/revisions\/3595"}],"wp:featuredmedia":[{"embeddable":true,"href":"https:\/\/www.bienaldelchaco.org\/2024\/wp-json\/wp\/v2\/media\/3591"}],"wp:attachment":[{"href":"https:\/\/www.bienaldelchaco.org\/2024\/wp-json\/wp\/v2\/media?parent=3590"}],"wp:term":[{"taxonomy":"category","embeddable":true,"href":"https:\/\/www.bienaldelchaco.org\/2024\/wp-json\/wp\/v2\/categories?post=3590"},{"taxonomy":"post_tag","embeddable":true,"href":"https:\/\/www.bienaldelchaco.org\/2024\/wp-json\/wp\/v2\/tags?post=3590"}],"curies":[{"name":"wp","href":"https:\/\/api.w.org\/{rel}","templated":true}]}}