{"id":4310,"date":"2018-03-28T12:09:18","date_gmt":"2018-03-28T15:09:18","guid":{"rendered":"http:\/\/www.bienaldelchaco.org\/?p=4310"},"modified":"2018-03-28T12:09:18","modified_gmt":"2018-03-28T15:09:18","slug":"la-bienal-internacional-de-escultura-argentina-se-prepara-para-celebrar-30-anos","status":"publish","type":"post","link":"https:\/\/www.bienaldelchaco.org\/2024\/la-bienal-internacional-de-escultura-argentina-se-prepara-para-celebrar-30-anos\/","title":{"rendered":"La Bienal Internacional de Escultura argentina se prepara para celebrar 30 a\u00f1os"},"content":{"rendered":"<p>La Bienal Internacional de Escultura 2018 de la norte\u00f1a provincia argentina de Chaco fue presentada hoy en Buenos Aires en un acto en el que se detallaron las actividades de la exposici\u00f3n, que cumple 30 a\u00f1os y tendr\u00e1 lugar del 14 al 21 de julio pr\u00f3ximo.<!--more--><\/p>\n<p>&#8220;Este es un a\u00f1o especial. Son tres d\u00e9cadas de concursos y se dar\u00e1 una cita de campeones. Vienen los primeros premios de las bienales pasadas por el Gran Premio de Honor 30 a\u00f1os&#8221;, anunci\u00f3 durante el acto de presentaci\u00f3n el titular de la Fundaci\u00f3n Urunday -organizadora del evento-, Fabriciano G\u00f3mez.<\/p>\n<p>&nbsp;<\/p>\n<p>Fuente:\u00a0https:\/\/www.efe.com<\/p>\n","protected":false},"excerpt":{"rendered":"<p>La Bienal Internacional de Escultura 2018 de la norte\u00f1a provincia argentina de Chaco fue presentada hoy en Buenos Aires en un acto en el que se detallaron las actividades de la exposici\u00f3n, que cumple 30 a\u00f1os y tendr\u00e1 lugar del 14 al 21 de julio&#8230;<\/p>\n","protected":false},"author":3,"featured_media":4311,"comment_status":"closed","ping_status":"closed","sticky":false,"template":"","format":"standard","meta":{"footnotes":""},"categories":[6],"tags":[],"class_list":["post-4310","post","type-post","status-publish","format-standard","has-post-thumbnail","hentry","category-novedades"],"_links":{"self":[{"href":"https:\/\/www.bienaldelchaco.org\/2024\/wp-json\/wp\/v2\/posts\/4310","targetHints":{"allow":["GET"]}}],"collection":[{"href":"https:\/\/www.bienaldelchaco.org\/2024\/wp-json\/wp\/v2\/posts"}],"about":[{"href":"https:\/\/www.bienaldelchaco.org\/2024\/wp-json\/wp\/v2\/types\/post"}],"author":[{"embeddable":true,"href":"https:\/\/www.bienaldelchaco.org\/2024\/wp-json\/wp\/v2\/users\/3"}],"replies":[{"embeddable":true,"href":"https:\/\/www.bienaldelchaco.org\/2024\/wp-json\/wp\/v2\/comments?post=4310"}],"version-history":[{"count":1,"href":"https:\/\/www.bienaldelchaco.org\/2024\/wp-json\/wp\/v2\/posts\/4310\/revisions"}],"predecessor-version":[{"id":4312,"href":"https:\/\/www.bienaldelchaco.org\/2024\/wp-json\/wp\/v2\/posts\/4310\/revisions\/4312"}],"wp:featuredmedia":[{"embeddable":true,"href":"https:\/\/www.bienaldelchaco.org\/2024\/wp-json\/wp\/v2\/media\/4311"}],"wp:attachment":[{"href":"https:\/\/www.bienaldelchaco.org\/2024\/wp-json\/wp\/v2\/media?parent=4310"}],"wp:term":[{"taxonomy":"category","embeddable":true,"href":"https:\/\/www.bienaldelchaco.org\/2024\/wp-json\/wp\/v2\/categories?post=4310"},{"taxonomy":"post_tag","embeddable":true,"href":"https:\/\/www.bienaldelchaco.org\/2024\/wp-json\/wp\/v2\/tags?post=4310"}],"curies":[{"name":"wp","href":"https:\/\/api.w.org\/{rel}","templated":true}]}}