{"id":4590,"date":"2018-05-02T15:13:33","date_gmt":"2018-05-02T18:13:33","guid":{"rendered":"http:\/\/www.bienaldelchaco.org\/?p=4590"},"modified":"2018-05-02T15:13:33","modified_gmt":"2018-05-02T18:13:33","slug":"comitiva-de-brasil-visitara-la-bienal-de-escultura-para-imitar-el-concurso-en-el-pais-vecino","status":"publish","type":"post","link":"https:\/\/www.bienaldelchaco.org\/2024\/comitiva-de-brasil-visitara-la-bienal-de-escultura-para-imitar-el-concurso-en-el-pais-vecino\/","title":{"rendered":"Comitiva de Brasil visitar\u00e1 la Bienal de Escultura para imitar el concurso en el pa\u00eds vecino"},"content":{"rendered":"<p>El c\u00f3nsul honorario de Brasil en Resistencia, Jorge Morelo, confirm\u00f3 que una comitiva de brasile\u00f1os visitar\u00e1 en julio la capital del Chaco para vivir de cerca la Bienal Internacional de Escultura. La intenci\u00f3n es replicar el concurso en el vecino pa\u00eds.<\/p>\n<p>Es un grupo del Centro de Integraci\u00f3n Latinoamericana y van a venir a participar de la Bienal\u201d, explic\u00f3 Morelo.<!--more--><\/p>\n<p>En este sentido, reconoci\u00f3 que \u201cesto no es un trabajo del consulado sino que es algo que venimos trabajando hace tiempo con (el presidente de la Fundaci\u00f3n Urunday) Fabriciano. Porque ya fuimos a Santa Mar\u00eda\u201d. \u201cHace muchos a\u00f1os se propuso hacer una Bienal en Santa Mar\u00eda, copiar la del Chaco y ahora tienen una Bienal chica\u201d, coment\u00f3.<\/p>\n<p>\u201cPero no por eso dejan de venir a potenciarse y ver la experiencia que es la Bienal, que es un \u00e9xito en el Chaco y en todo el mundo\u201d, remarc\u00f3.<\/p>\n<p>Morelo sostuvo en esta l\u00ednea que la Bienal \u201cest\u00e1 despertando el inter\u00e9s de gente que participa del arte y la cultura de todo el mundo\u201d. \u201cPor eso la comitiva que vendr\u00e1 est\u00e1 absolutamente embelesados\u201d, indic\u00f3.<\/p>\n<p>&nbsp;<\/p>\n<p>Fuente: Diario Norte.<\/p>\n","protected":false},"excerpt":{"rendered":"<p>El c\u00f3nsul honorario de Brasil en Resistencia, Jorge Morelo, confirm\u00f3 que una comitiva de brasile\u00f1os visitar\u00e1 en julio la capital del Chaco para vivir de cerca la Bienal Internacional de Escultura. La intenci\u00f3n es replicar el concurso en el vecino pa\u00eds. Es un grupo del&#8230;<\/p>\n","protected":false},"author":3,"featured_media":3398,"comment_status":"closed","ping_status":"closed","sticky":false,"template":"","format":"standard","meta":{"footnotes":""},"categories":[6],"tags":[],"class_list":["post-4590","post","type-post","status-publish","format-standard","has-post-thumbnail","hentry","category-novedades"],"_links":{"self":[{"href":"https:\/\/www.bienaldelchaco.org\/2024\/wp-json\/wp\/v2\/posts\/4590","targetHints":{"allow":["GET"]}}],"collection":[{"href":"https:\/\/www.bienaldelchaco.org\/2024\/wp-json\/wp\/v2\/posts"}],"about":[{"href":"https:\/\/www.bienaldelchaco.org\/2024\/wp-json\/wp\/v2\/types\/post"}],"author":[{"embeddable":true,"href":"https:\/\/www.bienaldelchaco.org\/2024\/wp-json\/wp\/v2\/users\/3"}],"replies":[{"embeddable":true,"href":"https:\/\/www.bienaldelchaco.org\/2024\/wp-json\/wp\/v2\/comments?post=4590"}],"version-history":[{"count":1,"href":"https:\/\/www.bienaldelchaco.org\/2024\/wp-json\/wp\/v2\/posts\/4590\/revisions"}],"predecessor-version":[{"id":4591,"href":"https:\/\/www.bienaldelchaco.org\/2024\/wp-json\/wp\/v2\/posts\/4590\/revisions\/4591"}],"wp:featuredmedia":[{"embeddable":true,"href":"https:\/\/www.bienaldelchaco.org\/2024\/wp-json\/wp\/v2\/media\/3398"}],"wp:attachment":[{"href":"https:\/\/www.bienaldelchaco.org\/2024\/wp-json\/wp\/v2\/media?parent=4590"}],"wp:term":[{"taxonomy":"category","embeddable":true,"href":"https:\/\/www.bienaldelchaco.org\/2024\/wp-json\/wp\/v2\/categories?post=4590"},{"taxonomy":"post_tag","embeddable":true,"href":"https:\/\/www.bienaldelchaco.org\/2024\/wp-json\/wp\/v2\/tags?post=4590"}],"curies":[{"name":"wp","href":"https:\/\/api.w.org\/{rel}","templated":true}]}}