{"id":4619,"date":"2018-05-08T12:37:12","date_gmt":"2018-05-08T15:37:12","guid":{"rendered":"http:\/\/www.bienaldelchaco.org\/?p=4619"},"modified":"2018-05-08T12:37:12","modified_gmt":"2018-05-08T15:37:12","slug":"bienal-internacional-de-esculturas-empleo-firmo-convenio-con-la-fundacion-urunday","status":"publish","type":"post","link":"https:\/\/www.bienaldelchaco.org\/2024\/bienal-internacional-de-esculturas-empleo-firmo-convenio-con-la-fundacion-urunday\/","title":{"rendered":"Bienal Internacional de Esculturas: Empleo firm\u00f3 convenio con la fundaci\u00f3n Urunday"},"content":{"rendered":"<p>La secretaria de Empleo y Trabajo Natalia Mustillo suscribi\u00f3 un acuerdo con el presidente de la Fundaci\u00f3n Urunday Fabriciano G\u00f3mez para firmar un acuerdo marco de cooperaci\u00f3n para la organizaci\u00f3n de la Bienal Internacional de Esculturas que se realizar\u00e1 del 14 al 21 de Julio en el Museo.<!--more--><\/p>\n<p>La Subsecretar\u00eda de Trabajo se encargar\u00e1, a trav\u00e9s del Departamento de Seguridad e Higiene de la Direcci\u00f3n Provincial del Trabajo, de controlar el uso de los elementos de protecci\u00f3n personal (EPP) en los escultores. En tanto, la Fundaci\u00f3n Urunday, brindar\u00e1 distintivos para identificar las funciones de cada inspector, como as\u00ed tambi\u00e9n, otorgar\u00e1 el espacio f\u00edsico necesario para que puedan desarrollar las tareas.<\/p>\n<p>La cartera de empleo desarrollar\u00e1 las ferias de emprendedores locales con artesanos y emprendedores sociales y de los pueblos originarios. \u201cDesde el gobierno se les brindar\u00e1 todo lo necesario para que cada emprendedor pueda lucirse\u201d, indic\u00f3 Mustillo. Adem\u00e1s dispondr\u00e1 de aplicaciones inform\u00e1ticas educativas e informativas para turistas, creadas por alumnos del Informatorio, luego del \u00e9xito de las desarrolladas para la edici\u00f3n anterior.<\/p>\n<p>\u201cEste evento atraviesa a toda la sociedad y nos convoca a trabajar ya que el mundo de las artes nos observar\u00e1 durante Julio y debemos estar a la altura de la circunstancias. La propuesta que hoy nos trae la secretaria de empleo y trabajo es maravillosa y nos llena de alegr\u00eda poder trabajar nuevamente con personas comprometidas con el desarrollo de nuestra sociedad\u201d, destac\u00f3 el presidente de la Fundaci\u00f3n Urunday Fabriciano Gomez.<\/p>\n<p>Del encuentro participaron la subsecretaria de Econom\u00eda Social Katia Blanc, el subsecretario de Trabajo Gustavo Trangoni, el coordinador del Informatorio, Facundo Uferer y la comisi\u00f3n directiva de la Fundaci\u00f3n Urunday Carlos Cuffia, vicepresidente Eugenio Milani, el tesorero Mimo Eidman, la secretaria Ana Mar\u00eda Taiana y el protesorero Jos\u00e9 Eidman.<\/p>\n<p>Fuente:\u00a0http:\/\/www.chacodiapordia.com<\/p>\n","protected":false},"excerpt":{"rendered":"<p>La secretaria de Empleo y Trabajo Natalia Mustillo suscribi\u00f3 un acuerdo con el presidente de la Fundaci\u00f3n Urunday Fabriciano G\u00f3mez para firmar un acuerdo marco de cooperaci\u00f3n para la organizaci\u00f3n de la Bienal Internacional de Esculturas que se realizar\u00e1 del 14 al 21 de Julio&#8230;<\/p>\n","protected":false},"author":3,"featured_media":4620,"comment_status":"closed","ping_status":"closed","sticky":false,"template":"","format":"standard","meta":{"footnotes":""},"categories":[6],"tags":[],"class_list":["post-4619","post","type-post","status-publish","format-standard","has-post-thumbnail","hentry","category-novedades"],"_links":{"self":[{"href":"https:\/\/www.bienaldelchaco.org\/2024\/wp-json\/wp\/v2\/posts\/4619","targetHints":{"allow":["GET"]}}],"collection":[{"href":"https:\/\/www.bienaldelchaco.org\/2024\/wp-json\/wp\/v2\/posts"}],"about":[{"href":"https:\/\/www.bienaldelchaco.org\/2024\/wp-json\/wp\/v2\/types\/post"}],"author":[{"embeddable":true,"href":"https:\/\/www.bienaldelchaco.org\/2024\/wp-json\/wp\/v2\/users\/3"}],"replies":[{"embeddable":true,"href":"https:\/\/www.bienaldelchaco.org\/2024\/wp-json\/wp\/v2\/comments?post=4619"}],"version-history":[{"count":1,"href":"https:\/\/www.bienaldelchaco.org\/2024\/wp-json\/wp\/v2\/posts\/4619\/revisions"}],"predecessor-version":[{"id":4621,"href":"https:\/\/www.bienaldelchaco.org\/2024\/wp-json\/wp\/v2\/posts\/4619\/revisions\/4621"}],"wp:featuredmedia":[{"embeddable":true,"href":"https:\/\/www.bienaldelchaco.org\/2024\/wp-json\/wp\/v2\/media\/4620"}],"wp:attachment":[{"href":"https:\/\/www.bienaldelchaco.org\/2024\/wp-json\/wp\/v2\/media?parent=4619"}],"wp:term":[{"taxonomy":"category","embeddable":true,"href":"https:\/\/www.bienaldelchaco.org\/2024\/wp-json\/wp\/v2\/categories?post=4619"},{"taxonomy":"post_tag","embeddable":true,"href":"https:\/\/www.bienaldelchaco.org\/2024\/wp-json\/wp\/v2\/tags?post=4619"}],"curies":[{"name":"wp","href":"https:\/\/api.w.org\/{rel}","templated":true}]}}