{"id":4626,"date":"2018-05-16T11:11:57","date_gmt":"2018-05-16T14:11:57","guid":{"rendered":"http:\/\/www.bienaldelchaco.org\/?p=4626"},"modified":"2018-05-16T11:11:57","modified_gmt":"2018-05-16T14:11:57","slug":"el-municipio-de-resistencia-prepara-diversas-propuestas-para-la-proxima-bienal-de-esculturas","status":"publish","type":"post","link":"https:\/\/www.bienaldelchaco.org\/2024\/el-municipio-de-resistencia-prepara-diversas-propuestas-para-la-proxima-bienal-de-esculturas\/","title":{"rendered":"El municipio de Resistencia prepara diversas propuestas para la pr\u00f3xima Bienal de Esculturas"},"content":{"rendered":"<div>El municipio capitalino, a trav\u00e9s de la secretar\u00eda de Cultura y Desarrollo Social, se reuni\u00f3 esta semana con miembros de la Fundaci\u00f3n Urunday, a fin de ultimar detalles sobre las diversas propuestas que llevar\u00e1 adelante durante la pr\u00f3xima edici\u00f3n de la Bienal de Esculturas, que se desarrollar\u00e1 en Resistencia del 14 al 21 de julio.<\/div>\n<p><!--more--><\/p>\n<div><\/div>\n<div>El Municipio se sumar\u00e1 con diversas actividades culturales, gastron\u00f3micas, tur\u00edsticas dise\u00f1adas para poner en valor la construcci\u00f3n colectiva de nuestra Identidad, que es multicultural, diversa y creativa.<\/div>\n<div><\/div>\n<div>Para esta edici\u00f3n, el Municipio, en conjunto con el Gobierno Provincial, realiz\u00f3 una intervenci\u00f3n integral en obras, en el predio del Parque 2 de Febrero, que permitir\u00e1 el desarrollo de nuevos espacios culturales, deportivos, ambientales y recreativos.<\/div>\n<div><\/div>\n<div>En el marco del 140\u00ba aniversario de la ciudad de Resistencia, la Bienal de Esculturas, en su edici\u00f3n n\u00famero 30, constituye uno de los eventos culturales m\u00e1s importantes del a\u00f1o.<\/div>\n<div><\/div>\n<div>El mega-evento de car\u00e1cter internacional volver\u00e1 transformarse este a\u00f1o en el escenario donde convergen diversas expresiones culturales y comunitarias que ponen a la capital chaque\u00f1a ante los ojos del mundo, transform\u00e1ndola en un museo al aire libre y en un gran atractivo tur\u00edstico.<\/div>\n<div><\/div>\n<div>Fuente: www.chacohoy.com<\/div>\n","protected":false},"excerpt":{"rendered":"<p>El municipio capitalino, a trav\u00e9s de la secretar\u00eda de Cultura y Desarrollo Social, se reuni\u00f3 esta semana con miembros de la Fundaci\u00f3n Urunday, a fin de ultimar detalles sobre las diversas propuestas que llevar\u00e1 adelante durante la pr\u00f3xima edici\u00f3n de la Bienal de Esculturas, que&#8230;<\/p>\n","protected":false},"author":3,"featured_media":3574,"comment_status":"closed","ping_status":"closed","sticky":false,"template":"","format":"standard","meta":{"footnotes":""},"categories":[6],"tags":[],"class_list":["post-4626","post","type-post","status-publish","format-standard","has-post-thumbnail","hentry","category-novedades"],"_links":{"self":[{"href":"https:\/\/www.bienaldelchaco.org\/2024\/wp-json\/wp\/v2\/posts\/4626","targetHints":{"allow":["GET"]}}],"collection":[{"href":"https:\/\/www.bienaldelchaco.org\/2024\/wp-json\/wp\/v2\/posts"}],"about":[{"href":"https:\/\/www.bienaldelchaco.org\/2024\/wp-json\/wp\/v2\/types\/post"}],"author":[{"embeddable":true,"href":"https:\/\/www.bienaldelchaco.org\/2024\/wp-json\/wp\/v2\/users\/3"}],"replies":[{"embeddable":true,"href":"https:\/\/www.bienaldelchaco.org\/2024\/wp-json\/wp\/v2\/comments?post=4626"}],"version-history":[{"count":1,"href":"https:\/\/www.bienaldelchaco.org\/2024\/wp-json\/wp\/v2\/posts\/4626\/revisions"}],"predecessor-version":[{"id":4627,"href":"https:\/\/www.bienaldelchaco.org\/2024\/wp-json\/wp\/v2\/posts\/4626\/revisions\/4627"}],"wp:featuredmedia":[{"embeddable":true,"href":"https:\/\/www.bienaldelchaco.org\/2024\/wp-json\/wp\/v2\/media\/3574"}],"wp:attachment":[{"href":"https:\/\/www.bienaldelchaco.org\/2024\/wp-json\/wp\/v2\/media?parent=4626"}],"wp:term":[{"taxonomy":"category","embeddable":true,"href":"https:\/\/www.bienaldelchaco.org\/2024\/wp-json\/wp\/v2\/categories?post=4626"},{"taxonomy":"post_tag","embeddable":true,"href":"https:\/\/www.bienaldelchaco.org\/2024\/wp-json\/wp\/v2\/tags?post=4626"}],"curies":[{"name":"wp","href":"https:\/\/api.w.org\/{rel}","templated":true}]}}