{"id":4868,"date":"2018-06-05T10:37:43","date_gmt":"2018-06-05T13:37:43","guid":{"rendered":"http:\/\/www.bienaldelchaco.org\/?p=4868"},"modified":"2018-06-05T10:37:43","modified_gmt":"2018-06-05T13:37:43","slug":"en-el-marco-de-los-30-anos-de-concursos-escultoricos-en-el-chaco-la-academia-nacional-de-bellas-artes-sesionara-en-resistencia","status":"publish","type":"post","link":"https:\/\/www.bienaldelchaco.org\/2024\/en-el-marco-de-los-30-anos-de-concursos-escultoricos-en-el-chaco-la-academia-nacional-de-bellas-artes-sesionara-en-resistencia\/","title":{"rendered":"En el marco de los 30 a\u00f1os de concursos escult\u00f3ricos en el Chaco, la Academia Nacional de Bellas Artes sesionar\u00e1 en Resistencia"},"content":{"rendered":"<p>Durante la Bienal Internacional de Escultura 2018 y en el marco de los 30 a\u00f1os de concursos escult\u00f3ricos en el Chaco, se realizar\u00e1 la sesi\u00f3n plenaria de la prestigiosa Academia Nacional de las Bellas Artes (ANBA) en Resistencia.<\/p>\n<p><!--more--><\/p>\n<p>&nbsp;<\/p>\n<p>La reuni\u00f3n se llevar\u00e1 a cabo los d\u00edas 20 y 21 de julio en el recinto de la C\u00e1mara de Diputados del Chaco (en Brown 520, en Resistencia). Entre los temas de la sesi\u00f3n se deliberar\u00e1 sobre el fen\u00f3meno de las esculturas en la capital del Chaco.<\/p>\n<p>\u201cEs un halago muy importante la presencia de quienes dirigen la visi\u00f3n est\u00e9tica del pa\u00eds\u201d, consider\u00f3 el presidente de la Fundaci\u00f3n Urunday, Fabriciano, quien tambi\u00e9n es acad\u00e9mico delegado de la ANBA en la provincia.<\/p>\n<p>\u201cQue est\u00e9n en Resistencia reafirman lo que tanto pregonamos, que Resistencia es la capital nacional de las esculturas\u201d, remarc\u00f3.<\/p>\n<p>Cabe destacar que la Academia Nacional de Bellas Artes tiene como finalidad contribuir al desarrollo de las bellas artes en todas sus ramas. Para ello realiza estudios e investigaciones; formula planes de acci\u00f3n cultural y asesora a los gobiernos en sus distintos niveles as\u00ed como a instituciones culturales.<\/p>\n","protected":false},"excerpt":{"rendered":"<p>Durante la Bienal Internacional de Escultura 2018 y en el marco de los 30 a\u00f1os de concursos escult\u00f3ricos en el Chaco, se realizar\u00e1 la sesi\u00f3n plenaria de la prestigiosa Academia Nacional de las Bellas Artes (ANBA) en Resistencia.<\/p>\n","protected":false},"author":3,"featured_media":4869,"comment_status":"closed","ping_status":"closed","sticky":false,"template":"","format":"standard","meta":{"footnotes":""},"categories":[6],"tags":[],"class_list":["post-4868","post","type-post","status-publish","format-standard","has-post-thumbnail","hentry","category-novedades"],"_links":{"self":[{"href":"https:\/\/www.bienaldelchaco.org\/2024\/wp-json\/wp\/v2\/posts\/4868","targetHints":{"allow":["GET"]}}],"collection":[{"href":"https:\/\/www.bienaldelchaco.org\/2024\/wp-json\/wp\/v2\/posts"}],"about":[{"href":"https:\/\/www.bienaldelchaco.org\/2024\/wp-json\/wp\/v2\/types\/post"}],"author":[{"embeddable":true,"href":"https:\/\/www.bienaldelchaco.org\/2024\/wp-json\/wp\/v2\/users\/3"}],"replies":[{"embeddable":true,"href":"https:\/\/www.bienaldelchaco.org\/2024\/wp-json\/wp\/v2\/comments?post=4868"}],"version-history":[{"count":1,"href":"https:\/\/www.bienaldelchaco.org\/2024\/wp-json\/wp\/v2\/posts\/4868\/revisions"}],"predecessor-version":[{"id":4870,"href":"https:\/\/www.bienaldelchaco.org\/2024\/wp-json\/wp\/v2\/posts\/4868\/revisions\/4870"}],"wp:featuredmedia":[{"embeddable":true,"href":"https:\/\/www.bienaldelchaco.org\/2024\/wp-json\/wp\/v2\/media\/4869"}],"wp:attachment":[{"href":"https:\/\/www.bienaldelchaco.org\/2024\/wp-json\/wp\/v2\/media?parent=4868"}],"wp:term":[{"taxonomy":"category","embeddable":true,"href":"https:\/\/www.bienaldelchaco.org\/2024\/wp-json\/wp\/v2\/categories?post=4868"},{"taxonomy":"post_tag","embeddable":true,"href":"https:\/\/www.bienaldelchaco.org\/2024\/wp-json\/wp\/v2\/tags?post=4868"}],"curies":[{"name":"wp","href":"https:\/\/api.w.org\/{rel}","templated":true}]}}