{"id":4873,"date":"2018-06-05T10:47:27","date_gmt":"2018-06-05T13:47:27","guid":{"rendered":"http:\/\/www.bienaldelchaco.org\/?p=4873"},"modified":"2018-06-12T17:42:04","modified_gmt":"2018-06-12T20:42:04","slug":"tanto-por-tango-se-presentara-en-la-bienal-internacional-de-escultura","status":"publish","type":"post","link":"https:\/\/www.bienaldelchaco.org\/2024\/tanto-por-tango-se-presentara-en-la-bienal-internacional-de-escultura\/","title":{"rendered":"\u201cTanto x Tango, El Show\u201d se presentar\u00e1 en la Bienal Internacional de Escultura"},"content":{"rendered":"<p>El Instituto Tango Danza, del bailar\u00edn Walter Cocheret, ser\u00e1 otra de las atracciones de la Bienal Internacional de Escultura 2018. Es que el 16 de julio, a las 21, se presentar\u00e1 en el MusEUM del Domo del Centenario como parte de las actividades paralelas al concurso internacional de escultura.<\/p>\n<p><!--more--><\/p>\n<p>&nbsp;<\/p>\n<p>\u201cTango\u00a0x\u00a0Tango\u201d es el espect\u00e1culo que desplegar\u00e1 la compa\u00f1\u00eda de Cocheret en la Bienal. El show estar\u00e1 conformado por ocho parejas de bailarines, con m\u00fasica ejecutada en vivo.<\/p>\n<p>\u201cEs un honor que nos hayan convocado para ser part\u00edcipes de la Bienal\u201d, reconoci\u00f3 Cocheret. \u201cEstamos con todas las expectativas y esperemos estar a la altura de la circunstancia\u201d, a\u00f1adi\u00f3.<\/p>\n<p>El artista record\u00f3 que Tango Danza tiene casi 17 a\u00f1os de trayectoria y particip\u00f3 de varios mundiales de tango, como as\u00ed tambi\u00e9n de pre mundiales y festivales internacionales. \u201cTambi\u00e9n tenemos representantes que est\u00e1n girando por el mundo con el tango y hemos presentado varios espect\u00e1culos como \u2018Entre tango y tango\u2019, \u201cTango\u00a0x Tango\u201d y varias obras que hemos presentado en el Chaco y en otras provincias\u201d, cont\u00f3.<\/p>\n<p>\u201cEstamos muy contentos porque con todos los chicos de la compa\u00f1\u00eda estamos trabajando hace muchos a\u00f1os y que nos tengan en cuenta en un evento tan importante de nivel internacional para nosotros es fant\u00e1stico\u201d, subray\u00f3.<\/p>\n<p>&nbsp;<\/p>\n<p><img loading=\"lazy\" decoding=\"async\" class=\"alignleft size-full wp-image-4875\" src=\"https:\/\/www.bienaldelchaco.org\/2024\/wp-content\/uploads\/2018\/06\/tango-danza-3.jpg\" alt=\"\" width=\"700\" height=\"525\" srcset=\"https:\/\/www.bienaldelchaco.org\/2024\/wp-content\/uploads\/2018\/06\/tango-danza-3.jpg 700w, https:\/\/www.bienaldelchaco.org\/2024\/wp-content\/uploads\/2018\/06\/tango-danza-3-300x225.jpg 300w\" sizes=\"auto, (max-width: 700px) 100vw, 700px\" \/><\/p>\n","protected":false},"excerpt":{"rendered":"<p>El Instituto Tango Danza, del bailar\u00edn Walter Cocheret, ser\u00e1 otra de las atracciones de la Bienal Internacional de Escultura 2018. Es que el 16 de julio, a las 21, se presentar\u00e1 en el MusEUM del Domo del Centenario como parte de las actividades paralelas al&#8230;<\/p>\n","protected":false},"author":3,"featured_media":4874,"comment_status":"closed","ping_status":"closed","sticky":false,"template":"","format":"standard","meta":{"footnotes":""},"categories":[6],"tags":[],"class_list":["post-4873","post","type-post","status-publish","format-standard","has-post-thumbnail","hentry","category-novedades"],"_links":{"self":[{"href":"https:\/\/www.bienaldelchaco.org\/2024\/wp-json\/wp\/v2\/posts\/4873","targetHints":{"allow":["GET"]}}],"collection":[{"href":"https:\/\/www.bienaldelchaco.org\/2024\/wp-json\/wp\/v2\/posts"}],"about":[{"href":"https:\/\/www.bienaldelchaco.org\/2024\/wp-json\/wp\/v2\/types\/post"}],"author":[{"embeddable":true,"href":"https:\/\/www.bienaldelchaco.org\/2024\/wp-json\/wp\/v2\/users\/3"}],"replies":[{"embeddable":true,"href":"https:\/\/www.bienaldelchaco.org\/2024\/wp-json\/wp\/v2\/comments?post=4873"}],"version-history":[{"count":2,"href":"https:\/\/www.bienaldelchaco.org\/2024\/wp-json\/wp\/v2\/posts\/4873\/revisions"}],"predecessor-version":[{"id":5026,"href":"https:\/\/www.bienaldelchaco.org\/2024\/wp-json\/wp\/v2\/posts\/4873\/revisions\/5026"}],"wp:featuredmedia":[{"embeddable":true,"href":"https:\/\/www.bienaldelchaco.org\/2024\/wp-json\/wp\/v2\/media\/4874"}],"wp:attachment":[{"href":"https:\/\/www.bienaldelchaco.org\/2024\/wp-json\/wp\/v2\/media?parent=4873"}],"wp:term":[{"taxonomy":"category","embeddable":true,"href":"https:\/\/www.bienaldelchaco.org\/2024\/wp-json\/wp\/v2\/categories?post=4873"},{"taxonomy":"post_tag","embeddable":true,"href":"https:\/\/www.bienaldelchaco.org\/2024\/wp-json\/wp\/v2\/tags?post=4873"}],"curies":[{"name":"wp","href":"https:\/\/api.w.org\/{rel}","templated":true}]}}