{"id":4881,"date":"2018-06-05T10:51:49","date_gmt":"2018-06-05T13:51:49","guid":{"rendered":"http:\/\/www.bienaldelchaco.org\/?p=4881"},"modified":"2018-06-05T10:51:49","modified_gmt":"2018-06-05T13:51:49","slug":"el-ballet-folclorico-bagual-fuentes-se-presentara-en-la-bienal-de-esculturas","status":"publish","type":"post","link":"https:\/\/www.bienaldelchaco.org\/2024\/el-ballet-folclorico-bagual-fuentes-se-presentara-en-la-bienal-de-esculturas\/","title":{"rendered":"El ballet folcl\u00f3rico Bagual Fuentes se presentar\u00e1 en la Bienal de Esculturas"},"content":{"rendered":"<p>El ballet folcl\u00f3rico Bagual Fuentes de la localidad de Fontana ser\u00e1 uno de los cuadros musicales que se presentar\u00e1n en la Bienal Internacional de Escultura 2018 como parte de las actividades paralelas del certamen art\u00edstico.<\/p>\n<p><!--more--><\/p>\n<p>&nbsp;<\/p>\n<p>\u201cNos estaremos presentando el d\u00eda 16 de julio con dos cuadros\u201d, comentaron desde la agrupaci\u00f3n. \u201cUno llamado Policrom\u00edas del Litoral. Este es un cuadro regional donde mediante distintas danzas y ritmos mostraremos nuestra regi\u00f3n cargada de paisajes, r\u00edos, lagunas y esteros. Y el segundo cuadro que presentaremos se llama Carnavaleando. Con esta obra viajaremos por los caminos sonoros, alegres y multicolores del altiplano recorriendo las sendas sinuosas del norte argentino\u201d, a\u00f1adieron.<\/p>\n<p>La compa\u00f1\u00eda oriunda de Fontana est\u00e1 formada por 30 bailarines y en junio cumplir\u00e1 23 a\u00f1os. \u201cForman parte de \u00e9l varias generaciones que a trav\u00e9s de los a\u00f1os se van renovando\u201d, comentaron. Bagual Fuentes participa a\u00f1o a a\u00f1o del pre Cosqu\u00edn y fueron parte del festival de Cosqu\u00edn. Fueron ganadores de distintos rubros donde fueron consagrados ganadores en los a\u00f1os 2001 y 2014.<\/p>\n<p>Con esta ser\u00e1 su tercera participaci\u00f3n en la Bienal. \u201cM\u00e1s que expectativa, lo que sentimos es una gran responsabilidad poder participar. Es un evento de tama\u00f1a envergadura que nos representa a nivel nacional. Para nosotros es un gran orgullo\u201d, remarcaron.<\/p>\n<p>&nbsp;<\/p>\n<p><img loading=\"lazy\" decoding=\"async\" class=\"alignleft size-full wp-image-4883\" src=\"https:\/\/www.bienaldelchaco.org\/2024\/wp-content\/uploads\/2018\/06\/bagual-fuentes-4.jpg\" alt=\"\" width=\"700\" height=\"534\" srcset=\"https:\/\/www.bienaldelchaco.org\/2024\/wp-content\/uploads\/2018\/06\/bagual-fuentes-4.jpg 700w, https:\/\/www.bienaldelchaco.org\/2024\/wp-content\/uploads\/2018\/06\/bagual-fuentes-4-300x229.jpg 300w\" sizes=\"auto, (max-width: 700px) 100vw, 700px\" \/><img loading=\"lazy\" decoding=\"async\" class=\"alignleft size-full wp-image-4882\" src=\"https:\/\/www.bienaldelchaco.org\/2024\/wp-content\/uploads\/2018\/06\/bagual-fuentes-1.jpg\" alt=\"\" width=\"700\" height=\"534\" srcset=\"https:\/\/www.bienaldelchaco.org\/2024\/wp-content\/uploads\/2018\/06\/bagual-fuentes-1.jpg 700w, https:\/\/www.bienaldelchaco.org\/2024\/wp-content\/uploads\/2018\/06\/bagual-fuentes-1-300x229.jpg 300w\" sizes=\"auto, (max-width: 700px) 100vw, 700px\" \/><\/p>\n","protected":false},"excerpt":{"rendered":"<p>El ballet folcl\u00f3rico Bagual Fuentes de la localidad de Fontana ser\u00e1 uno de los cuadros musicales que se presentar\u00e1n en la Bienal Internacional de Escultura 2018 como parte de las actividades paralelas del certamen art\u00edstico.<\/p>\n","protected":false},"author":3,"featured_media":4884,"comment_status":"closed","ping_status":"closed","sticky":false,"template":"","format":"standard","meta":{"footnotes":""},"categories":[6],"tags":[],"class_list":["post-4881","post","type-post","status-publish","format-standard","has-post-thumbnail","hentry","category-novedades"],"_links":{"self":[{"href":"https:\/\/www.bienaldelchaco.org\/2024\/wp-json\/wp\/v2\/posts\/4881","targetHints":{"allow":["GET"]}}],"collection":[{"href":"https:\/\/www.bienaldelchaco.org\/2024\/wp-json\/wp\/v2\/posts"}],"about":[{"href":"https:\/\/www.bienaldelchaco.org\/2024\/wp-json\/wp\/v2\/types\/post"}],"author":[{"embeddable":true,"href":"https:\/\/www.bienaldelchaco.org\/2024\/wp-json\/wp\/v2\/users\/3"}],"replies":[{"embeddable":true,"href":"https:\/\/www.bienaldelchaco.org\/2024\/wp-json\/wp\/v2\/comments?post=4881"}],"version-history":[{"count":1,"href":"https:\/\/www.bienaldelchaco.org\/2024\/wp-json\/wp\/v2\/posts\/4881\/revisions"}],"predecessor-version":[{"id":4885,"href":"https:\/\/www.bienaldelchaco.org\/2024\/wp-json\/wp\/v2\/posts\/4881\/revisions\/4885"}],"wp:featuredmedia":[{"embeddable":true,"href":"https:\/\/www.bienaldelchaco.org\/2024\/wp-json\/wp\/v2\/media\/4884"}],"wp:attachment":[{"href":"https:\/\/www.bienaldelchaco.org\/2024\/wp-json\/wp\/v2\/media?parent=4881"}],"wp:term":[{"taxonomy":"category","embeddable":true,"href":"https:\/\/www.bienaldelchaco.org\/2024\/wp-json\/wp\/v2\/categories?post=4881"},{"taxonomy":"post_tag","embeddable":true,"href":"https:\/\/www.bienaldelchaco.org\/2024\/wp-json\/wp\/v2\/tags?post=4881"}],"curies":[{"name":"wp","href":"https:\/\/api.w.org\/{rel}","templated":true}]}}