{"id":4984,"date":"2018-06-11T08:01:47","date_gmt":"2018-06-11T11:01:47","guid":{"rendered":"http:\/\/www.bienaldelchaco.org\/?p=4984"},"modified":"2018-06-13T08:34:54","modified_gmt":"2018-06-13T11:34:54","slug":"arte-y-moda-se-conjugaran-en-la-bienal-con-el-desfile-chacu-sinfonico","status":"publish","type":"post","link":"https:\/\/www.bienaldelchaco.org\/2024\/arte-y-moda-se-conjugaran-en-la-bienal-con-el-desfile-chacu-sinfonico\/","title":{"rendered":"Arte y moda se conjugar\u00e1n en la Bienal con el desfile \u201cChac\u00fa Sinf\u00f3nico\u201d"},"content":{"rendered":"<p>La marca de indumentarias Chac\u00fa -programa del gobierno del Chaco que apoya a los dise\u00f1adores y microempresas de la industria textil- tendr\u00e1 un espacio destacado durante la Bienal Internacional de Escultura 2018 \u201cIdentidad en Movimiento\u201d. Es el 15 de julio, a las 21.15, se realizar\u00e1 un desfile en el Domo del Centenario con m\u00fasica de la Orquesta Sinf\u00f3nica del Chaco en vivo. La entrada es libre y gratuita.<!--more--><\/p>\n<p>Este desfile de Chac\u00fa, denominado \u201cChac\u00fa Sinf\u00f3nico\u201d tendr\u00e1 prendas \u00fanicas de autor. La inspiraci\u00f3n de esta colecci\u00f3n es el origen, el algod\u00f3n, el proceso creativo que parte de una idea, de una \u201csemilla\u201d, de la habilidad del trabajo que permite la creaci\u00f3n de una prenda de vestir dando cuerpo a la idea originaria.<\/p>\n<p>Tal como sucede con los escultores durante la bienal, en pasarela se buscar\u00e1 mostrar el proceso en vivo convirtiendo un proyecto en objeto terminado, en el contexto de un gran acontecimiento art\u00edstico.<\/p>\n<p>El Gobierno del Chaco contin\u00faa desarrollando medidas tendientes a la consolidaci\u00f3n de este sector, utilizando mano de obra local, para lograr de esta forma, una vinculaci\u00f3n completa entre todos los eslabones de la cadena textil.<\/p>\n<p>As\u00ed naci\u00f3 Chac\u00fa, como programa que apoya a los dise\u00f1adores y microempresas de la industria textil. Inicialmente abri\u00f3 sus puertas como un multimarcas, pero en poco tiempo se convirti\u00f3 en una marca de indumentaria de dise\u00f1adores chaque\u00f1os, cuya caracter\u00edstica particular es el quehacer colectivo, y donde hoy participan m\u00e1s de treinta dise\u00f1adores.<\/p>\n<p>Es un proyecto que viene gest\u00e1ndose desde fines del 2010 y que vi\u00f3 la luz a fines de septiembre del 2011. En este sentido, el Gobierno de Chaco, a trav\u00e9s del Ministerio de Industria brinda el acceso a distintas herramientas creadas para el desarrollo tanto de la industria textil como de las confecciones y cuenta con l\u00edneas de acci\u00f3n muy claras: capacitaci\u00f3n, asistencia financiera, asistencia t\u00e9cnica, atracci\u00f3n de inversiones, comunicaci\u00f3n institucional y asistencia a la comercializaci\u00f3n.<\/p>\n<p>Una de las prioridades del programa es la asistencia financiera y t\u00e9cnica a las pymes y empresas chaque\u00f1as del sector. Mediante distintas herramientas, el Estado respalda y orienta a las firmas para mejorar sus niveles de calidad, producci\u00f3n y comercializaci\u00f3n.<\/p>\n","protected":false},"excerpt":{"rendered":"<p>La marca de indumentarias Chac\u00fa -programa del gobierno del Chaco que apoya a los dise\u00f1adores y microempresas de la industria textil- tendr\u00e1 un espacio destacado durante la Bienal Internacional de Escultura 2018 \u201cIdentidad en Movimiento\u201d. Es el 15 de julio, a las 21.15, se realizar\u00e1&#8230;<\/p>\n","protected":false},"author":3,"featured_media":5018,"comment_status":"closed","ping_status":"closed","sticky":false,"template":"","format":"standard","meta":{"footnotes":""},"categories":[6],"tags":[],"class_list":["post-4984","post","type-post","status-publish","format-standard","has-post-thumbnail","hentry","category-novedades"],"_links":{"self":[{"href":"https:\/\/www.bienaldelchaco.org\/2024\/wp-json\/wp\/v2\/posts\/4984","targetHints":{"allow":["GET"]}}],"collection":[{"href":"https:\/\/www.bienaldelchaco.org\/2024\/wp-json\/wp\/v2\/posts"}],"about":[{"href":"https:\/\/www.bienaldelchaco.org\/2024\/wp-json\/wp\/v2\/types\/post"}],"author":[{"embeddable":true,"href":"https:\/\/www.bienaldelchaco.org\/2024\/wp-json\/wp\/v2\/users\/3"}],"replies":[{"embeddable":true,"href":"https:\/\/www.bienaldelchaco.org\/2024\/wp-json\/wp\/v2\/comments?post=4984"}],"version-history":[{"count":2,"href":"https:\/\/www.bienaldelchaco.org\/2024\/wp-json\/wp\/v2\/posts\/4984\/revisions"}],"predecessor-version":[{"id":5028,"href":"https:\/\/www.bienaldelchaco.org\/2024\/wp-json\/wp\/v2\/posts\/4984\/revisions\/5028"}],"wp:featuredmedia":[{"embeddable":true,"href":"https:\/\/www.bienaldelchaco.org\/2024\/wp-json\/wp\/v2\/media\/5018"}],"wp:attachment":[{"href":"https:\/\/www.bienaldelchaco.org\/2024\/wp-json\/wp\/v2\/media?parent=4984"}],"wp:term":[{"taxonomy":"category","embeddable":true,"href":"https:\/\/www.bienaldelchaco.org\/2024\/wp-json\/wp\/v2\/categories?post=4984"},{"taxonomy":"post_tag","embeddable":true,"href":"https:\/\/www.bienaldelchaco.org\/2024\/wp-json\/wp\/v2\/tags?post=4984"}],"curies":[{"name":"wp","href":"https:\/\/api.w.org\/{rel}","templated":true}]}}