{"id":4993,"date":"2018-06-11T08:04:21","date_gmt":"2018-06-11T11:04:21","guid":{"rendered":"http:\/\/www.bienaldelchaco.org\/?p=4993"},"modified":"2018-06-18T18:45:43","modified_gmt":"2018-06-18T21:45:43","slug":"noche-de-gala-en-la-bienal-la-orquesta-sinfonica-y-el-ballet-contemporaneo-estrenaran-carmina-burana","status":"publish","type":"post","link":"https:\/\/www.bienaldelchaco.org\/2024\/noche-de-gala-en-la-bienal-la-orquesta-sinfonica-y-el-ballet-contemporaneo-estrenaran-carmina-burana\/","title":{"rendered":"Noche de gala en la Bienal: la Orquesta Sinf\u00f3nica, el Ballet Contempor\u00e1neo y Coros de la Provincia estrenar\u00e1n \u201cCarmina Burana\u201d"},"content":{"rendered":"<p>En lo que ser\u00e1 una noche de gala durante la Bienal de Escultura 2018, el\u00a020 de julio se estrenar\u00e1 \u201cCarmina Burana\u201d. La obra contar\u00e1 con la destacada participaci\u00f3n de la Orquesta Sinf\u00f3nica del Chaco, el Ballet Contempor\u00e1neo de la provincia y siete agrupaciones corales de Resistencia y Corrientes quienes interpretar\u00e1n la c\u00e9lebre cantata esc\u00e9nica compuesta por Carl Orff. Ser\u00e1 a las 21.15, en el Domo del Centenario, con entrada libre y gratuita.<!--more--><\/p>\n<p>Bajo la direcci\u00f3n de Jorge Doumont (Orquesta Sinf\u00f3nica) y Mariela Alarc\u00f3n (Ballet Contempor\u00e1neo), el espect\u00e1culo presentar\u00e1 el trabajo m\u00e1s famoso de Carl Orff. \u201cCarmina Burana\u201d se basa en una colecci\u00f3n de cantos goliardos de los siglos XII y XIII reunidos en el manuscrito encontrado en Benediktbeuern en el siglo XIX.<\/p>\n<p>Escritos por monjes y juglares, la colecci\u00f3n atrajo a Orff por lo diverso de sus versos que eran tanto humor\u00edsticos, tristes o sugestivos. Eligi\u00f3 unos veinte al azar y los arregl\u00f3 en crudas canciones para solistas y coro, acompa\u00f1ados por instrumentos y m\u00e1gicas im\u00e1genes.<\/p>\n<p>Este trabajo ejemplifica la b\u00fasqueda de Orff por un idioma que pueda revelar el elemental poder de la m\u00fasica, permitiendo al oyente experimentar la m\u00fasica como una fuerza primitiva y abrumadora.<\/p>\n","protected":false},"excerpt":{"rendered":"<p>En lo que ser\u00e1 una noche de gala durante la Bienal de Escultura 2018, el\u00a020 de julio se estrenar\u00e1 \u201cCarmina Burana\u201d. La obra contar\u00e1 con la destacada participaci\u00f3n de la Orquesta Sinf\u00f3nica del Chaco, el Ballet Contempor\u00e1neo de la provincia y siete agrupaciones corales de&#8230;<\/p>\n","protected":false},"author":3,"featured_media":5033,"comment_status":"closed","ping_status":"closed","sticky":false,"template":"","format":"standard","meta":{"footnotes":""},"categories":[6],"tags":[],"class_list":["post-4993","post","type-post","status-publish","format-standard","has-post-thumbnail","hentry","category-novedades"],"_links":{"self":[{"href":"https:\/\/www.bienaldelchaco.org\/2024\/wp-json\/wp\/v2\/posts\/4993","targetHints":{"allow":["GET"]}}],"collection":[{"href":"https:\/\/www.bienaldelchaco.org\/2024\/wp-json\/wp\/v2\/posts"}],"about":[{"href":"https:\/\/www.bienaldelchaco.org\/2024\/wp-json\/wp\/v2\/types\/post"}],"author":[{"embeddable":true,"href":"https:\/\/www.bienaldelchaco.org\/2024\/wp-json\/wp\/v2\/users\/3"}],"replies":[{"embeddable":true,"href":"https:\/\/www.bienaldelchaco.org\/2024\/wp-json\/wp\/v2\/comments?post=4993"}],"version-history":[{"count":5,"href":"https:\/\/www.bienaldelchaco.org\/2024\/wp-json\/wp\/v2\/posts\/4993\/revisions"}],"predecessor-version":[{"id":5040,"href":"https:\/\/www.bienaldelchaco.org\/2024\/wp-json\/wp\/v2\/posts\/4993\/revisions\/5040"}],"wp:featuredmedia":[{"embeddable":true,"href":"https:\/\/www.bienaldelchaco.org\/2024\/wp-json\/wp\/v2\/media\/5033"}],"wp:attachment":[{"href":"https:\/\/www.bienaldelchaco.org\/2024\/wp-json\/wp\/v2\/media?parent=4993"}],"wp:term":[{"taxonomy":"category","embeddable":true,"href":"https:\/\/www.bienaldelchaco.org\/2024\/wp-json\/wp\/v2\/categories?post=4993"},{"taxonomy":"post_tag","embeddable":true,"href":"https:\/\/www.bienaldelchaco.org\/2024\/wp-json\/wp\/v2\/tags?post=4993"}],"curies":[{"name":"wp","href":"https:\/\/api.w.org\/{rel}","templated":true}]}}