{"id":4996,"date":"2018-06-11T08:00:21","date_gmt":"2018-06-11T11:00:21","guid":{"rendered":"http:\/\/www.bienaldelchaco.org\/?p=4996"},"modified":"2018-06-12T17:27:03","modified_gmt":"2018-06-12T20:27:03","slug":"bienal-esta-abierta-la-inscripcion-para-los-talleres-de-escultura-destinado-a-ninos-y-ninas","status":"publish","type":"post","link":"https:\/\/www.bienaldelchaco.org\/2024\/bienal-esta-abierta-la-inscripcion-para-los-talleres-de-escultura-destinado-a-ninos-y-ninas\/","title":{"rendered":"Bienal: est\u00e1 abierta la inscripci\u00f3n para los talleres de escultura destinado a ni\u00f1os y ni\u00f1as"},"content":{"rendered":"<p>Entre las actividades paralelas que tendr\u00e1n lugar durante la Bienal Internacional de Escultura 2018, se realizar\u00e1n dos talleres gratuitos para miniescultores. Se trata de \u201cPeque\u00f1os Escultores\u201d y \u201cJugo de Madera\u201d los cuales ser\u00e1n dictados por el docente Quique Gurevich.<!--more--><\/p>\n<p>La actividad es organizada por la Presidencia del Concejo Municipal de Resistencia y los interesados pueden completar el formulario de inscripci\u00f3n correspondiente en <a href=\"https:\/\/www.bienaldelchaco.org\/2024\/talleres-de-escultura-para-ninos\/\">www.bienaldelchaco.org\/talleres-de-escultura-para-ni\u00f1os<\/a><\/p>\n<p>Bajo el lema \u201cReciclando, Reutilizando, Resignificando\u201d, los peque\u00f1os artistas har\u00e1n sus obras del 15 al 20 de julio en horario matutino y los mejores trabajos se expondr\u00e1n el s\u00e1bado 21, a partir de las 11.30.<\/p>\n<p><strong>\u201cPeque\u00f1os Escultores\u201d\u00a0<\/strong>est\u00e1 dirigido a ni\u00f1os de 4 a 7 a\u00f1os. Tiene como objetivo que los chicos mas peque\u00f1itos puedan operar en el espacio y general l\u00fadicamente un peque\u00f1o objeto tridimensional con palitos de colores y plastilina. Se realizar\u00e1 todos los d\u00edas, desde el 15 al 20 de julio, de 9 a 10 horas.<\/p>\n<p>En<strong>\u00a0\u201cJugo de Madera\u201d\u00a0<\/strong>participar\u00e1n chicos de 8 a 12 a\u00f1os. Apunta a la idea de recuperar y resignificar. Se trabajar\u00e1 en la creaci\u00f3n de peque\u00f1os objetos escult\u00f3ricos con la consigna que todos, jugando, podemos ser artistas escultores. Tendr\u00e1 espacio desde el 15 al 20 de julio, de 10.30 a 13.<\/p>\n","protected":false},"excerpt":{"rendered":"<p>Entre las actividades paralelas que tendr\u00e1n lugar durante la Bienal Internacional de Escultura 2018, se realizar\u00e1n dos talleres gratuitos para miniescultores. Se trata de \u201cPeque\u00f1os Escultores\u201d y \u201cJugo de Madera\u201d los cuales ser\u00e1n dictados por el docente Quique Gurevich.<\/p>\n","protected":false},"author":3,"featured_media":5019,"comment_status":"closed","ping_status":"closed","sticky":false,"template":"","format":"standard","meta":{"footnotes":""},"categories":[6],"tags":[],"class_list":["post-4996","post","type-post","status-publish","format-standard","has-post-thumbnail","hentry","category-novedades"],"_links":{"self":[{"href":"https:\/\/www.bienaldelchaco.org\/2024\/wp-json\/wp\/v2\/posts\/4996","targetHints":{"allow":["GET"]}}],"collection":[{"href":"https:\/\/www.bienaldelchaco.org\/2024\/wp-json\/wp\/v2\/posts"}],"about":[{"href":"https:\/\/www.bienaldelchaco.org\/2024\/wp-json\/wp\/v2\/types\/post"}],"author":[{"embeddable":true,"href":"https:\/\/www.bienaldelchaco.org\/2024\/wp-json\/wp\/v2\/users\/3"}],"replies":[{"embeddable":true,"href":"https:\/\/www.bienaldelchaco.org\/2024\/wp-json\/wp\/v2\/comments?post=4996"}],"version-history":[{"count":3,"href":"https:\/\/www.bienaldelchaco.org\/2024\/wp-json\/wp\/v2\/posts\/4996\/revisions"}],"predecessor-version":[{"id":4999,"href":"https:\/\/www.bienaldelchaco.org\/2024\/wp-json\/wp\/v2\/posts\/4996\/revisions\/4999"}],"wp:featuredmedia":[{"embeddable":true,"href":"https:\/\/www.bienaldelchaco.org\/2024\/wp-json\/wp\/v2\/media\/5019"}],"wp:attachment":[{"href":"https:\/\/www.bienaldelchaco.org\/2024\/wp-json\/wp\/v2\/media?parent=4996"}],"wp:term":[{"taxonomy":"category","embeddable":true,"href":"https:\/\/www.bienaldelchaco.org\/2024\/wp-json\/wp\/v2\/categories?post=4996"},{"taxonomy":"post_tag","embeddable":true,"href":"https:\/\/www.bienaldelchaco.org\/2024\/wp-json\/wp\/v2\/tags?post=4996"}],"curies":[{"name":"wp","href":"https:\/\/api.w.org\/{rel}","templated":true}]}}