{"id":5034,"date":"2018-06-16T12:44:34","date_gmt":"2018-06-16T15:44:34","guid":{"rendered":"http:\/\/www.bienaldelchaco.org\/?p=5034"},"modified":"2018-06-16T12:44:34","modified_gmt":"2018-06-16T15:44:34","slug":"loteria-chaquena-destaco-avances-organizativos-a-un-mes-de-la-bienal-de-esculturas-2018","status":"publish","type":"post","link":"https:\/\/www.bienaldelchaco.org\/2024\/loteria-chaquena-destaco-avances-organizativos-a-un-mes-de-la-bienal-de-esculturas-2018\/","title":{"rendered":"Loter\u00eda Chaque\u00f1a destac\u00f3 avances organizativos a un mes de la bienal de esculturas 2018"},"content":{"rendered":"<p>Autoridades de Loter\u00eda Chaque\u00f1a visitaron las instalaciones del Domo del Centenario para supervisar obras y detalles organizativos que vienen llevando adelante en forma mancomunada el Gobierno del Chaco, la Fundaci\u00f3n Urunday y la Municipalidad de Resistencia, de cara a esta gran fiesta de la cultura que se llevar\u00e1 a cabo entre el 14 y 21 de julio pr\u00f3ximo.<!--more--><\/p>\n<p>\u201cEs un verdadero orgullo ver el crecimiento de esta gran fiesta que concita cada vez m\u00e1s atenci\u00f3n a nivel nacional e internacional\u201d, recalc\u00f3 el presidente de Loter\u00eda Chaque\u00f1a, Oscar Brugnoli tras una reuni\u00f3n que mantuvo con el titular de la Fundaci\u00f3n Urunday, Fabriciano G\u00f3mez y los miembros del consejo directivo de la Bienal, Mimo Eidman, Ana Mar\u00eda Taiana y Jos\u00e9 Eidman.<\/p>\n<p>\u201cEn esta edici\u00f3n, se triplicar\u00e1 la superficie del predio ferial\u201d, adelant\u00f3 G\u00f3mez, quien se manifest\u00f3 sumamente alegre y satisfecho por el crecimiento de la fiesta escult\u00f3rica, cuya primera edici\u00f3n se remonta a 1998 en la plaza 25 de mayo, por lo cual este a\u00f1o celebrar\u00e1 su trig\u00e9simo aniversario bajo el lema \u201cIdentidad en Movimiento\u201d.<\/p>\n<p>Un predio de diez hect\u00e1reas ser\u00e1 especialmente habilitado para esta nueva edici\u00f3n, por lo cual desde el Gobierno del Chaco y la Municipalidad de Resistencia se vienen desarrollando obras de ampliaci\u00f3n, que incluyen la instalaci\u00f3n de una subestaci\u00f3n transformadora, nivelaci\u00f3n de suelos, recuperaci\u00f3n y ampliaci\u00f3n de veredas y senderos peatonales, y el mejoramiento de la iluminaci\u00f3n, entre otras tantas mejoras.<\/p>\n<p>\u201cTodos los lugares est\u00e1n sumamente organizados. Habr\u00e1 sectores alimentarios, espacios de artesanos, sectores de competencia y cinco escenarios simult\u00e1neos\u201d, adelant\u00f3 G\u00f3mez, quien confirm\u00f3 que este a\u00f1o se recibi\u00f3 una demanda r\u00e9cord en materia de participaci\u00f3n, con m\u00e1s de un millar de interesados en ser parte de la Bienal del Chaco.<\/p>\n<h2 class=\"page-heading\">Artesanos de todo el mundo<\/h2>\n<p>G\u00f3mez confirm\u00f3, adem\u00e1s, que este a\u00f1o se celebrar\u00e1 el \u201cGran Premio de Honor 30 a\u00f1os\u201d, con la participaci\u00f3n de los ganadores de las diez Bienales realizadas entre 1998 y 2016, que son reconocidos y premiados artistas de Francia, China, Bolivia, Alemania, Polonia y Argentina\u201d, recalc\u00f3 G\u00f3mez.<\/p>\n<p>Se realizar\u00e1, asimismo, el \u201cPremio Desaf\u00edo\u201d, un concurso en el que participan m\u00e1s de treinta estudiantes avanzados de las escuelas de Bellas Artes de diferentes provincias. En paralelo a los cert\u00e1menes de escultura, tendr\u00e1n lugar otras expresiones contempor\u00e1neas, como arte ef\u00edmero, intervenciones, instalaci\u00f3n acu\u00e1tica, obras colectivas con pueblos originarios, jornadas de arte l\u00fadico para los ni\u00f1os y el soporte te\u00f3rico de talleres y conferencias.<\/p>\n<h2 class=\"page-heading\">Atractivo tur\u00edstico<\/h2>\n<p>El titular del Directorio de Loter\u00eda Chaque\u00f1a ponder\u00f3, por su parte, el impacto positivo en materia tur\u00edstica que genera la Bienal de Esculturas, ya que durante la \u00faltima edici\u00f3n permiti\u00f3 posicionar por primera vez al Chaco como uno de los 20 destinos tur\u00edsticos m\u00e1s elegidos por los argentinos durante las vacaciones de invierno.<\/p>\n<p>\u201cLa Bienal Internacional de Esculturas es una gran opci\u00f3n para conocer de cerca la riqueza cultural del Chaco y porqu\u00e9 Resistencia es conocida como la Ciudad de las Esculturas, con m\u00e1s de 600 obras a cielo abierto\u201d, indic\u00f3 Brugnoli, quien estuvo acompa\u00f1ado en su reuni\u00f3n con las autoridades de la Fundaci\u00f3n Urunday por la directora de Arquitectura de Loter\u00eda Chaque\u00f1a, Mercedes Villaverde y el jefe de Marketing, Diego Flores.<\/p>\n<p>&nbsp;<\/p>\n<p>Fuente:\u00a0http:\/\/www.chacodiapordia.com<\/p>\n","protected":false},"excerpt":{"rendered":"<p>Autoridades de Loter\u00eda Chaque\u00f1a visitaron las instalaciones del Domo del Centenario para supervisar obras y detalles organizativos que vienen llevando adelante en forma mancomunada el Gobierno del Chaco, la Fundaci\u00f3n Urunday y la Municipalidad de Resistencia, de cara a esta gran fiesta de la cultura&#8230;<\/p>\n","protected":false},"author":3,"featured_media":5036,"comment_status":"closed","ping_status":"closed","sticky":false,"template":"","format":"standard","meta":{"footnotes":""},"categories":[6],"tags":[],"class_list":["post-5034","post","type-post","status-publish","format-standard","has-post-thumbnail","hentry","category-novedades"],"_links":{"self":[{"href":"https:\/\/www.bienaldelchaco.org\/2024\/wp-json\/wp\/v2\/posts\/5034","targetHints":{"allow":["GET"]}}],"collection":[{"href":"https:\/\/www.bienaldelchaco.org\/2024\/wp-json\/wp\/v2\/posts"}],"about":[{"href":"https:\/\/www.bienaldelchaco.org\/2024\/wp-json\/wp\/v2\/types\/post"}],"author":[{"embeddable":true,"href":"https:\/\/www.bienaldelchaco.org\/2024\/wp-json\/wp\/v2\/users\/3"}],"replies":[{"embeddable":true,"href":"https:\/\/www.bienaldelchaco.org\/2024\/wp-json\/wp\/v2\/comments?post=5034"}],"version-history":[{"count":1,"href":"https:\/\/www.bienaldelchaco.org\/2024\/wp-json\/wp\/v2\/posts\/5034\/revisions"}],"predecessor-version":[{"id":5037,"href":"https:\/\/www.bienaldelchaco.org\/2024\/wp-json\/wp\/v2\/posts\/5034\/revisions\/5037"}],"wp:featuredmedia":[{"embeddable":true,"href":"https:\/\/www.bienaldelchaco.org\/2024\/wp-json\/wp\/v2\/media\/5036"}],"wp:attachment":[{"href":"https:\/\/www.bienaldelchaco.org\/2024\/wp-json\/wp\/v2\/media?parent=5034"}],"wp:term":[{"taxonomy":"category","embeddable":true,"href":"https:\/\/www.bienaldelchaco.org\/2024\/wp-json\/wp\/v2\/categories?post=5034"},{"taxonomy":"post_tag","embeddable":true,"href":"https:\/\/www.bienaldelchaco.org\/2024\/wp-json\/wp\/v2\/tags?post=5034"}],"curies":[{"name":"wp","href":"https:\/\/api.w.org\/{rel}","templated":true}]}}