{"id":5201,"date":"2018-06-28T16:04:23","date_gmt":"2018-06-28T19:04:23","guid":{"rendered":"http:\/\/www.bienaldelchaco.org\/?p=5201"},"modified":"2018-06-28T16:04:23","modified_gmt":"2018-06-28T19:04:23","slug":"municipio-y-fundacion-urunday-coordinan-acciones-de-cara-a-la-realizacion-de-la-bienal-de-esculturas","status":"publish","type":"post","link":"https:\/\/www.bienaldelchaco.org\/2024\/municipio-y-fundacion-urunday-coordinan-acciones-de-cara-a-la-realizacion-de-la-bienal-de-esculturas\/","title":{"rendered":"Municipio y Fundaci\u00f3n Urunday coordinan acciones de cara a la realizaci\u00f3n de la Bienal de Esculturas"},"content":{"rendered":"<p>Funcionario de la Secretar\u00eda de Gobierno del Municipio participaron de una reuni\u00f3n junto a integrantes de la Fundaci\u00f3n Urunday con el fin de coordinar aspectos log\u00edsticos y estrat\u00e9gicos en cuanto a la organizaci\u00f3n de la Bienal de Escultura, que se desarrollar\u00e1 del 14 al 21 de julio.<!--more--><\/p>\n<p>El subsecretario de Fiscalizaci\u00f3n y Regulaci\u00f3n, Gustavo Cicik afirm\u00f3 que \u201cfue de vital importancia ya que nos pusimos de acuerdo entre los distintos actores encargados de que este evento internacional se convierta en un \u00e9xito\u201d.<\/p>\n<p>El secretario de Gobierno, Sebasti\u00e1n Lifton solicit\u00f3 a la poblaci\u00f3n respetar las normas para que la Bienal sea la gran fiesta de todos los chaque\u00f1os.<\/p>\n<p>La comuna se sumar\u00e1 con diversas actividades culturales, gastron\u00f3micas y\u00a0 tur\u00edsticas dise\u00f1adas para poner en valor la construcci\u00f3n colectiva de nuestra identidad, que es multicultural, diversa y creativa.<\/p>\n<p>El mega-evento de car\u00e1cter internacional volver\u00e1 transformarse este a\u00f1o en el escenario donde convergen diversas expresiones culturales y comunitarias que ponen a la capital chaque\u00f1a ante los ojos del mundo, transform\u00e1ndola en un museo al aire libre y en un gran atractivo tur\u00edstico.<\/p>\n<p>Durante el encuentro coordinaron agendas de trabajo para definir las actividades complementarias que se realizar\u00e1n en torno al concurso de esculturas y la promoci\u00f3n del evento a nivel provincial, regional y nacional. Tambi\u00e9n planificaron acciones para fomentar la actividad econ\u00f3mica que se genera alrededor del evento como la gastronom\u00eda y la hoteler\u00eda, entre otros.<\/p>\n<p>Es as\u00ed que participaron personal encargado de la seguridad del predio, funcionarios de las secretar\u00edas de Gobierno y de Cultura, de la Subsecretar\u00eda de Salud Ambiental, de la Direcci\u00f3n de Tr\u00e1nsito y de Inspecciones Generales,\u00a0 Bromatolog\u00eda, Higiene y Seguridad, Guardia Comunitaria, de Defensa Civil, adem\u00e1s de la Fundaci\u00f3n Urunday y Femechaco, entre otros, quienes coordinaron acciones tendientes a organizar el tr\u00e1nsito, la seguridad, la log\u00edstica para que el evento cultural m\u00e1s importante del nordeste se desarrolle con normalidad.<\/p>\n<p><strong>Motos sin casco no podr\u00e1n acceder al predio<\/strong><\/p>\n<p>La Direcci\u00f3n de Tr\u00e1nsito ser\u00e1 la encargada de organizar el estacionamiento y tr\u00e1nsito en el transcurso de del evento, Luego del encuentro se resolvi\u00f3 que las personas que se trasladen en moto hacia el Domo deber\u00e1n hacerlo con su respectivo casco, de otra manera no podr\u00e1n estacionar.<\/p>\n<p><strong>Prohibida la venta ambulante<\/strong><\/p>\n<p>En el encuentro entre varias \u00e1reas se decidi\u00f3 que estar\u00e1 prohibido el accionar de vendedores ambulantes. Desde Inspecciones Generales se inform\u00f3 que en el caso de que se ubique alg\u00fan vendedor se le confiscar\u00e1 la mercader\u00eda.<\/p>\n<p>Fuente:\u00a0http:\/\/www.chacodiapordia.com<\/p>\n","protected":false},"excerpt":{"rendered":"<p>Funcionario de la Secretar\u00eda de Gobierno del Municipio participaron de una reuni\u00f3n junto a integrantes de la Fundaci\u00f3n Urunday con el fin de coordinar aspectos log\u00edsticos y estrat\u00e9gicos en cuanto a la organizaci\u00f3n de la Bienal de Escultura, que se desarrollar\u00e1 del 14 al 21&#8230;<\/p>\n","protected":false},"author":3,"featured_media":5202,"comment_status":"closed","ping_status":"closed","sticky":false,"template":"","format":"standard","meta":{"footnotes":""},"categories":[6],"tags":[],"class_list":["post-5201","post","type-post","status-publish","format-standard","has-post-thumbnail","hentry","category-novedades"],"_links":{"self":[{"href":"https:\/\/www.bienaldelchaco.org\/2024\/wp-json\/wp\/v2\/posts\/5201","targetHints":{"allow":["GET"]}}],"collection":[{"href":"https:\/\/www.bienaldelchaco.org\/2024\/wp-json\/wp\/v2\/posts"}],"about":[{"href":"https:\/\/www.bienaldelchaco.org\/2024\/wp-json\/wp\/v2\/types\/post"}],"author":[{"embeddable":true,"href":"https:\/\/www.bienaldelchaco.org\/2024\/wp-json\/wp\/v2\/users\/3"}],"replies":[{"embeddable":true,"href":"https:\/\/www.bienaldelchaco.org\/2024\/wp-json\/wp\/v2\/comments?post=5201"}],"version-history":[{"count":1,"href":"https:\/\/www.bienaldelchaco.org\/2024\/wp-json\/wp\/v2\/posts\/5201\/revisions"}],"predecessor-version":[{"id":5203,"href":"https:\/\/www.bienaldelchaco.org\/2024\/wp-json\/wp\/v2\/posts\/5201\/revisions\/5203"}],"wp:featuredmedia":[{"embeddable":true,"href":"https:\/\/www.bienaldelchaco.org\/2024\/wp-json\/wp\/v2\/media\/5202"}],"wp:attachment":[{"href":"https:\/\/www.bienaldelchaco.org\/2024\/wp-json\/wp\/v2\/media?parent=5201"}],"wp:term":[{"taxonomy":"category","embeddable":true,"href":"https:\/\/www.bienaldelchaco.org\/2024\/wp-json\/wp\/v2\/categories?post=5201"},{"taxonomy":"post_tag","embeddable":true,"href":"https:\/\/www.bienaldelchaco.org\/2024\/wp-json\/wp\/v2\/tags?post=5201"}],"curies":[{"name":"wp","href":"https:\/\/api.w.org\/{rel}","templated":true}]}}