{"id":5231,"date":"2018-07-02T11:59:21","date_gmt":"2018-07-02T14:59:21","guid":{"rendered":"http:\/\/www.bienaldelchaco.org\/?p=5231"},"modified":"2018-07-03T16:13:49","modified_gmt":"2018-07-03T19:13:49","slug":"una-bienal-de-esculturas-con-mucho-rio-negro-y-navegantes","status":"publish","type":"post","link":"https:\/\/www.bienaldelchaco.org\/2024\/una-bienal-de-esculturas-con-mucho-rio-negro-y-navegantes\/","title":{"rendered":"Una Bienal de Escultura con mucho R\u00edo Negro y Navegantes"},"content":{"rendered":"<p>Hace a\u00f1os que est\u00e1 abierta a la comunidad local, nacional e internacional, la Bienal de Esculturas; \u00a0algunos a\u00f1os antes, un grupo de ciudadanos nos asociamos localmente para trabajar por la salud del r\u00edo Negro y su puesta en valor. <!--more-->Tanto nosotros, como la Fundaci\u00f3n Urunday, trabajamos arduamente .aunque por caminos paralelos en cuanto objetivos y tareas. Este a\u00f1o \u2013y esperemos que podamos seguir haci\u00e9ndolo desde ahora en adelante- el aniversario de ese festival de arte y la campa\u00f1a por la recuperaci\u00f3n del r\u00edo Negro se cruzar\u00e1n significativamente, mostrando lo que tenemos de com\u00fan los resistencianos: <strong>ganas de hacer y de cumplir objetivos con estilo y pasi\u00f3n cuando estamos convencidos que las intenciones y la metodolog\u00eda son leg\u00edtimas y responden al imaginario colectivo<\/strong>. La introducci\u00f3n viene a cuento porque hemos coincidido con la mencionada Fundaci\u00f3n y nuestra Comisi\u00f3n de Recuperaci\u00f3n del r\u00edo Negro en la necesidad de que ese curso de agua sea rehabilitado pronto y bien. Los trabajos actuales de la APA que est\u00e1n liberando al r\u00edo de embalsados y otras plantas acu\u00e1ticas, manejando estrat\u00e9gicamente los niveles de agua y descongestionando el cauce con las maquinarias que se cuentan, son respuestas a reclamos de vieja data, y a actuales gestiones realizadas principalmente por la Fundaci\u00f3n Urunday. Nos consta que Fabriciano G\u00f3mez, en persona, solicit\u00f3 a la APA que contin\u00faen estos trabajos, liberando algunos kil\u00f3metros m\u00e1s r\u00edo abajo. Por el momento se puede navegar sin problemas desde el Paseo de los Inmigrantes hasta la avenida Sarmiento (unos 5 Km.) y lo mismo r\u00edo arriba. Es bastante considerando que hasta hace un mes todo ese sector estaba totalmente colmatado de embalsados y ya no se pod\u00eda navegar. Pero el objetivo final es recuperar el r\u00edo en toda su extensi\u00f3n para controlar la contaminaci\u00f3n y prever situaciones de riesgo por inundaciones.<\/p>\n<p>En un encuentro en la sede de la Fundaci\u00f3n Urunday, hemos invitado a Fabriciano \u00a0a recibir de manos de navegantes y ambientalistas una \u201cbotella de n\u00e1ufrago\u201d conteniendo un petitorio que \u00e9l har\u00e1 llegar al gobernador de la provincia, solicitando la rehabilitaci\u00f3n efectiva y total del r\u00edo Negro para el uso y solaz de toda la comunidad, pero tambi\u00e9n para disminuir los riesgos actuales. Tal pedido ser\u00e1 expuesto todo el tiempo que dure la Bienal y la nota podr\u00e1 ser avalada con la firma de todos quienes desean ver recuperado nuestro r\u00edo, incluidos los visitantes de otras regiones del pa\u00eds y del mundo. La botella con su mensaje ser\u00e1 el objeto de enlace (intermediario) y como una obra de arte (ef\u00edmera en este caso, pero con la impronta del amor al lugar en que vivimos y con proyecci\u00f3n a futuro) estar\u00e1 dirigida a los sentidos y a la reflexi\u00f3n de ciudadanos y funcionarios. Ser\u00e1 la primera acci\u00f3n conjunta entre la Comisi\u00f3n de Recuperaci\u00f3n del r\u00edo Negro y los organizadores de la Bienal, y hay amigos de otras provincias que ya se comprometieron a estar presentes y registrar cinematogr\u00e1ficamente el acto, que durar\u00e1 unos minutos, pero cuyos efectos pretendemos sean para siempre. Esto ocurrir\u00e1 el domingo 15, a la hora 15. Debemos estar todos a bordo de las embarcaciones, sobre los puentes o esperando en la orilla del Domo del Centenario, porque ser\u00e1 el comienzo de una nueva era en la historia ambiental de los chaque\u00f1os que podr\u00e1 evaluarse \u2013a partir de ahora con testigos calificados- por lo menos cada dos a\u00f1os.-<\/p>\n<p>Jorge Castillo<\/p>\n<p>Comisi\u00f3n de Recuperaci\u00f3n del r\u00edo Negro<\/p>\n","protected":false},"excerpt":{"rendered":"<p>Hace a\u00f1os que est\u00e1 abierta a la comunidad local, nacional e internacional, la Bienal de Esculturas; \u00a0algunos a\u00f1os antes, un grupo de ciudadanos nos asociamos localmente para trabajar por la salud del r\u00edo Negro y su puesta en valor.<\/p>\n","protected":false},"author":3,"featured_media":5233,"comment_status":"closed","ping_status":"closed","sticky":false,"template":"","format":"standard","meta":{"footnotes":""},"categories":[6],"tags":[],"class_list":["post-5231","post","type-post","status-publish","format-standard","has-post-thumbnail","hentry","category-novedades"],"_links":{"self":[{"href":"https:\/\/www.bienaldelchaco.org\/2024\/wp-json\/wp\/v2\/posts\/5231","targetHints":{"allow":["GET"]}}],"collection":[{"href":"https:\/\/www.bienaldelchaco.org\/2024\/wp-json\/wp\/v2\/posts"}],"about":[{"href":"https:\/\/www.bienaldelchaco.org\/2024\/wp-json\/wp\/v2\/types\/post"}],"author":[{"embeddable":true,"href":"https:\/\/www.bienaldelchaco.org\/2024\/wp-json\/wp\/v2\/users\/3"}],"replies":[{"embeddable":true,"href":"https:\/\/www.bienaldelchaco.org\/2024\/wp-json\/wp\/v2\/comments?post=5231"}],"version-history":[{"count":2,"href":"https:\/\/www.bienaldelchaco.org\/2024\/wp-json\/wp\/v2\/posts\/5231\/revisions"}],"predecessor-version":[{"id":5307,"href":"https:\/\/www.bienaldelchaco.org\/2024\/wp-json\/wp\/v2\/posts\/5231\/revisions\/5307"}],"wp:featuredmedia":[{"embeddable":true,"href":"https:\/\/www.bienaldelchaco.org\/2024\/wp-json\/wp\/v2\/media\/5233"}],"wp:attachment":[{"href":"https:\/\/www.bienaldelchaco.org\/2024\/wp-json\/wp\/v2\/media?parent=5231"}],"wp:term":[{"taxonomy":"category","embeddable":true,"href":"https:\/\/www.bienaldelchaco.org\/2024\/wp-json\/wp\/v2\/categories?post=5231"},{"taxonomy":"post_tag","embeddable":true,"href":"https:\/\/www.bienaldelchaco.org\/2024\/wp-json\/wp\/v2\/tags?post=5231"}],"curies":[{"name":"wp","href":"https:\/\/api.w.org\/{rel}","templated":true}]}}