{"id":5333,"date":"2018-07-10T08:52:56","date_gmt":"2018-07-10T11:52:56","guid":{"rendered":"http:\/\/www.bienaldelchaco.org\/?p=5333"},"modified":"2018-07-10T08:52:56","modified_gmt":"2018-07-10T11:52:56","slug":"bienal-internacional-de-escultura-argentina-se-presenta-el-lunes-en-paraguay","status":"publish","type":"post","link":"https:\/\/www.bienaldelchaco.org\/2024\/bienal-internacional-de-escultura-argentina-se-presenta-el-lunes-en-paraguay\/","title":{"rendered":"Bienal Internacional de Escultura argentina se presenta el lunes en Paraguay"},"content":{"rendered":"<p><em><strong>Asunci\u00f3n.-<\/strong><\/em>\u00a0El Instituto de Turismo del Chaco argentino presentar\u00e1 este lunes en Asunci\u00f3n la Bienal Internacional de Escultura, que se celebrar\u00e1 del 14 al 21 de julio en la ciudad argentina de Resistencia.<!--more--><span id=\"more-228112\"><\/span><\/p>\n<p>Adem\u00e1s, el Instituto de Turismo aprovechar\u00e1 la ocasi\u00f3n para promocionar el Chaco argentino, como parte de la campa\u00f1a \u201cDestino Chaco\u201d, con la que se pretende atraer el turismo a la provincia del Chaco, una de las 23 que conforman la organizaci\u00f3n territorial argentina y ubicada en la frontera suroeste de Paraguay, seg\u00fan inform\u00f3 hoy el organismo en su web.<\/p>\n<p>La presidenta del Instituto de Turismo de la provincia del Chaco, Mora Dicembrino, expres\u00f3 que la visita pretende \u201cposicionar al Chaco, sus eventos y su naturaleza en el contexto internacional\u201d, seg\u00fan recogi\u00f3 el comunicado.<\/p>\n<p>El acto servir\u00e1 para dar a conocer la Bienal Internacional de las Esculturas, que este a\u00f1o celebra su 30 aniversario y se desarrollar\u00e1 en el Museo de Esculturas del Mundo (MusEUM) de la ciudad de Resistencia, la capital chaque\u00f1a.<\/p>\n<p>Esa localidad cuenta con cerca de 640 obras a cielo abierto que comenzaron a instalarse en 1988 y se considerada el museo de esculturas al aire libre m\u00e1s grande del mundo.<\/p>\n<p>Asimismo, tambi\u00e9n se expondr\u00e1n otros atractivos de esa provincia argentina, como el Parque Provincial del Meteorito, la Isla del Cerrito o distintos parques nacionales.<\/p>\n<p>&nbsp;<\/p>\n<p>Fuente:\u00a0www.ip.gov.py<\/p>\n","protected":false},"excerpt":{"rendered":"<p>Asunci\u00f3n.-\u00a0El Instituto de Turismo del Chaco argentino presentar\u00e1 este lunes en Asunci\u00f3n la Bienal Internacional de Escultura, que se celebrar\u00e1 del 14 al 21 de julio en la ciudad argentina de Resistencia.<\/p>\n","protected":false},"author":3,"featured_media":4350,"comment_status":"closed","ping_status":"closed","sticky":false,"template":"","format":"standard","meta":{"footnotes":""},"categories":[6],"tags":[],"class_list":["post-5333","post","type-post","status-publish","format-standard","has-post-thumbnail","hentry","category-novedades"],"_links":{"self":[{"href":"https:\/\/www.bienaldelchaco.org\/2024\/wp-json\/wp\/v2\/posts\/5333","targetHints":{"allow":["GET"]}}],"collection":[{"href":"https:\/\/www.bienaldelchaco.org\/2024\/wp-json\/wp\/v2\/posts"}],"about":[{"href":"https:\/\/www.bienaldelchaco.org\/2024\/wp-json\/wp\/v2\/types\/post"}],"author":[{"embeddable":true,"href":"https:\/\/www.bienaldelchaco.org\/2024\/wp-json\/wp\/v2\/users\/3"}],"replies":[{"embeddable":true,"href":"https:\/\/www.bienaldelchaco.org\/2024\/wp-json\/wp\/v2\/comments?post=5333"}],"version-history":[{"count":1,"href":"https:\/\/www.bienaldelchaco.org\/2024\/wp-json\/wp\/v2\/posts\/5333\/revisions"}],"predecessor-version":[{"id":5334,"href":"https:\/\/www.bienaldelchaco.org\/2024\/wp-json\/wp\/v2\/posts\/5333\/revisions\/5334"}],"wp:featuredmedia":[{"embeddable":true,"href":"https:\/\/www.bienaldelchaco.org\/2024\/wp-json\/wp\/v2\/media\/4350"}],"wp:attachment":[{"href":"https:\/\/www.bienaldelchaco.org\/2024\/wp-json\/wp\/v2\/media?parent=5333"}],"wp:term":[{"taxonomy":"category","embeddable":true,"href":"https:\/\/www.bienaldelchaco.org\/2024\/wp-json\/wp\/v2\/categories?post=5333"},{"taxonomy":"post_tag","embeddable":true,"href":"https:\/\/www.bienaldelchaco.org\/2024\/wp-json\/wp\/v2\/tags?post=5333"}],"curies":[{"name":"wp","href":"https:\/\/api.w.org\/{rel}","templated":true}]}}