{"id":5380,"date":"2018-07-13T08:02:48","date_gmt":"2018-07-13T11:02:48","guid":{"rendered":"http:\/\/www.bienaldelchaco.org\/?p=5380"},"modified":"2018-07-13T08:02:48","modified_gmt":"2018-07-13T11:02:48","slug":"unos-40-trabajadores-finalizaron-cursos-del-programa-anfitriones-del-mundo","status":"publish","type":"post","link":"https:\/\/www.bienaldelchaco.org\/2024\/unos-40-trabajadores-finalizaron-cursos-del-programa-anfitriones-del-mundo\/","title":{"rendered":"Unos 40 trabajadores finalizaron cursos del programa Anfitriones del Mundo"},"content":{"rendered":"<div>De cara a la Bienal, trabajadores del sector p\u00fablico y privado se capacitaron en lenguas extranjeras y servicio y atenci\u00f3n a los visitantes.<\/div>\n<p><!--more--><\/p>\n<div><\/div>\n<div>En el marco del programa Anfitriones del Mundo, el Instituto Provincial de la Administraci\u00f3n P\u00fablica (IPAP) entreg\u00f3 certificados a los 40 trabajadores que finalizaron la capacitaci\u00f3n. Participaron de la entrega la presidenta del Instituto de Turismo Mora Dicembrino y el presidente de la Fundaci\u00f3n Urunday Fabriciano G\u00f3mez.<\/div>\n<div><\/div>\n<div>El objetivo del taller es capacitar a aquel referente clave que intervengan de alg\u00fan modo en eventos de gran masividad y transcendencia internacional, para que desarrollen competencias relacionadas con el manejo de lenguas extranjeras y servicio y atenci\u00f3n a los visitantes.<\/div>\n<div><\/div>\n<div>La vocal Acad\u00e9mica de Ipap, Claudia Soria Ojeda, coment\u00f3 que participaron por el sector privado diversas instituciones y en este caso puntual estuvo dedicado a personal de la Asociaci\u00f3n de Taxis y Remises, de los Institutos de Turismo y Cultura, Fundaci\u00f3n Urunday, personal del Ipap y personal de la Guardia Urbana de la Municipalidad de Resistencia. \u201cSon quienes asistir\u00e1n a todos los visitantes durante la Bienal\u201d, remarc\u00f3, y en ese sentido, se\u00f1al\u00f3: \u201cEl Ipap pone una vara muy alta, porque quienes concluyeron este curso son quienes nos van a representar ante el mundo\u201d.<\/div>\n<div><\/div>\n<div>En esta oportunidad fueron 40 personas las que finalizaron el taller y se suman a todas las que se formaron desde el 2016. Durante la Bienal de las Esculturas, llevaran puesto el pin que los distingue como Anfitriones del Mundo.<\/div>\n<div class=\"internal_news_ad medio\"><\/div>\n<div><\/div>\n<div>Por su parte, la presidenta del Instituto de Turismo Mora Dicembrino dijo: \u201cSon ellos quienes van a recibir tanto a turistas chaque\u00f1os como del resto del mundo que se den cita en la Bienal desde el 14 al 21 de julio\u201d. Y continu\u00f3: \u201cQuiz\u00e1s antes era un anhelo pensar que estar\u00edamos formando a anfitriones con los idiomas ingl\u00e9s, portugu\u00e9s y propiciando la excelencia de nuestros servicios, pero hoy el gobernador Domingo Peppo nos insta a elevar la vara, a hacer una provincia realmente tur\u00edstica; a que cada persona que venga, se vaya satisfecha y que obtenga una experiencia aut\u00e9ntica, memorable y de calidad y, creemos que esto va a suceder en estos 30 a\u00f1os de Bienal\u201d.<\/div>\n<div><\/div>\n<div>Adem\u00e1s de haber capacitado a profesionales que van a estar en distintos lugares de la ruta asesorando a los turistas, tambi\u00e9n los organismos fueron distinguidos con obleas por tener profesionales capacitados.<\/div>\n<div><\/div>\n<div>Para finalizar, el reconocido escultor e impulsor de la Bienal Internacional de las Esculturas Fabriciano G\u00f3mez expres\u00f3: \u201cMe voy feliz, lleno y pleno por el trabajo que realiz\u00f3 el Ipap por la cultura de esta provincia: me parece maravilloso\u201d. Y pronunci\u00f3: \u201cQue hoy los polic\u00edas y los taxistas cuenten orgullosos que pueden recibir a los visitantes hablando ingl\u00e9s y portugu\u00e9s, es una muestra de lo generosa que es esta provincia\u201d.<\/div>\n<div><\/div>\n<div>Fuente: DiarioChaco<\/div>\n","protected":false},"excerpt":{"rendered":"<p>De cara a la Bienal, trabajadores del sector p\u00fablico y privado se capacitaron en lenguas extranjeras y servicio y atenci\u00f3n a los visitantes.<\/p>\n","protected":false},"author":3,"featured_media":5381,"comment_status":"closed","ping_status":"closed","sticky":false,"template":"","format":"standard","meta":{"footnotes":""},"categories":[6],"tags":[],"class_list":["post-5380","post","type-post","status-publish","format-standard","has-post-thumbnail","hentry","category-novedades"],"_links":{"self":[{"href":"https:\/\/www.bienaldelchaco.org\/2024\/wp-json\/wp\/v2\/posts\/5380","targetHints":{"allow":["GET"]}}],"collection":[{"href":"https:\/\/www.bienaldelchaco.org\/2024\/wp-json\/wp\/v2\/posts"}],"about":[{"href":"https:\/\/www.bienaldelchaco.org\/2024\/wp-json\/wp\/v2\/types\/post"}],"author":[{"embeddable":true,"href":"https:\/\/www.bienaldelchaco.org\/2024\/wp-json\/wp\/v2\/users\/3"}],"replies":[{"embeddable":true,"href":"https:\/\/www.bienaldelchaco.org\/2024\/wp-json\/wp\/v2\/comments?post=5380"}],"version-history":[{"count":1,"href":"https:\/\/www.bienaldelchaco.org\/2024\/wp-json\/wp\/v2\/posts\/5380\/revisions"}],"predecessor-version":[{"id":5382,"href":"https:\/\/www.bienaldelchaco.org\/2024\/wp-json\/wp\/v2\/posts\/5380\/revisions\/5382"}],"wp:featuredmedia":[{"embeddable":true,"href":"https:\/\/www.bienaldelchaco.org\/2024\/wp-json\/wp\/v2\/media\/5381"}],"wp:attachment":[{"href":"https:\/\/www.bienaldelchaco.org\/2024\/wp-json\/wp\/v2\/media?parent=5380"}],"wp:term":[{"taxonomy":"category","embeddable":true,"href":"https:\/\/www.bienaldelchaco.org\/2024\/wp-json\/wp\/v2\/categories?post=5380"},{"taxonomy":"post_tag","embeddable":true,"href":"https:\/\/www.bienaldelchaco.org\/2024\/wp-json\/wp\/v2\/tags?post=5380"}],"curies":[{"name":"wp","href":"https:\/\/api.w.org\/{rel}","templated":true}]}}