{"id":5424,"date":"2018-07-23T13:21:37","date_gmt":"2018-07-23T16:21:37","guid":{"rendered":"http:\/\/www.bienaldelchaco.org\/?p=5424"},"modified":"2018-07-31T12:12:09","modified_gmt":"2018-07-31T15:12:09","slug":"la-bienal-marta-minujin-y-el-vuelo-de-libertad","status":"publish","type":"post","link":"https:\/\/www.bienaldelchaco.org\/2024\/la-bienal-marta-minujin-y-el-vuelo-de-libertad\/","title":{"rendered":"La Bienal, Marta Minuj\u00edn y el Vuelo de Libertad"},"content":{"rendered":"<p>Casi como cierre de oro de la Bienal de Esculturas, se present\u00f3 este jueves en el Domo del Centenario la artista Marta Minuj\u00edn. La amplia sala estuvo repleta de gente de todas las edades, pero con evidente predominio de j\u00f3venes, lo que significa varias buenas se\u00f1ales: para ella porque quiere decir que su impronta (la de los a\u00f1os de 1960) sigue marcando rumbo en el mundo del arte contempor\u00e1neo y que ese rumbo es interpretado creativamente y con entusiasmo por una parte de las nuevas generaciones; por lo tanto, bien por la posici\u00f3n de Marta (inquebrantable) y requetebien porque su ejemplo moviliza a los j\u00f3venes. Por otro lado, es una excelente se\u00f1al de que los organizadores del concurso -la Fundaci\u00f3n Urunday y quienes la apoyan- eligieron muy bien a qui\u00e9nes presentar para festejar sus primeros treinta a\u00f1os de existencia.<!--more--><\/p>\n<p>Pero (as\u00ed es la dial\u00e9ctica), implica riesgos m\u00faltiples para los protagonistas. El primero, para el p\u00fablico, quien deber\u00e1 entender los nuevos cambios y las nuevas tendencias y aprender las formas de influir en el desarrollo de las artes, ya sea como meros espectadores o comprometidos hacedores. Marta fue clara en esto: su reconocimiento mundial por todo lo que realiz\u00f3 no fue porque \u201cse hizo la loca\u201d, sino porque dej\u00f3 fluir libremente la \u201clocura\u201d que todos llevamos adentro, y se hizo original; pero antes \u2013y lo puntualiz\u00f3 varias veces- debi\u00f3 dormir mucho tiempo en el suelo; lidiar con necesidades b\u00e1sicas de sobrevivencia para no perecer, y darse el gusto de quemar (literalmente en su caso, como lo cont\u00f3) todo lo que hab\u00eda hecho hasta ese momento, y con ello, todo lo que hab\u00eda aprendido. \u00bfQuiso decir que estudi\u00f3 en vano hasta sus veinte o treinta a\u00f1os las diferentes t\u00e9cnicas y expresiones art\u00edsticas para despu\u00e9s negarlas y \u201ccortarse sola\u201d?. Todo lo contrario: dej\u00f3 muy claro el mensaje de que estudi\u00f3 para aprender, y en base a ese bagaje de experiencias y saberes, reci\u00e9n tom\u00f3 conciencia de sus l\u00edmites y se sinti\u00f3 libre y creativa; con capacidad para alzar vuelo e inventar el mundo como ella lo deseaba. Muchos aplausos apoyaron comentarios como este, pero quiz\u00e1 no todos la entendieron. Porque en definitiva lo que dijo es que para volar hay que crecer; desarrollarse y experimentar. Que esa es la \u00fanica manera de ser-artista-en-el-mundo, lo que descarta la mera informalidad como pose; o la falsa originalidad como careta para tapar las deficiencias personales o alentar las falsas modestias o fanfarroner\u00eda.<\/p>\n<p>A una edad hoy aproximada a la que ten\u00eda a fines de la d\u00e9cada de 1960 la veterana y a\u00fan vigente Mar\u00eda Fux (quiz\u00e1 m\u00e1s o menos la que ten\u00eda yo en aquel entonces, en Rosario, cuando asist\u00ed a un curso para j\u00f3venes m\u00fasicos que dict\u00f3 esta bailarina) Marta Minuj\u00edn me convenci\u00f3 \u2013por lo menos a m\u00ed, ojal\u00e1 a todos quienes escucharon sus palabras- de que es verdad y siempre se cumple aquella reflexi\u00f3n escrita de pu\u00f1o y letra por Mar\u00eda Fux en una partitura que a\u00fan conservo y que jam\u00e1s olvid\u00e9: \u201cS\u00f3lo se puede volar si se pisa la tierra\u201d. Bien por estas dos artistas que siguen volando e invitando a los dem\u00e1s a hacerlo. Y por supuesto, bien por la Fundaci\u00f3n Urunday que promovi\u00f3 este encuentro. Este viernes cerramos el ciclo de cine con una pel\u00edcula que muestra el \u201c<strong>Parten\u00f3n de los libros prohibidos<\/strong>\u201d realizado por Mirta en Kassel, Alemania, en el marco de la \u201cDocumenta 14\u201d. Comienza a la hora 20, y es para todos, con entrada libre y gratuita.<\/p>\n<p>Jorge Castillo<\/p>\n<p>Director del<\/p>\n<p>Centro Cultural Ercilio Castillo<\/p>\n","protected":false},"excerpt":{"rendered":"<p>Casi como cierre de oro de la Bienal de Esculturas, se present\u00f3 este jueves en el Domo del Centenario la artista Marta Minuj\u00edn. La amplia sala estuvo repleta de gente de todas las edades, pero con evidente predominio de j\u00f3venes, lo que significa varias buenas&#8230;<\/p>\n","protected":false},"author":3,"featured_media":5427,"comment_status":"closed","ping_status":"closed","sticky":false,"template":"","format":"standard","meta":{"footnotes":""},"categories":[6],"tags":[],"class_list":["post-5424","post","type-post","status-publish","format-standard","has-post-thumbnail","hentry","category-novedades"],"_links":{"self":[{"href":"https:\/\/www.bienaldelchaco.org\/2024\/wp-json\/wp\/v2\/posts\/5424","targetHints":{"allow":["GET"]}}],"collection":[{"href":"https:\/\/www.bienaldelchaco.org\/2024\/wp-json\/wp\/v2\/posts"}],"about":[{"href":"https:\/\/www.bienaldelchaco.org\/2024\/wp-json\/wp\/v2\/types\/post"}],"author":[{"embeddable":true,"href":"https:\/\/www.bienaldelchaco.org\/2024\/wp-json\/wp\/v2\/users\/3"}],"replies":[{"embeddable":true,"href":"https:\/\/www.bienaldelchaco.org\/2024\/wp-json\/wp\/v2\/comments?post=5424"}],"version-history":[{"count":4,"href":"https:\/\/www.bienaldelchaco.org\/2024\/wp-json\/wp\/v2\/posts\/5424\/revisions"}],"predecessor-version":[{"id":5431,"href":"https:\/\/www.bienaldelchaco.org\/2024\/wp-json\/wp\/v2\/posts\/5424\/revisions\/5431"}],"wp:featuredmedia":[{"embeddable":true,"href":"https:\/\/www.bienaldelchaco.org\/2024\/wp-json\/wp\/v2\/media\/5427"}],"wp:attachment":[{"href":"https:\/\/www.bienaldelchaco.org\/2024\/wp-json\/wp\/v2\/media?parent=5424"}],"wp:term":[{"taxonomy":"category","embeddable":true,"href":"https:\/\/www.bienaldelchaco.org\/2024\/wp-json\/wp\/v2\/categories?post=5424"},{"taxonomy":"post_tag","embeddable":true,"href":"https:\/\/www.bienaldelchaco.org\/2024\/wp-json\/wp\/v2\/tags?post=5424"}],"curies":[{"name":"wp","href":"https:\/\/api.w.org\/{rel}","templated":true}]}}