{"id":6409,"date":"2019-04-01T08:45:33","date_gmt":"2019-04-01T11:45:33","guid":{"rendered":"https:\/\/www.bienaldelchaco.org\/2024\/?p=6409"},"modified":"2019-07-23T17:50:41","modified_gmt":"2019-07-23T20:50:41","slug":"resistencia-emplazo-la-escultura-no-641","status":"publish","type":"post","link":"https:\/\/www.bienaldelchaco.org\/2024\/resistencia-emplazo-la-escultura-no-641\/","title":{"rendered":"Resistencia Emplaz\u00f3 la Escultura N\u00ba 641"},"content":{"rendered":"<p><strong>La capital de las esculturas emplaz\u00f3 el viernes 29 de marzo la obra N\u00ba 641 en la v\u00eda p\u00fablica.<\/strong><br \/>\nAnte la mirada de numerosos vecinos de la ciudad se llev\u00f3 a cabo en la vereda de avenida Italia N\u00ba 250 el emplazamiento de la escultura en bronce que lleva el nombre \u201cEMERGIENDO\u201d y es de autor an\u00f3nimo. La misma fue donada por la familia Muscar a la ciudad.<!--more--><br \/>\nAntes del descubrimiento de la obra escult\u00f3rica que homenajea a quien fuera director del coro polif\u00f3nico de la ciudad, tomo la palabra la se\u00f1ora Zunilda Luna de Mart\u00ednez y se refiri\u00f3 a \u00e9l: \u201cLas circunstancias nos unen en este momento tan \u00edntimo. Juntos para recordar a ese amigo, corista, docente, de voz tan clara, segura y definida.<br \/>\n\u00bfC\u00f3mo olvidarte Pedro?, si nos emocionabas en cada participaci\u00f3n y que orgullo sent\u00edamos cuando nos dirig\u00edas. Y que Dios, y la dedicaci\u00f3n y celo evidenciados nos sirvan de consuelo y resignaci\u00f3n a tu hermano, a quienes fuimos tus compa\u00f1eros de tarima de nuestro tan querido, coro polif\u00f3nico\u201d<br \/>\nPor su parte, su hermano Eduardo Muscar, destaco; \u201cEsta obra recopila s\u00edmbolos que nos transportan esperanza, fe y renacimiento de un mundo mejor, adornados de esos verdes que cuelgan de sus brazos que surgen del mar, donde se origin\u00f3 la vida.<br \/>\nEsta escultura hoy mira a esa casa que est\u00e1 en frente, donde Pedro paso gran parte de su vida, una casa, un hogar que siempre estuvo abierta y as\u00ed permanecer\u00e1\u201d.<br \/>\nPara finalizar el presidente de la Fundaci\u00f3n Urunday, Fabriciano, sostuvo; \u201cEsta inauguraci\u00f3n es un recuerdo a nuestro amigo Pedro Muscar gran trabajador. \u00c9l fue quien tom\u00f3 la batuta del coro polif\u00f3nico cuando se nos fue la se\u00f1ora Yolanda de Elizondo y hoy nos ha legado no solo culturalmente sino coralmente un gran patrimonio y \u00e9sta es una muy buena manera de recordarlo atreves de una escultura.<br \/>\nLuego del acto y como sorpresa final, el Coro Polif\u00f3nico hizo una breve presentaci\u00f3n ante el p\u00fablico presente y al lado de la obra reci\u00e9n emplazada, para despedirlo musicalmente a quien fuera en vida su director don Pedro Muscar.<\/p>\n\n\t\t<style type=\"text\/css\">\n\t\t\t#gallery-1 {\n\t\t\t\tmargin: auto;\n\t\t\t}\n\t\t\t#gallery-1 .gallery-item {\n\t\t\t\tfloat: left;\n\t\t\t\tmargin-top: 10px;\n\t\t\t\ttext-align: center;\n\t\t\t\twidth: 33%;\n\t\t\t}\n\t\t\t#gallery-1 img {\n\t\t\t\tborder: 2px solid #cfcfcf;\n\t\t\t}\n\t\t\t#gallery-1 .gallery-caption {\n\t\t\t\tmargin-left: 0;\n\t\t\t}\n\t\t\t\/* see gallery_shortcode() in wp-includes\/media.php *\/\n\t\t<\/style>\n\t\t<div id='gallery-1' class='gallery galleryid-6409 gallery-columns-3 gallery-size-medium'><dl class='gallery-item'>\n\t\t\t<dt class='gallery-icon landscape'>\n\t\t\t\t<a href='https:\/\/www.bienaldelchaco.org\/2024\/wp-content\/uploads\/2019\/04\/01.jpg'><img loading=\"lazy\" decoding=\"async\" width=\"300\" height=\"186\" src=\"https:\/\/www.bienaldelchaco.org\/2024\/wp-content\/uploads\/2019\/04\/01-300x186.jpg\" class=\"attachment-medium size-medium\" alt=\"\" srcset=\"https:\/\/www.bienaldelchaco.org\/2024\/wp-content\/uploads\/2019\/04\/01-300x186.jpg 300w, https:\/\/www.bienaldelchaco.org\/2024\/wp-content\/uploads\/2019\/04\/01-768x476.jpg 768w, https:\/\/www.bienaldelchaco.org\/2024\/wp-content\/uploads\/2019\/04\/01.jpg 1024w, https:\/\/www.bienaldelchaco.org\/2024\/wp-content\/uploads\/2019\/04\/01-700x433.jpg 700w\" sizes=\"auto, (max-width: 300px) 100vw, 300px\" \/><\/a>\n\t\t\t<\/dt><\/dl><dl class='gallery-item'>\n\t\t\t<dt class='gallery-icon landscape'>\n\t\t\t\t<a href='https:\/\/www.bienaldelchaco.org\/2024\/wp-content\/uploads\/2019\/04\/02.jpg'><img loading=\"lazy\" decoding=\"async\" width=\"300\" height=\"181\" src=\"https:\/\/www.bienaldelchaco.org\/2024\/wp-content\/uploads\/2019\/04\/02-300x181.jpg\" class=\"attachment-medium size-medium\" alt=\"\" srcset=\"https:\/\/www.bienaldelchaco.org\/2024\/wp-content\/uploads\/2019\/04\/02-300x181.jpg 300w, https:\/\/www.bienaldelchaco.org\/2024\/wp-content\/uploads\/2019\/04\/02-768x464.jpg 768w, https:\/\/www.bienaldelchaco.org\/2024\/wp-content\/uploads\/2019\/04\/02.jpg 1024w, https:\/\/www.bienaldelchaco.org\/2024\/wp-content\/uploads\/2019\/04\/02-700x422.jpg 700w\" sizes=\"auto, (max-width: 300px) 100vw, 300px\" \/><\/a>\n\t\t\t<\/dt><\/dl><dl class='gallery-item'>\n\t\t\t<dt class='gallery-icon landscape'>\n\t\t\t\t<a href='https:\/\/www.bienaldelchaco.org\/2024\/wp-content\/uploads\/2019\/04\/03.jpg'><img loading=\"lazy\" decoding=\"async\" width=\"300\" height=\"187\" src=\"https:\/\/www.bienaldelchaco.org\/2024\/wp-content\/uploads\/2019\/04\/03-300x187.jpg\" class=\"attachment-medium size-medium\" alt=\"\" srcset=\"https:\/\/www.bienaldelchaco.org\/2024\/wp-content\/uploads\/2019\/04\/03-300x187.jpg 300w, https:\/\/www.bienaldelchaco.org\/2024\/wp-content\/uploads\/2019\/04\/03-768x479.jpg 768w, https:\/\/www.bienaldelchaco.org\/2024\/wp-content\/uploads\/2019\/04\/03.jpg 1024w, https:\/\/www.bienaldelchaco.org\/2024\/wp-content\/uploads\/2019\/04\/03-700x437.jpg 700w\" sizes=\"auto, (max-width: 300px) 100vw, 300px\" \/><\/a>\n\t\t\t<\/dt><\/dl><br style=\"clear: both\" \/><dl class='gallery-item'>\n\t\t\t<dt class='gallery-icon landscape'>\n\t\t\t\t<a href='https:\/\/www.bienaldelchaco.org\/2024\/wp-content\/uploads\/2019\/04\/04.jpg'><img loading=\"lazy\" decoding=\"async\" width=\"300\" height=\"200\" src=\"https:\/\/www.bienaldelchaco.org\/2024\/wp-content\/uploads\/2019\/04\/04-300x200.jpg\" class=\"attachment-medium size-medium\" alt=\"\" srcset=\"https:\/\/www.bienaldelchaco.org\/2024\/wp-content\/uploads\/2019\/04\/04-300x200.jpg 300w, https:\/\/www.bienaldelchaco.org\/2024\/wp-content\/uploads\/2019\/04\/04-768x512.jpg 768w, https:\/\/www.bienaldelchaco.org\/2024\/wp-content\/uploads\/2019\/04\/04.jpg 1024w, https:\/\/www.bienaldelchaco.org\/2024\/wp-content\/uploads\/2019\/04\/04-700x467.jpg 700w\" sizes=\"auto, (max-width: 300px) 100vw, 300px\" \/><\/a>\n\t\t\t<\/dt><\/dl><dl class='gallery-item'>\n\t\t\t<dt class='gallery-icon landscape'>\n\t\t\t\t<a href='https:\/\/www.bienaldelchaco.org\/2024\/wp-content\/uploads\/2019\/04\/05.jpg'><img loading=\"lazy\" decoding=\"async\" width=\"300\" height=\"200\" src=\"https:\/\/www.bienaldelchaco.org\/2024\/wp-content\/uploads\/2019\/04\/05-300x200.jpg\" class=\"attachment-medium size-medium\" alt=\"\" srcset=\"https:\/\/www.bienaldelchaco.org\/2024\/wp-content\/uploads\/2019\/04\/05-300x200.jpg 300w, https:\/\/www.bienaldelchaco.org\/2024\/wp-content\/uploads\/2019\/04\/05-768x512.jpg 768w, https:\/\/www.bienaldelchaco.org\/2024\/wp-content\/uploads\/2019\/04\/05.jpg 1024w, https:\/\/www.bienaldelchaco.org\/2024\/wp-content\/uploads\/2019\/04\/05-700x467.jpg 700w\" sizes=\"auto, (max-width: 300px) 100vw, 300px\" \/><\/a>\n\t\t\t<\/dt><\/dl><dl class='gallery-item'>\n\t\t\t<dt class='gallery-icon landscape'>\n\t\t\t\t<a href='https:\/\/www.bienaldelchaco.org\/2024\/wp-content\/uploads\/2019\/04\/06.jpg'><img loading=\"lazy\" decoding=\"async\" width=\"300\" height=\"173\" src=\"https:\/\/www.bienaldelchaco.org\/2024\/wp-content\/uploads\/2019\/04\/06-300x173.jpg\" class=\"attachment-medium size-medium\" alt=\"\" srcset=\"https:\/\/www.bienaldelchaco.org\/2024\/wp-content\/uploads\/2019\/04\/06-300x173.jpg 300w, https:\/\/www.bienaldelchaco.org\/2024\/wp-content\/uploads\/2019\/04\/06-768x444.jpg 768w, https:\/\/www.bienaldelchaco.org\/2024\/wp-content\/uploads\/2019\/04\/06.jpg 1024w, https:\/\/www.bienaldelchaco.org\/2024\/wp-content\/uploads\/2019\/04\/06-345x198.jpg 345w, https:\/\/www.bienaldelchaco.org\/2024\/wp-content\/uploads\/2019\/04\/06-700x405.jpg 700w\" sizes=\"auto, (max-width: 300px) 100vw, 300px\" \/><\/a>\n\t\t\t<\/dt><\/dl><br style=\"clear: both\" \/><dl class='gallery-item'>\n\t\t\t<dt class='gallery-icon landscape'>\n\t\t\t\t<a href='https:\/\/www.bienaldelchaco.org\/2024\/wp-content\/uploads\/2019\/04\/07.jpg'><img loading=\"lazy\" decoding=\"async\" width=\"300\" height=\"141\" src=\"https:\/\/www.bienaldelchaco.org\/2024\/wp-content\/uploads\/2019\/04\/07-300x141.jpg\" class=\"attachment-medium size-medium\" alt=\"\" srcset=\"https:\/\/www.bienaldelchaco.org\/2024\/wp-content\/uploads\/2019\/04\/07-300x141.jpg 300w, https:\/\/www.bienaldelchaco.org\/2024\/wp-content\/uploads\/2019\/04\/07-768x360.jpg 768w, https:\/\/www.bienaldelchaco.org\/2024\/wp-content\/uploads\/2019\/04\/07.jpg 1024w, https:\/\/www.bienaldelchaco.org\/2024\/wp-content\/uploads\/2019\/04\/07-700x328.jpg 700w\" sizes=\"auto, (max-width: 300px) 100vw, 300px\" \/><\/a>\n\t\t\t<\/dt><\/dl><dl class='gallery-item'>\n\t\t\t<dt class='gallery-icon landscape'>\n\t\t\t\t<a href='https:\/\/www.bienaldelchaco.org\/2024\/wp-content\/uploads\/2019\/04\/08.jpg'><img loading=\"lazy\" decoding=\"async\" width=\"300\" height=\"153\" src=\"https:\/\/www.bienaldelchaco.org\/2024\/wp-content\/uploads\/2019\/04\/08-300x153.jpg\" class=\"attachment-medium size-medium\" alt=\"\" srcset=\"https:\/\/www.bienaldelchaco.org\/2024\/wp-content\/uploads\/2019\/04\/08-300x153.jpg 300w, https:\/\/www.bienaldelchaco.org\/2024\/wp-content\/uploads\/2019\/04\/08-768x392.jpg 768w, https:\/\/www.bienaldelchaco.org\/2024\/wp-content\/uploads\/2019\/04\/08.jpg 1024w, https:\/\/www.bienaldelchaco.org\/2024\/wp-content\/uploads\/2019\/04\/08-700x357.jpg 700w\" sizes=\"auto, (max-width: 300px) 100vw, 300px\" \/><\/a>\n\t\t\t<\/dt><\/dl><dl class='gallery-item'>\n\t\t\t<dt class='gallery-icon landscape'>\n\t\t\t\t<a href='https:\/\/www.bienaldelchaco.org\/2024\/wp-content\/uploads\/2019\/04\/10.jpg'><img loading=\"lazy\" decoding=\"async\" width=\"300\" height=\"205\" src=\"https:\/\/www.bienaldelchaco.org\/2024\/wp-content\/uploads\/2019\/04\/10-300x205.jpg\" class=\"attachment-medium size-medium\" alt=\"\" srcset=\"https:\/\/www.bienaldelchaco.org\/2024\/wp-content\/uploads\/2019\/04\/10-300x205.jpg 300w, https:\/\/www.bienaldelchaco.org\/2024\/wp-content\/uploads\/2019\/04\/10-768x525.jpg 768w, https:\/\/www.bienaldelchaco.org\/2024\/wp-content\/uploads\/2019\/04\/10.jpg 1024w, https:\/\/www.bienaldelchaco.org\/2024\/wp-content\/uploads\/2019\/04\/10-700x479.jpg 700w\" sizes=\"auto, (max-width: 300px) 100vw, 300px\" \/><\/a>\n\t\t\t<\/dt><\/dl><br style=\"clear: both\" \/>\n\t\t<\/div>\n\n","protected":false},"excerpt":{"rendered":"<p>La capital de las esculturas emplaz\u00f3 el viernes 29 de marzo la obra N\u00ba 641 en la v\u00eda p\u00fablica. Ante la mirada de numerosos vecinos de la ciudad se llev\u00f3 a cabo en la vereda de avenida Italia N\u00ba 250 el emplazamiento de la escultura&#8230;<\/p>\n","protected":false},"author":3,"featured_media":6410,"comment_status":"closed","ping_status":"closed","sticky":false,"template":"","format":"standard","meta":{"footnotes":""},"categories":[6],"tags":[],"class_list":["post-6409","post","type-post","status-publish","format-standard","has-post-thumbnail","hentry","category-novedades"],"_links":{"self":[{"href":"https:\/\/www.bienaldelchaco.org\/2024\/wp-json\/wp\/v2\/posts\/6409","targetHints":{"allow":["GET"]}}],"collection":[{"href":"https:\/\/www.bienaldelchaco.org\/2024\/wp-json\/wp\/v2\/posts"}],"about":[{"href":"https:\/\/www.bienaldelchaco.org\/2024\/wp-json\/wp\/v2\/types\/post"}],"author":[{"embeddable":true,"href":"https:\/\/www.bienaldelchaco.org\/2024\/wp-json\/wp\/v2\/users\/3"}],"replies":[{"embeddable":true,"href":"https:\/\/www.bienaldelchaco.org\/2024\/wp-json\/wp\/v2\/comments?post=6409"}],"version-history":[{"count":3,"href":"https:\/\/www.bienaldelchaco.org\/2024\/wp-json\/wp\/v2\/posts\/6409\/revisions"}],"predecessor-version":[{"id":6576,"href":"https:\/\/www.bienaldelchaco.org\/2024\/wp-json\/wp\/v2\/posts\/6409\/revisions\/6576"}],"wp:featuredmedia":[{"embeddable":true,"href":"https:\/\/www.bienaldelchaco.org\/2024\/wp-json\/wp\/v2\/media\/6410"}],"wp:attachment":[{"href":"https:\/\/www.bienaldelchaco.org\/2024\/wp-json\/wp\/v2\/media?parent=6409"}],"wp:term":[{"taxonomy":"category","embeddable":true,"href":"https:\/\/www.bienaldelchaco.org\/2024\/wp-json\/wp\/v2\/categories?post=6409"},{"taxonomy":"post_tag","embeddable":true,"href":"https:\/\/www.bienaldelchaco.org\/2024\/wp-json\/wp\/v2\/tags?post=6409"}],"curies":[{"name":"wp","href":"https:\/\/api.w.org\/{rel}","templated":true}]}}