{"id":694,"date":"2014-03-13T12:33:36","date_gmt":"2014-03-13T12:33:36","guid":{"rendered":"http:\/\/www.bienaldelchaco.com\/prueba\/?p=694"},"modified":"2014-06-17T13:33:42","modified_gmt":"2014-06-17T13:33:42","slug":"con-la-escultura-590-se-inauguro-el-paseo-los-boulevares","status":"publish","type":"post","link":"https:\/\/www.bienaldelchaco.org\/2024\/con-la-escultura-590-se-inauguro-el-paseo-los-boulevares\/","title":{"rendered":"Con la Escultura 590 se inaugur\u00f3 el Paseo Los Boulevares"},"content":{"rendered":"<p><span style=\"line-height: 1.5em;\">La ciudad de Resistencia increment\u00f3 su patrimonio cultural con la inauguraci\u00f3n del Paseo de los Bulevares\u00a0 en dicha oportunidad se emplaz\u00f3 la obra en chapa \u201cMilo I\u201d del artista pl\u00e1stico Milo Locket\u00a0 que increment\u00f3 el patrimonio escult\u00f3rico alcanzando as\u00ed 590 obras emplazadas en la ciudad.<!--more--><\/span><\/p>\n<p><img decoding=\"async\" class=\"img-frame aligncenter\" alt=\"\" src=\"http:\/\/www.bienaldelchaco.com\/wp-content\/uploads\/2014\/05\/nota-5-escultura-590-1.jpg\" \/><\/p>\n<p>La intendenta A\u00edda Ayala encabez\u00f3 el acto de inauguraci\u00f3n del nuevo espacio de recreaci\u00f3n para toda la familia ubicado a pocas cuadras del coraz\u00f3n de la ciudad.<\/p>\n<p>La ejecutiva municipal destac\u00f3 la continua articulaci\u00f3n p\u00fablico-privada que caracteriza al Municipio y \u201cque hace al sentido de pertenencia y que une lo comercial con lo cultural, el arte y la gastronom\u00eda.<\/p>\n<p>En cuanto a la trascendencia de esta iniciativa concretada por medio de una intervenci\u00f3n urbana denominada Paseo Los Bulevares, el comerciante \u201cPolo\u201d Audisio expres\u00f3 su agradecimiento a las autoridades comunales y breg\u00f3 para que dicho emprendimiento est\u00e9 destinado a sembrar la colaboraci\u00f3n entre todos los vecinos y comerciantes para cuidarlo. \u201cNos han ayudado much\u00edsimo para llevar adelante este proyecto y la idea es trabajar todos juntos para tenerlo en condiciones y la gente mayor pueda disfrutarlo\u201d, indic\u00f3.<\/p>\n<p>Por \u00faltimo el artista Fabriciano G\u00f3mez expres\u00f3 \u201chace 15 a\u00f1os nuestro\u00a0 objetivo era llegar a las 300 esculturas emplazadas y qui\u00e9n dir\u00eda que hoy estamos muy cerca de las 600, este pueblo tiene a las esculturas como insignias y entre los ciudadanos estamos haciendo del arte un bien de todos\u201d.<\/p>\n<p>Fuente: Prensa Municipalidad y Propia<\/p>\n","protected":false},"excerpt":{"rendered":"<p>La ciudad de Resistencia increment\u00f3 su patrimonio cultural con la inauguraci\u00f3n del Paseo de los Bulevares\u00a0 en dicha oportunidad se emplaz\u00f3 la obra en chapa \u201cMilo I\u201d del artista pl\u00e1stico Milo Locket\u00a0 que increment\u00f3 el patrimonio escult\u00f3rico alcanzando as\u00ed 590 obras emplazadas en la ciudad.<\/p>\n","protected":false},"author":3,"featured_media":0,"comment_status":"closed","ping_status":"open","sticky":false,"template":"","format":"standard","meta":{"footnotes":""},"categories":[6],"tags":[],"class_list":["post-694","post","type-post","status-publish","format-standard","hentry","category-novedades"],"_links":{"self":[{"href":"https:\/\/www.bienaldelchaco.org\/2024\/wp-json\/wp\/v2\/posts\/694","targetHints":{"allow":["GET"]}}],"collection":[{"href":"https:\/\/www.bienaldelchaco.org\/2024\/wp-json\/wp\/v2\/posts"}],"about":[{"href":"https:\/\/www.bienaldelchaco.org\/2024\/wp-json\/wp\/v2\/types\/post"}],"author":[{"embeddable":true,"href":"https:\/\/www.bienaldelchaco.org\/2024\/wp-json\/wp\/v2\/users\/3"}],"replies":[{"embeddable":true,"href":"https:\/\/www.bienaldelchaco.org\/2024\/wp-json\/wp\/v2\/comments?post=694"}],"version-history":[{"count":3,"href":"https:\/\/www.bienaldelchaco.org\/2024\/wp-json\/wp\/v2\/posts\/694\/revisions"}],"predecessor-version":[{"id":1456,"href":"https:\/\/www.bienaldelchaco.org\/2024\/wp-json\/wp\/v2\/posts\/694\/revisions\/1456"}],"wp:attachment":[{"href":"https:\/\/www.bienaldelchaco.org\/2024\/wp-json\/wp\/v2\/media?parent=694"}],"wp:term":[{"taxonomy":"category","embeddable":true,"href":"https:\/\/www.bienaldelchaco.org\/2024\/wp-json\/wp\/v2\/categories?post=694"},{"taxonomy":"post_tag","embeddable":true,"href":"https:\/\/www.bienaldelchaco.org\/2024\/wp-json\/wp\/v2\/tags?post=694"}],"curies":[{"name":"wp","href":"https:\/\/api.w.org\/{rel}","templated":true}]}}