{"id":712,"date":"2014-05-07T12:45:19","date_gmt":"2014-05-07T12:45:19","guid":{"rendered":"http:\/\/www.bienaldelchaco.com\/prueba\/?p=712"},"modified":"2014-06-17T13:30:42","modified_gmt":"2014-06-17T13:30:42","slug":"luis-ovsejevich-presidente-de-la-fundacion-konex-la-bienal-apunta-a-que-la-cultura-llegue-a-todos-los-estratos-sociales","status":"publish","type":"post","link":"https:\/\/www.bienaldelchaco.org\/2024\/luis-ovsejevich-presidente-de-la-fundacion-konex-la-bienal-apunta-a-que-la-cultura-llegue-a-todos-los-estratos-sociales\/","title":{"rendered":"Luis Ovsejevich, presidente de la Fundaci\u00f3n Konex: \u201cLa Bienal apunta a que la cultura llegue a todos los estratos sociales\u201d"},"content":{"rendered":"<p>El presidente de la Fundaci\u00f3n Konex, Luis Ovsejevich, se\u00f1al\u00f3 como uno de los grandes logros de la Fundaci\u00f3n Urunday el haber podido acercar la cultura y el arte a \u201ctodos los estratos sociales\u201d. Lo dijo en la presentaci\u00f3n de la nueva edici\u00f3n de la Bienal Internacional de Escultura, en Buenos Aires.<!--more--><\/p>\n<p><img decoding=\"async\" class=\"img-frame aligncenter\" alt=\"\" src=\"http:\/\/www.bienaldelchaco.com\/wp-content\/uploads\/2014\/05\/Luis-Ovsejevich.jpg\" \/><\/p>\n<p>Ovsejevich se mostr\u00f3 muy satisfecho de participar de la Bienal del Chaco que se realiz\u00f3 este mi\u00e9rcoles en el Ministerio de Turismo de la Naci\u00f3n. \u201cAdem\u00e1s est\u00e1 presente Fabriciano quien al igual que la Bienal fueron premiadas por la Fundaci\u00f3n Konex\u201d, record\u00f3.<\/p>\n<p>\u201cEste invento que se cre\u00f3 en Resistencia de tener esculturas en todas las calles me parece una idea brillante; l\u00e1stima que Buenos Aires no haga lo mismo\u201d, lament\u00f3 Ovsejevich. Destac\u00f3 adem\u00e1s el crecimiento que tuvo la Bienal como evento cultural, tarea que desde el Konex se busca potenciar para que la cultura \u201cllegue a todos los estratos sociales\u201d.<\/p>\n","protected":false},"excerpt":{"rendered":"<p>El presidente de la Fundaci\u00f3n Konex, Luis Ovsejevich, se\u00f1al\u00f3 como uno de los grandes logros de la Fundaci\u00f3n Urunday el haber podido acercar la cultura y el arte a \u201ctodos los estratos sociales\u201d. Lo dijo en la presentaci\u00f3n de la nueva edici\u00f3n de la Bienal&#8230;<\/p>\n","protected":false},"author":3,"featured_media":0,"comment_status":"closed","ping_status":"open","sticky":false,"template":"","format":"standard","meta":{"footnotes":""},"categories":[6],"tags":[],"class_list":["post-712","post","type-post","status-publish","format-standard","hentry","category-novedades"],"_links":{"self":[{"href":"https:\/\/www.bienaldelchaco.org\/2024\/wp-json\/wp\/v2\/posts\/712","targetHints":{"allow":["GET"]}}],"collection":[{"href":"https:\/\/www.bienaldelchaco.org\/2024\/wp-json\/wp\/v2\/posts"}],"about":[{"href":"https:\/\/www.bienaldelchaco.org\/2024\/wp-json\/wp\/v2\/types\/post"}],"author":[{"embeddable":true,"href":"https:\/\/www.bienaldelchaco.org\/2024\/wp-json\/wp\/v2\/users\/3"}],"replies":[{"embeddable":true,"href":"https:\/\/www.bienaldelchaco.org\/2024\/wp-json\/wp\/v2\/comments?post=712"}],"version-history":[{"count":3,"href":"https:\/\/www.bienaldelchaco.org\/2024\/wp-json\/wp\/v2\/posts\/712\/revisions"}],"predecessor-version":[{"id":1449,"href":"https:\/\/www.bienaldelchaco.org\/2024\/wp-json\/wp\/v2\/posts\/712\/revisions\/1449"}],"wp:attachment":[{"href":"https:\/\/www.bienaldelchaco.org\/2024\/wp-json\/wp\/v2\/media?parent=712"}],"wp:term":[{"taxonomy":"category","embeddable":true,"href":"https:\/\/www.bienaldelchaco.org\/2024\/wp-json\/wp\/v2\/categories?post=712"},{"taxonomy":"post_tag","embeddable":true,"href":"https:\/\/www.bienaldelchaco.org\/2024\/wp-json\/wp\/v2\/tags?post=712"}],"curies":[{"name":"wp","href":"https:\/\/api.w.org\/{rel}","templated":true}]}}