{"id":718,"date":"2014-05-07T12:48:46","date_gmt":"2014-05-07T12:48:46","guid":{"rendered":"http:\/\/www.bienaldelchaco.com\/prueba\/?p=718"},"modified":"2014-06-17T13:29:48","modified_gmt":"2014-06-17T13:29:48","slug":"diego-ondarts-en-ypf-estamos-muy-orgullosos-de-acompanar-a-la-bienal-de-escultura","status":"publish","type":"post","link":"https:\/\/www.bienaldelchaco.org\/2024\/diego-ondarts-en-ypf-estamos-muy-orgullosos-de-acompanar-a-la-bienal-de-escultura\/","title":{"rendered":"Diego Ondarts: En YPF estamos muy orgullosos de acompa\u00f1ar a la Bienal de Escultura"},"content":{"rendered":"<p>El Director de Relaciones Institucionales de YPF, Diego Ondarts, sostuvo que la empresa petrolera est\u00e1 \u201cmuy orgullosa\u201d de acompa\u00f1ar a la Bienal Internacional de Escultura 2014 a trav\u00e9s de la Ley de Mecenazgo. Adem\u00e1s destac\u00f3 los beneficios de esta normativa legal que rige en el Chaco a trav\u00e9s de la cual los impuestos de las empresas se ven \u201cclaramente\u201d hacia donde se aplican.<!--more--><\/p>\n<p><img decoding=\"async\" class=\"img-frame aligncenter\" alt=\"\" src=\"http:\/\/www.bienaldelchaco.com\/wp-content\/uploads\/2014\/05\/Diego-Ondarts.jpg\" \/><\/p>\n<p>Tras el acto en el Ministerio de Turismo de la Naci\u00f3n, en Buenos Aires, donde se lanz\u00f3 la Bienal, Ondarts record\u00f3 que la petrolera acompa\u00f1a a la fundaci\u00f3n Urunday a trav\u00e9s del programa de Mecenazgo cultural desde hace cuatro a\u00f1os \u201cy por eso estamos muy orgullosos\u201d.<\/p>\n<p>Destac\u00f3 adem\u00e1s el valor que tiene la Ley de Mecenazgo en el Chaco debido a que a trav\u00e9s de la misma una empresa puede ayudar con parte de sus impuestos y ver as\u00ed reflejado directamente su ayuda en un emprendimiento cultural. \u201cLos efectos se ven claramente, como la Bienal, el Museum y las esculturas. En ese sentido, los apoyamos completamente\u201d, a\u00f1adi\u00f3.<\/p>\n<p>\u201cA su vez, a trav\u00e9s del Mecenazgo tambi\u00e9n hemos realizado aportes al Fog\u00f3n de los Arrieros y ahora adem\u00e1s estamos apoyando a la Fundaci\u00f3n Mempo Giardinelli, as\u00ed que de nuestra parte vamos a apoyar en todo lo que podamos\u201d, sostuvo Ondarts.<\/p>\n","protected":false},"excerpt":{"rendered":"<p>El Director de Relaciones Institucionales de YPF, Diego Ondarts, sostuvo que la empresa petrolera est\u00e1 \u201cmuy orgullosa\u201d de acompa\u00f1ar a la Bienal Internacional de Escultura 2014 a trav\u00e9s de la Ley de Mecenazgo. Adem\u00e1s destac\u00f3 los beneficios de esta normativa legal que rige en el&#8230;<\/p>\n","protected":false},"author":3,"featured_media":0,"comment_status":"closed","ping_status":"open","sticky":false,"template":"","format":"standard","meta":{"footnotes":""},"categories":[6],"tags":[],"class_list":["post-718","post","type-post","status-publish","format-standard","hentry","category-novedades"],"_links":{"self":[{"href":"https:\/\/www.bienaldelchaco.org\/2024\/wp-json\/wp\/v2\/posts\/718","targetHints":{"allow":["GET"]}}],"collection":[{"href":"https:\/\/www.bienaldelchaco.org\/2024\/wp-json\/wp\/v2\/posts"}],"about":[{"href":"https:\/\/www.bienaldelchaco.org\/2024\/wp-json\/wp\/v2\/types\/post"}],"author":[{"embeddable":true,"href":"https:\/\/www.bienaldelchaco.org\/2024\/wp-json\/wp\/v2\/users\/3"}],"replies":[{"embeddable":true,"href":"https:\/\/www.bienaldelchaco.org\/2024\/wp-json\/wp\/v2\/comments?post=718"}],"version-history":[{"count":3,"href":"https:\/\/www.bienaldelchaco.org\/2024\/wp-json\/wp\/v2\/posts\/718\/revisions"}],"predecessor-version":[{"id":1446,"href":"https:\/\/www.bienaldelchaco.org\/2024\/wp-json\/wp\/v2\/posts\/718\/revisions\/1446"}],"wp:attachment":[{"href":"https:\/\/www.bienaldelchaco.org\/2024\/wp-json\/wp\/v2\/media?parent=718"}],"wp:term":[{"taxonomy":"category","embeddable":true,"href":"https:\/\/www.bienaldelchaco.org\/2024\/wp-json\/wp\/v2\/categories?post=718"},{"taxonomy":"post_tag","embeddable":true,"href":"https:\/\/www.bienaldelchaco.org\/2024\/wp-json\/wp\/v2\/tags?post=718"}],"curies":[{"name":"wp","href":"https:\/\/api.w.org\/{rel}","templated":true}]}}