{"id":7463,"date":"2019-12-09T12:36:27","date_gmt":"2019-12-09T15:36:27","guid":{"rendered":"https:\/\/www.bienaldelchaco.org\/2024\/?p=7463"},"modified":"2019-12-09T12:41:06","modified_gmt":"2019-12-09T15:41:06","slug":"nueve-esculturas-de-resistencia-fueron-declaradas-patrimonio-nacional","status":"publish","type":"post","link":"https:\/\/www.bienaldelchaco.org\/2024\/nueve-esculturas-de-resistencia-fueron-declaradas-patrimonio-nacional\/","title":{"rendered":"Nueve esculturas de Resistencia fueron declaradas patrimonio nacional"},"content":{"rendered":"<p>Un total de 124 esculturas emplazadas en espacios p\u00fablicos del pa\u00eds fueron declaradas Monumento Hist\u00f3rico Nacional mediante el decreto 769\/2019: 63 se concentran en la ciudad de Buenos Aires, 19 en la provincia de Buenos Aires y nueve en el Chaco, sede de la Bienal de Escultura, seguida por Salta y Jujuy, con cinco cada una hasta completar la lista con el resto de las provincias.<\/p>\n<p><!--more--><\/p>\n<p><img decoding=\"async\" class=\"medium\" src=\"http:\/\/www.diarionorte.com\/content\/bucket\/4\/222634w440.jpg\" alt=\"ANSIA1.jpg\" \/><\/p>\n<p>De Erminio Blotta, ubicada Arturo Illia, entre Frondizi y Jos\u00e9 Mar\u00eda Paz.<\/p>\n<p>&nbsp;<\/p>\n<p>Las distinciones incluyen &#8220;desde homenajes a pr\u00f3ceres argentinos, hasta emblemas urbanos como el Obelisco de Alberto Prebisch o los Lobos Marinos de Jos\u00e9 Fioravanti, postal indiscutida de Mar del Plata desde 1940&#8221;, informaron voceros de la Comisi\u00f3n Nacional de Monumentos, de Lugares y de Bienes Hist\u00f3ricos a T\u00e9lam.<\/p>\n<div class=\"right medium m_image\">\n<figure><img decoding=\"async\" class=\"medium\" src=\"http:\/\/www.diarionorte.com\/content\/bucket\/8\/222638w440.jpg\" alt=\"ALMA1.jpg\" \/><figcaption>De L\u00edbero Badii, ubicada en la peatonal Juan Domingo Per\u00f3n, en la intersecci\u00f3n con la avenida Alberdi.<\/figcaption><\/figure>\n<\/div>\n<p>El decreto &#8220;alcanza tambi\u00e9n a esculturas menos conocidas como el Monumento a Falucho de Palermo, un homenaje al soldado de la comunidad negra que fue un h\u00e9roe de la Independencia Argentina, o El Gaucho Resero, que pas\u00f3 de estar originalmente en el Palais de Glace de Recoleta al barrio porte\u00f1o de Mataderos&#8221;, agregaron en un comunicado.<\/p>\n<div class=\"teads-ad\"><\/div>\n<p>&#8220;Nuestras esculturas son un nexo entre el pasado y el presente, tienen una finalidad pedag\u00f3gica, son nobles y conllevan la idea de lo perdurable y eterno, ya que se proyectan hacia el futuro&#8221;, se lee en los considerandos del decreto firmado por el presidente saliente Mauricio Macri.<\/p>\n<div class=\"left medium m_image\">\n<figure><img decoding=\"async\" class=\"medium\" src=\"http:\/\/www.diarionorte.com\/content\/bucket\/5\/222635w440.jpg\" alt=\"FLOR3.jpg\" \/><figcaption>De Leguizam\u00f3n Pondal, ubicada en el cantero del boulevard de la avenida Sarmiento, intersecci\u00f3n con avenida Laprida.<\/figcaption><\/figure>\n<\/div>\n<p>La declaratoria incluye autores cl\u00e1sicos como la argentina Lola Mora con &#8220;Nicol\u00e1s Avellaneda&#8221;, &#8220;Juan Bautista Alberdi&#8221;, &#8220;Facundo de Zuvir\u00eda, &#8220;La justicia, la libertad, el progreso&#8221;, &#8220;El trabajo&#8221; y &#8220;Los Leones&#8221; sobre un total de 16 obras suyas distinguidas por el pa\u00eds; y el franc\u00e9s Auguste Rodin, autor de la c\u00e9lebre escultura &#8220;El Pensador&#8221; emplazada frente al Congreso de La Naci\u00f3n.<\/p>\n<div class=\"right medium m_image\">\n<figure><img decoding=\"async\" class=\"medium\" src=\"http:\/\/www.diarionorte.com\/content\/bucket\/6\/222636w440.jpg\" alt=\"DESPERTAR2.jpg\" \/><figcaption>De Lucio Fontana, ubicada en la vereda de la calle G\u00fcemes, intersecci\u00f3n con la avenida 9 de Julio.<\/figcaption><\/figure>\n<\/div>\n<p>La lista de monumentos se defini\u00f3 a partir de una investigaci\u00f3n realizada durante m\u00e1s de tres a\u00f1os por Marcelo Perusso, Sergio L\u00f3pez Mart\u00ednez, M\u00f3nica D\u00b4Amico, Mat\u00edas Profeta y el equipo t\u00e9cnico de la Comisi\u00f3n, con asesoramiento de especialistas como Mar\u00eda del Carmen Magaz y Teresa Espantoso Rodr\u00edguez.<\/p>\n<p>&nbsp;<\/p>\n<p><strong>Fabriciano G\u00f3mez \u201cEs un camino hacia el reconocimiento\u201d<\/strong><\/p>\n<p>\u201cCon estas primeras nueve obras, se inicia un camino hacia el reconocimiento de todo el dominio escult\u00f3rico de Resistencia como patrimonio nacional\u201d, destac\u00f3 el presidente de la Fundaci\u00f3n Urunday, Fabriciano Gomez.<\/p>\n<div class=\"left medium m_image\">\n<figure><img decoding=\"async\" class=\"medium\" src=\"http:\/\/www.diarionorte.com\/content\/bucket\/0\/222640w440.jpg\" alt=\"GUEMES5.jpg\" \/><figcaption>De Alberto Balietti, ubicada en la vereda de Hip\u00f3lito Yrigoyen, entre avenida Italia y French.<\/figcaption><\/figure>\n<\/div>\n<p>Adem\u00e1s expres\u00f3: \u201cQue el Estado, a trav\u00e9s de una propuesta formulada por la\u00a0 Comisi\u00f3n Nacional de Monumentos y Lugares Hist\u00f3ricos de la Naci\u00f3n, haya dispuesto la declaraci\u00f3n como bienes art\u00edsticos de inter\u00e9s nacional a nueve obras\u00a0 emplazadas en el espacio p\u00fablico de Resistencia, implica un reconocimiento acerca de la importancia de su valor\u201d expreso el escultor y a\u00f1adi\u00f3 \u201cDesde el momento en que el Estado las reconoce como patrimonio, quedan bajo la protecci\u00f3n de la Comisi\u00f3n. Esto tambi\u00e9n implica l\u00edmites, estas obras no podr\u00e1n ser removidas ni cambiadas del lugar sin su autorizaci\u00f3n\u201d.<\/p>\n<div class=\"right medium m_image\">\n<figure><img decoding=\"async\" class=\"medium\" src=\"http:\/\/www.diarionorte.com\/content\/bucket\/9\/222639w440.jpg\" alt=\"COLUMNA3.jpg\" \/><figcaption>De Ferruccio Polacco, ubicada en la intersecci\u00f3n de la avenida Laprida y la calle G\u00fcemes.<\/figcaption><\/figure>\n<\/div>\n<p>\u201cCon esto, Resistencia que fue declarada Capital Nacional de las Esculturas, tiene las primeras nueve obras reconocidas oficialmente como patrimonio nacional\u201d expresa el escultor.<\/p>\n<p>Otro impacto es el urban\u00edstico: seguramente esto tendr\u00e1 que ser incluido expresamente en la reglamentaci\u00f3n y ordenanzas que regulan la materia en el \u00e1mbito municipal.<\/p>\n<div class=\"left medium m_image\">\n<figure><img decoding=\"async\" class=\"medium\" src=\"http:\/\/www.diarionorte.com\/content\/bucket\/3\/222643w440.jpg\" alt=\"cruces.jpg\" \/><figcaption>De Mar\u00eda Juana Heras Velasco, ubicada en el Parque Intercultural 2 de Febrero.<\/figcaption><\/figure>\n<\/div>\n<p>\u201cEs un inicio importante, interesante y trascendente para Resistencia, para abordar la cuesti\u00f3n desde lo legal, lo jur\u00eddico, lo administrativo, lo urban\u00edstico y lo patrimonial, que son todas las esferas que involucra un reconocimiento de estas caracter\u00edsticas. Esta declaraci\u00f3n un reconocimiento al trabajo colectivo de nuestra comunidad\u201d finaliz\u00f3 Fabriciano.<\/p>\n<p>&nbsp;<\/p>\n<p><strong>MONUMENTOS ESCULTORICOS<\/strong><\/p>\n<p><em>Por Linda Peso<\/em><\/p>\n<p>Las acciones del hombre se desarrollan entre dos pujas permanentes: el amor y el odio. Una, representa la vida, la alegr\u00eda, la esperanza, la creaci\u00f3n. La otra, la muerte, la tristeza, la destrucci\u00f3n\u2026 pero esencialmente el miedo.<\/p>\n<div class=\"right medium m_image\">\n<figure><img decoding=\"async\" class=\"medium\" src=\"http:\/\/www.diarionorte.com\/content\/bucket\/1\/222641w440.jpg\" alt=\"MATERNIDAD1.jpg\" \/><figcaption>De Antonio Devoto, ubicada en la vereda de G\u00fcemes, entre las calles Hip\u00f3lito Yrigoyen y Brown.<\/figcaption><\/figure>\n<\/div>\n<p>Se afirma habitualmente que la pulsi\u00f3n del amor es fundamental para crear. Pero \u00bfqui\u00e9n puede desmentir que muchas veces las frustraciones y el dolor son la base de grandes creaciones del arte? La poes\u00eda, la pintura, la escultura y el cine pueden poseer estructuras nacidas del odio y del desamor. Es por esto que son incontables los ejemplos de obras de arte que cantan las penas del enamorado frustrado y enga\u00f1ado. O en el cine donde encontramos el desarrollo de los dramas animados por variados protagonistas (antih\u00e9roes) del fracaso y del dolor. Freud al referirse a la pulsi\u00f3n de la creaci\u00f3n art\u00edstica, afirma que el artista toma las herramientas de su mundo, de sus ilusiones, para crear una realidad nueva y la expone y comparte.\u00a0 Esta nueva concreci\u00f3n se caracteriza por estar notoriamente separada de la realidad afectiva y por generar placer. En este sentido se puede afirmar que el artista construye su obra para cambiar cierto aspecto de la realidad efectiva y obtener goce.<\/p>\n<div class=\"left medium m_image\">\n<figure><img decoding=\"async\" class=\"medium\" src=\"http:\/\/www.diarionorte.com\/content\/bucket\/2\/222642w440.jpg\" alt=\"REMORDIMIENTO1.jpg\" \/><figcaption>De Hern\u00e1n Cullen Ayerza, ubicada en la vereda de Juan B. Justo, entre Arturo Frondizi y Jos\u00e9 Mar\u00eda Paz.<\/figcaption><\/figure>\n<\/div>\n<p>En el mundo de la creaci\u00f3n art\u00edstica todo es posible; all\u00ed se puede a trav\u00e9s del arte, de alguna manera, concretar, materializar la obra de arte de forma diferente del mundo exterior y as\u00ed apaciguar la infelicidad que provoca la cultura. De esta manera el arte se convierte de la fantas\u00eda a la realidad y deja de ser fantas\u00eda ya que es una suma de ese mundo, la realidad de la siquis y el mundo exterior.\u00a0 Se podr\u00eda encontrar aqu\u00ed algunas de las explicaciones de que por qu\u00e9 el arte callejero en Resistencia se ha constituido en un reclamo permanente, realizado por expertos y por legos, de forma inquebrantable y constante.<\/p>\n<p>Este fen\u00f3meno que tiene al espacio urbano como escenario necesario, a transcurrido por diferentes etapas. Desde las primeras obras instaladas donde \u201cEl Alma\u201d, de L\u00edbero Bad\u00eda, fue una de las primeras emplazada en la avenida Alberdi y su intersecci\u00f3n con la Peatonal por Juan D. Per\u00f3n, pasando por el primer desnudo que sali\u00f3 a las calles de Resistencia- la obra \u201cMediod\u00eda\u201d que gener\u00f3 gran renuencia social y la reacci\u00f3n fue vestirla por parte de desconocidos. O como en el caso de la escultura \u201cEl Aborigen\u201d, que fue removida de la avenida 9 de Julio frente al Autom\u00f3vil Club Argentino y se perdi\u00f3 en el Parque 2 de Febrero.<\/p>\n<p>Largo es el anecdotario, hasta llegar a conseguir la declaratoria del Parlamento del Mercosur en octubre de 2010, que declara a la ciudad de Resistencia, &#8220;Capital Mercosur de las Esculturas&#8221;,<\/p>\n<p>La evoluci\u00f3n de los pueblos y su consecuente crecimiento y manifestaciones a lo largo del tiempo, generan cambios en un proceso que no se puede parar. Este transitar hist\u00f3rico nos lega en su proceso una forma de identidad -compleja, diversa y en evoluci\u00f3n-, que nos exige conocerla para entenderla y darle el valor que se merece (y nos merecemos). Es necesario que el Estado se manifieste como custodio de nuestro patrimonio cultural. Es indispensable que desde todos sus espacios el Estado cuide, proteja, valorice y custodie el patrimonio de los pueblos. Esta insistencia nace de una toma de conciencia de la ciudadan\u00eda en la detecci\u00f3n de todo aquello que la representa y que pueda afirmar su pertenencia comunitaria y as\u00ed, definir su identidad, hecho fundamental para una vida sana y prospera en comunidad.<\/p>\n<p>La lista es amplia y diversa. Incluye desde homenajes a pr\u00f3ceres de la patria, hasta gigantescos monumentos que son emblemas urbanos como el Obelisco de Alberto Prebisch, o los Lobos Marinos de Jos\u00e9 Fioravanti, postal indiscutida de Mar del Plata desde 1940. Pero tambi\u00e9n abarca esculturas menos conocidas como el Monumento a Falucho de Palermo, o El Gaucho Resero, que pas\u00f3 de estar originalmente en el Palais de Glace de Recoleta al barrio de Mataderos.<\/p>\n<p>La declaratoria engloba autores c\u00e9lebres y otros desconocidos. Ya existe un grupo de esculturas que han sido declaradas Monumento Hist\u00f3rico Nacional, como el de la Bandera en Rosario.<\/p>\n<p>&nbsp;<\/p>\n<p>&nbsp;<\/p>\n<p>Fuente:\u00a0<a href=\"http:\/\/www.diarionorte.com\/186548-nueve-esculturas-de-resistencia-fueron-declaradas-patrimonio-nacional\" target=\"_blank\" rel=\"noopener\">http:\/\/www.diarionorte.com\/186548-nueve-esculturas-de-resistencia-fueron-declaradas-patrimonio-nacional<\/a><\/p>\n","protected":false},"excerpt":{"rendered":"<p>Un total de 124 esculturas emplazadas en espacios p\u00fablicos del pa\u00eds fueron declaradas Monumento Hist\u00f3rico Nacional mediante el decreto 769\/2019: 63 se concentran en la ciudad de Buenos Aires, 19 en la provincia de Buenos Aires y nueve en el Chaco, sede de la Bienal&#8230;<\/p>\n","protected":false},"author":3,"featured_media":7467,"comment_status":"closed","ping_status":"closed","sticky":false,"template":"","format":"standard","meta":{"footnotes":""},"categories":[6],"tags":[],"class_list":["post-7463","post","type-post","status-publish","format-standard","has-post-thumbnail","hentry","category-novedades"],"_links":{"self":[{"href":"https:\/\/www.bienaldelchaco.org\/2024\/wp-json\/wp\/v2\/posts\/7463","targetHints":{"allow":["GET"]}}],"collection":[{"href":"https:\/\/www.bienaldelchaco.org\/2024\/wp-json\/wp\/v2\/posts"}],"about":[{"href":"https:\/\/www.bienaldelchaco.org\/2024\/wp-json\/wp\/v2\/types\/post"}],"author":[{"embeddable":true,"href":"https:\/\/www.bienaldelchaco.org\/2024\/wp-json\/wp\/v2\/users\/3"}],"replies":[{"embeddable":true,"href":"https:\/\/www.bienaldelchaco.org\/2024\/wp-json\/wp\/v2\/comments?post=7463"}],"version-history":[{"count":3,"href":"https:\/\/www.bienaldelchaco.org\/2024\/wp-json\/wp\/v2\/posts\/7463\/revisions"}],"predecessor-version":[{"id":7468,"href":"https:\/\/www.bienaldelchaco.org\/2024\/wp-json\/wp\/v2\/posts\/7463\/revisions\/7468"}],"wp:featuredmedia":[{"embeddable":true,"href":"https:\/\/www.bienaldelchaco.org\/2024\/wp-json\/wp\/v2\/media\/7467"}],"wp:attachment":[{"href":"https:\/\/www.bienaldelchaco.org\/2024\/wp-json\/wp\/v2\/media?parent=7463"}],"wp:term":[{"taxonomy":"category","embeddable":true,"href":"https:\/\/www.bienaldelchaco.org\/2024\/wp-json\/wp\/v2\/categories?post=7463"},{"taxonomy":"post_tag","embeddable":true,"href":"https:\/\/www.bienaldelchaco.org\/2024\/wp-json\/wp\/v2\/tags?post=7463"}],"curies":[{"name":"wp","href":"https:\/\/api.w.org\/{rel}","templated":true}]}}