{"id":7469,"date":"2019-12-11T11:06:25","date_gmt":"2019-12-11T14:06:25","guid":{"rendered":"https:\/\/www.bienaldelchaco.org\/2024\/?p=7469"},"modified":"2019-12-11T11:06:25","modified_gmt":"2019-12-11T14:06:25","slug":"esculturas-de-resistencia-fueron-declaradas-patrimonio-nacional","status":"publish","type":"post","link":"https:\/\/www.bienaldelchaco.org\/2024\/esculturas-de-resistencia-fueron-declaradas-patrimonio-nacional\/","title":{"rendered":"Esculturas de Resistencia fueron declaradas Patrimonio Nacional"},"content":{"rendered":"<p class=\"my2\">Son 9 obras de un total de 124 en todo el pa\u00eds seleccionadas por el valor art\u00edstico de cada creaci\u00f3n y de sus autores.<\/p>\n<p><!--more--><\/p>\n<div class=\"body ampstart-dropcap\">\n<p>El Poder Ejecutivo de la Naci\u00f3n declar\u00f3 9 obras instaladas en las calles de la ciudad de Resistencia como Patrimonio Nacional. Esta decisi\u00f3n contribuye a seguir generando las condiciones necesarias para alcanzar el reconocimiento patrimonial de la UNESCO. Este decreto es un instrumento jur\u00eddico que permite exponer a nivel internacional el valor, la calidad y la trascendencia de las obras que est\u00e1n en el espacio p\u00fablico chaque\u00f1o.<\/p>\n<p>\u201cCon estas primeras 9 obras, se inicia un camino hacia el reconocimiento de todo el patrimonio escult\u00f3rico de Resistencia como patrimonio nacional\u201d, destac\u00f3 el presidente de la Fundaci\u00f3n Urunday, Fabriciano G\u00f3mez, quien adem\u00e1s celebr\u00f3 que \u201cel Estado, a trav\u00e9s de una propuesta formulada por la Comisi\u00f3n Nacional de Monumentos y Lugares Hist\u00f3ricos de la Naci\u00f3n, haya dispuesto la declaraci\u00f3n como bienes art\u00edsticos de inter\u00e9s nacional a nueve obras escult\u00f3ricas emplazadas en el espacio p\u00fablico de Resistencia\u201d.<\/p>\n<p>Esta declaraci\u00f3n implica que, desde el momento en que el Estado las reconoce como patrimonio, las obras quedan bajo la protecci\u00f3n de la Comisi\u00f3n Nacional de Monumentos y Lugares Hist\u00f3ricos de la Naci\u00f3n. Esto tambi\u00e9n marca l\u00edmites. Por ejemplo: estas obras no podr\u00e1n ser removidas ni cambiadas del lugar sin su autorizaci\u00f3n. Con esto, Resistencia que fue declarada Capital Nacional de las Esculturas por Ley Nacional, tiene las primeras nueve obras reconocidas oficialmente como patrimonio nacional. Otro impacto es el urban\u00edstico: seguramente esto tendr\u00e1 que ser incluido expresamente en la reglamentaci\u00f3n y ordenanzas que regulan la materia en el \u00e1mbito municipal.<\/p>\n<p><span class=\"epigrafe\">\u201cCon estas primeras 9 obras, se inicia un camino hacia el reconocimiento de todo el patrimonio escult\u00f3rico de Resistencia\u201d, indic\u00f3 Fabriciano.<\/span><\/p>\n<p>\u201cEs un inicio importante, interesante y trascendente para Resistencia, para abordar la cuesti\u00f3n desde lo legal, lo jur\u00eddico, lo administrativo, lo urban\u00edstico y lo patrimonial, que son todas las esferas que involucra un reconocimiento de estas caracter\u00edsticas. Esta declaraci\u00f3n es adem\u00e1s un reconocimiento al trabajo colectivo de nuestra comunidad\u201d, sintetiz\u00f3 Fabriciano quien acumula entre otros reconocimientos a su labor art\u00edstica el Gran Premio de Honor del Sal\u00f3n Nacional de Artes Pl\u00e1sticas y dos premios K\u00f3nex, uno a nivel individual y otro como titular de la Fundaci\u00f3n Urunday, organizadora de la Bienal Internacional de Esculturas.<\/p>\n<p>Seg\u00fan se dio a conocer, las esculturas seleccionadas en Resistencia fueron definidas a partir de una investigaci\u00f3n realizada durante m\u00e1s de tres a\u00f1os por Marcelo Perusso, Sergio L\u00f3pez Mart\u00ednez, M\u00f3nica D\u00b4Amico, Mat\u00edas Profeta y el equipo t\u00e9cnico de la Comisi\u00f3n Nacional de Monumentos y Lugares Hist\u00f3ricos de la Naci\u00f3n, con asesoramiento de especialistas como Mar\u00eda del Carmen Magaz y Teresa Espantoso Rodr\u00edguez. Las obras elegidas son: \u201cAnsia de luz\u201d de Erminio Blotta, ubicada en la vereda de Arturo Illia, entre Rawson y Jos\u00e9 Mar\u00eda Paz; \u201cRemordimiento\u201d, de Hern\u00e1n Cullen Ayerza, ubicada en la vereda de Juan B. Justo y Frondiz; \u201cFlor ind\u00edgena\u201d, de Leguizam\u00f3n Pondal, ubicada en el Cantero del Boulevard de la avenida Sarmiento, intersecci\u00f3n con avenida Laprida; \u201cEl alma\u201d, de L\u00edbero Badii, ubicada en la Peatonal Juan Domingo Per\u00f3n, en la intersecci\u00f3n con la avenida Juan Bautista Alberdi; \u201cMaternidad\u201d, de Antonio Devoto, ubicada en la vereda de la Calle G\u00fcemes, entre Hip\u00f3lito Yrigoyen y Almirante Brown; \u201cColumna ensanch\u00e1ndose en el centro\u201d, de Ferruccio Polacco, ubicada en la intersecci\u00f3n de la avenida Laprida y calle G\u00fcemes; \u201cCruces\u201d, de Mar\u00eda Juana Heras Velasco, ubicada en el Parque Intercultural 2 de Febrero; \u201cMart\u00edn Miguel de G\u00fcemes\u201d, de Alberto Balietti, ubicada en la vereda de Hip\u00f3lito Yrigoyen, entre avenida Italia y calle French; y \u201cDespertar\u201d, de Lucio Fontana, ubicada en la vereda de G\u00fcemes, intersecci\u00f3n con la avenida 9 de Julio.<\/p>\n<\/div>\n<p>&nbsp;<\/p>\n<p>Fuente:\u00a0<a href=\"https:\/\/viapais.com.ar\/resistencia\/1463645-esculturas-de-resistencia-fueron-declaradas-patrimonio-nacional\/amp\/\" target=\"_blank\" rel=\"noopener\">https:\/\/viapais.com.ar\/resistencia\/1463645-esculturas-de-resistencia-fueron-declaradas-patrimonio-nacional\/amp\/<\/a><\/p>\n","protected":false},"excerpt":{"rendered":"<p>Son 9 obras de un total de 124 en todo el pa\u00eds seleccionadas por el valor art\u00edstico de cada creaci\u00f3n y de sus autores.<\/p>\n","protected":false},"author":3,"featured_media":7470,"comment_status":"closed","ping_status":"closed","sticky":false,"template":"","format":"standard","meta":{"footnotes":""},"categories":[6],"tags":[],"class_list":["post-7469","post","type-post","status-publish","format-standard","has-post-thumbnail","hentry","category-novedades"],"_links":{"self":[{"href":"https:\/\/www.bienaldelchaco.org\/2024\/wp-json\/wp\/v2\/posts\/7469","targetHints":{"allow":["GET"]}}],"collection":[{"href":"https:\/\/www.bienaldelchaco.org\/2024\/wp-json\/wp\/v2\/posts"}],"about":[{"href":"https:\/\/www.bienaldelchaco.org\/2024\/wp-json\/wp\/v2\/types\/post"}],"author":[{"embeddable":true,"href":"https:\/\/www.bienaldelchaco.org\/2024\/wp-json\/wp\/v2\/users\/3"}],"replies":[{"embeddable":true,"href":"https:\/\/www.bienaldelchaco.org\/2024\/wp-json\/wp\/v2\/comments?post=7469"}],"version-history":[{"count":1,"href":"https:\/\/www.bienaldelchaco.org\/2024\/wp-json\/wp\/v2\/posts\/7469\/revisions"}],"predecessor-version":[{"id":7471,"href":"https:\/\/www.bienaldelchaco.org\/2024\/wp-json\/wp\/v2\/posts\/7469\/revisions\/7471"}],"wp:featuredmedia":[{"embeddable":true,"href":"https:\/\/www.bienaldelchaco.org\/2024\/wp-json\/wp\/v2\/media\/7470"}],"wp:attachment":[{"href":"https:\/\/www.bienaldelchaco.org\/2024\/wp-json\/wp\/v2\/media?parent=7469"}],"wp:term":[{"taxonomy":"category","embeddable":true,"href":"https:\/\/www.bienaldelchaco.org\/2024\/wp-json\/wp\/v2\/categories?post=7469"},{"taxonomy":"post_tag","embeddable":true,"href":"https:\/\/www.bienaldelchaco.org\/2024\/wp-json\/wp\/v2\/tags?post=7469"}],"curies":[{"name":"wp","href":"https:\/\/api.w.org\/{rel}","templated":true}]}}