{"id":7476,"date":"2019-12-11T11:10:28","date_gmt":"2019-12-11T14:10:28","guid":{"rendered":"https:\/\/www.bienaldelchaco.org\/2024\/?p=7476"},"modified":"2019-12-11T11:11:59","modified_gmt":"2019-12-11T14:11:59","slug":"9-esculturas-del-chaco-son-declaradas-patrimonio-nacional","status":"publish","type":"post","link":"https:\/\/www.bienaldelchaco.org\/2024\/9-esculturas-del-chaco-son-declaradas-patrimonio-nacional\/","title":{"rendered":"9 Esculturas del Chaco son declaradas Patrimonio Nacional"},"content":{"rendered":"<header class=\"fullpost__header\">\n<p class=\"fullpost__detalle\">El Poder Ejecutivo de la Naci\u00f3n declara 9 obras del patrimonio escult\u00f3rico de Resistencia como Patrimonio Nacional. Esta decisi\u00f3n contribuye a seguir generando las condiciones necesarias para alcanzar el reconocimiento patrimonial de la UNESCO. \u00a0Este decreto es un instrumento jur\u00eddico que permite exponer a nivel internacional el valor, la calidad y la trascendencia de las obras que est\u00e1n en el espacio p\u00fablico.<\/p>\n<p>\u201cCon estas primeras 9 obras, se inicia un camino hacia el reconocimiento de todo el patrimonio escult\u00f3rico de Resistencia como patrimonio nacional\u201d, destac\u00f3 el Presidente de la\u00a0<strong>Fundaci\u00f3n Urunday<\/strong>, Fabriciano, que adem\u00e1s expres\u00f3 \u201cQue el Estado, a trav\u00e9s de una propuesta formulada por la \u00a0<strong>Comisi\u00f3n Nacional de Monumentos y Lugares Hist\u00f3ricos de la Naci\u00f3n<\/strong>, haya dispuesto la declaraci\u00f3n como bienes art\u00edsticos de inter\u00e9s nacional a nueve\u00a0<strong>obras escult\u00f3ricas<\/strong>\u00a0emplazadas en el espacio p\u00fablico de Resistencia, implica un reconocimiento acerca de la importancia de su valor\u201d.<\/p>\n<p><strong>\u201cDesde el momento en que el Estado las reconoce como patrimonio, quedan bajo la protecci\u00f3n de la Comisi\u00f3n Nacional de Monumentos y Lugares Hist\u00f3ricos de la Naci\u00f3n.<\/strong>\u00a0Esto tambi\u00e9n implica l\u00edmites, estas obras no podr\u00e1n ser removidas ni cambiadas del lugar sin su autorizaci\u00f3n, por ejemplo. Con esto, Resistencia que fue declarada Capital Nacional de las Esculturas, tiene las primeras nueve obras reconocidas oficialmente como patrimonio nacional. Otro impacto es el urban\u00edstico: seguramente esto tendr\u00e1 que ser incluido expresamente en la reglamentaci\u00f3n y ordenanzas que regulan la materia en el \u00e1mbito municipal. Es un inicio importante, interesante y trascendente para Resistencia, para abordar la cuesti\u00f3n desde lo legal, lo jur\u00eddico, lo administrativo, lo urban\u00edstico y lo patrimonial, que son todas las esferas que involucra un reconocimiento de estas caracter\u00edsticas. Esta declaraci\u00f3n un reconocimiento al trabajo colectivo de nuestra comunidad.\u201d finaliz\u00f3\u00a0<strong>Fabriciano G\u00f3mez.<\/strong><\/p>\n<p>La lista de esculturas de Resistencia se defini\u00f3 a partir de una investigaci\u00f3n realizada durante m\u00e1s de tres a\u00f1os por Marcelo Perusso, Sergio L\u00f3pez Mart\u00ednez, M\u00f3nica D\u00b4Amico, Mat\u00edas Profeta y el equipo t\u00e9cnico de la Comisi\u00f3n Nacional de Monumentos y Lugares Hist\u00f3ricos de la Naci\u00f3n, con asesoramiento de especialistas como Mar\u00eda del Carmen Magaz y Teresa Espantoso Rodr\u00edguez.<\/p>\n<p>&nbsp;<\/p>\n<p><strong>Las obras elegidas son<\/strong><\/p>\n<p>Ansia de luz de Erminio Blotta, ubicada en la vereda de Arturo Illia, entre Rawson y Jos\u00e9 Mar\u00eda Paz; Remordimiento, de Hern\u00e1n Cullen Ayerza, ubicada en la vereda de Juan B. Justo, entre Arturo Frondizi y Jos\u00e9 Mar\u00eda Paz; Flor ind\u00edgena, de Leguizam\u00f3n Pondal, ubicada en el Cantero del Boulevard de la avenida Sarmiento, intersecci\u00f3n con avenida Laprida; El alma, de L\u00edbero Badii, ubicada en la Peatonal Juan Domingo Per\u00f3n, en la intersecci\u00f3n con la avenida Juan Bautista Alberdi; Maternidad, de Antonio Devoto, ubicada en la vereda de la Calle G\u00fcemes, entre Hip\u00f3lito Yrigoyen y Almirante Brown; Columna ensanch\u00e1ndose en el centro, de Ferruccio Polacco, ubicada en la intersecci\u00f3n de la avenida Laprida y la calle G\u00fcemes; Cruces, de Mar\u00eda Juana Heras Velasco, ubicada en el Parque Intercultural 2 de Febrero, ubicado en las Avenidas, Wilde, Sabin, Lavalle y la costa del R\u00edo Negro; Mart\u00edn Miguel de G\u00fcemes, de Alberto Balietti, ubicada en la vereda de Hip\u00f3lito Yrigoyen, entre avenida Italia y French; y Despertar, de Lucio Fontana, ubicada en la vereda de G\u00fcemes, intersecci\u00f3n con la avenida 9 de Julio.<\/p>\n<\/header>\n<p>&nbsp;<\/p>\n<p>Fuente:\u00a0<a href=\"https:\/\/chacoonline.com.ar\/contenido\/12329\/9-esculturas-del-chaco-son-declaradas-patrimonio-nacional\" target=\"_blank\" rel=\"noopener\">https:\/\/chacoonline.com.ar\/contenido\/12329\/9-esculturas-del-chaco-son-declaradas-patrimonio-nacional<\/a><\/p>\n","protected":false},"excerpt":{"rendered":"<p>El Poder Ejecutivo de la Naci\u00f3n declara 9 obras del patrimonio escult\u00f3rico de Resistencia como Patrimonio Nacional. Esta decisi\u00f3n contribuye a seguir generando las condiciones necesarias para alcanzar el reconocimiento patrimonial de la UNESCO. \u00a0Este decreto es un instrumento jur\u00eddico que permite exponer a nivel&#8230;<\/p>\n","protected":false},"author":3,"featured_media":7478,"comment_status":"closed","ping_status":"closed","sticky":false,"template":"","format":"standard","meta":{"footnotes":""},"categories":[6],"tags":[],"class_list":["post-7476","post","type-post","status-publish","format-standard","has-post-thumbnail","hentry","category-novedades"],"_links":{"self":[{"href":"https:\/\/www.bienaldelchaco.org\/2024\/wp-json\/wp\/v2\/posts\/7476","targetHints":{"allow":["GET"]}}],"collection":[{"href":"https:\/\/www.bienaldelchaco.org\/2024\/wp-json\/wp\/v2\/posts"}],"about":[{"href":"https:\/\/www.bienaldelchaco.org\/2024\/wp-json\/wp\/v2\/types\/post"}],"author":[{"embeddable":true,"href":"https:\/\/www.bienaldelchaco.org\/2024\/wp-json\/wp\/v2\/users\/3"}],"replies":[{"embeddable":true,"href":"https:\/\/www.bienaldelchaco.org\/2024\/wp-json\/wp\/v2\/comments?post=7476"}],"version-history":[{"count":1,"href":"https:\/\/www.bienaldelchaco.org\/2024\/wp-json\/wp\/v2\/posts\/7476\/revisions"}],"predecessor-version":[{"id":7477,"href":"https:\/\/www.bienaldelchaco.org\/2024\/wp-json\/wp\/v2\/posts\/7476\/revisions\/7477"}],"wp:featuredmedia":[{"embeddable":true,"href":"https:\/\/www.bienaldelchaco.org\/2024\/wp-json\/wp\/v2\/media\/7478"}],"wp:attachment":[{"href":"https:\/\/www.bienaldelchaco.org\/2024\/wp-json\/wp\/v2\/media?parent=7476"}],"wp:term":[{"taxonomy":"category","embeddable":true,"href":"https:\/\/www.bienaldelchaco.org\/2024\/wp-json\/wp\/v2\/categories?post=7476"},{"taxonomy":"post_tag","embeddable":true,"href":"https:\/\/www.bienaldelchaco.org\/2024\/wp-json\/wp\/v2\/tags?post=7476"}],"curies":[{"name":"wp","href":"https:\/\/api.w.org\/{rel}","templated":true}]}}