{"id":7585,"date":"2020-01-07T16:49:42","date_gmt":"2020-01-07T19:49:42","guid":{"rendered":"https:\/\/www.bienaldelchaco.org\/2024\/?p=7585"},"modified":"2020-01-08T11:24:30","modified_gmt":"2020-01-08T14:24:30","slug":"la-bienal-2020-espera-una-nueva-edicion-del-congreso-internacional-de-artes-limites-y-fronteras","status":"publish","type":"post","link":"https:\/\/www.bienaldelchaco.org\/2024\/la-bienal-2020-espera-una-nueva-edicion-del-congreso-internacional-de-artes-limites-y-fronteras\/","title":{"rendered":"La Bienal 2020 espera una nueva edici\u00f3n del Congreso Internacional de Artes \u201cL\u00edmites y fronteras\u201d"},"content":{"rendered":"<p>Se present\u00f3 el III Congreso Internacional de Artes organizado por La Facultad de Artes, Dise\u00f1o y Ciencias de la Cultura de la Universidad Nacional del Nordeste. La misma, cont\u00f3 con la presencia de representantes de la Fundaci\u00f3n Urunday y autoridades de la Facultad; Estos anunciaron que el Congreso se llevar\u00e1 a cabo durante los d\u00edas de la Bienal del Chaco 2020 con actividades especiales el 15, 16 y 17 de Julio de 2020.<\/p>\n<p><!--more--><\/p>\n<p>Encabezaron el lanzamiento\u00a0 Fabriciano, Presidente de la Fundaci\u00f3n Urunday y el Decano de la FADyCC Prof. Federico Veirav\u00e9. Fabriciano destac\u00f3 la realizaci\u00f3n de esta tercera edici\u00f3n del Congreso Internacional de Artes, en tanto se posiciona en el escenario regional como un encuentro internacional de intercambio y discusi\u00f3n, donde como resultado de la exploraci\u00f3n encontramos que no hay horizonte para el descubrimiento y la revelaci\u00f3n. Adem\u00e1s, destac\u00f3 que \u201cEl Congreso de Arte viene por tercera vez a engalanar la Bienal con su atado de saberes, de soportes te\u00f3ricos, de resignificaciones y reflexiones. Un congreso que viene a cultivarnos, a mostrarnos otras aristas y miradas del universo del arte (\u2026) que nos aportan la dimensi\u00f3n acad\u00e9mica y cient\u00edfica.\u201d<\/p>\n<p>El encuentro propone reunir a cient\u00edficos, artistas, profesores, alumnos y comunidad interesada para potenciar las distintas perspectivas en el cruce que se puede dar de una tem\u00e1tica, generando un espacio de di\u00e1logo interdisciplinario. Los \u201cL\u00edmites y fronteras\u201d entendidos como articuladores a lo largo de la historia, en esta disciplina \u2013y en tantas otras- como objeto de an\u00e1lisis e inspiraci\u00f3n para la construcci\u00f3n de producciones y modos alternativos de hacer en el arte.<\/p>\n<p>Entre los diversos ejes tem\u00e1ticos que se podr\u00e1n disfrutar en el Congreso estar\u00e1n: -Activismo e identidades intersubjetivas y comunitarias-Visualidades y sonoridades expandidas. Posibilidades e intermediaciones.-Cuerpos, gestos y subjetividades.-Ciencia, tecnolog\u00eda y dispositivos transmediales.-Ret\u00f3ricas del g\u00e9nero y las sexualidades.-Procesos de investigaci\u00f3n en y sobre artes.-Tramas discursivas. Transposici\u00f3n, reescritura, apropiaci\u00f3n.-Acervos, colecciones, patrimonio material e inmaterial.-Consumo, mediatizaci\u00f3n, cr\u00edtica y curadur\u00eda. -Desarrollo territorial y construcci\u00f3n de ciudadan\u00eda. -Pol\u00edticas culturales, experiencias de gesti\u00f3n, desarrollo cultural y tur\u00edstico.-Pr\u00e1cticas pedag\u00f3gicas y construcci\u00f3n de conocimiento art\u00edstico.-Mercado, industrias culturales y econom\u00edas creativas.<\/p>\n<p>Las distintas presentaciones que se realizar\u00e1n en el III Congreso Internacional de Artes se emplazar\u00e1n en distintas aulas y espacios de La Facultad de Artes, Dise\u00f1o y Ciencias de la Cultura de la Universidad Nacional del Nordeste; como tambi\u00e9n tendr\u00e1n lugar algunas actividades en el Predio Domo del Centenario.<\/p>\n<p>Como el objetivo es poder socializar tem\u00e1ticas de inter\u00e9s y afines a las pr\u00e1cticas art\u00edsticas contempor\u00e1neas, los trabajos podr\u00e1n ser individuales o grupales. Adem\u00e1s, habr\u00e1 workshops, seminarios intensivos, intervenciones art\u00edsticas, performance e instalaciones tecnol\u00f3gicas.<\/p>\n<p>Si te interesa participar del Congreso tenes hasta el 17 de abril de 2020 se podr\u00e1n hacer los env\u00edos de Abstracts de ponencias y grupos de trabajo. El d\u00eda 30 de abril se anunciara la aceptaci\u00f3n de propuestas. Finalizando el 29 de junio con el env\u00edo de Ponencias completas. Para tener m\u00e1s informaci\u00f3n sobre pautas generales y formato de presentaci\u00f3n de abstracts simposio y workshop en: <u>congresodeartesfadycc@gmail.com<\/u> o <a href=\"http:\/\/www.artes.unne.edu.ar\/congreso-internacional-artes-2020\">http:\/\/www.artes.unne.edu.ar\/congreso-internacional-artes-2020<\/a><\/p>\n<p>&nbsp;<\/p>\n<p><img loading=\"lazy\" decoding=\"async\" class=\"alignleft size-full wp-image-7587\" src=\"https:\/\/www.bienaldelchaco.org\/2024\/wp-content\/uploads\/2020\/01\/congreso-de-arte-2.jpg\" alt=\"\" width=\"700\" height=\"533\" srcset=\"https:\/\/www.bienaldelchaco.org\/2024\/wp-content\/uploads\/2020\/01\/congreso-de-arte-2.jpg 700w, https:\/\/www.bienaldelchaco.org\/2024\/wp-content\/uploads\/2020\/01\/congreso-de-arte-2-300x228.jpg 300w, https:\/\/www.bienaldelchaco.org\/2024\/wp-content\/uploads\/2020\/01\/congreso-de-arte-2-500x380.jpg 500w\" sizes=\"auto, (max-width: 700px) 100vw, 700px\" \/><\/p>\n<p>&nbsp;<\/p>\n<p>&nbsp;<\/p>\n<p><img loading=\"lazy\" decoding=\"async\" class=\"alignleft size-full wp-image-7590\" src=\"https:\/\/www.bienaldelchaco.org\/2024\/wp-content\/uploads\/2020\/01\/congreso-de-arte-3.jpg\" alt=\"\" width=\"700\" height=\"305\" srcset=\"https:\/\/www.bienaldelchaco.org\/2024\/wp-content\/uploads\/2020\/01\/congreso-de-arte-3.jpg 700w, https:\/\/www.bienaldelchaco.org\/2024\/wp-content\/uploads\/2020\/01\/congreso-de-arte-3-300x131.jpg 300w\" sizes=\"auto, (max-width: 700px) 100vw, 700px\" \/><\/p>\n","protected":false},"excerpt":{"rendered":"<p>Se present\u00f3 el III Congreso Internacional de Artes organizado por La Facultad de Artes, Dise\u00f1o y Ciencias de la Cultura de la Universidad Nacional del Nordeste. La misma, cont\u00f3 con la presencia de representantes de la Fundaci\u00f3n Urunday y autoridades de la Facultad; Estos anunciaron&#8230;<\/p>\n","protected":false},"author":3,"featured_media":7586,"comment_status":"closed","ping_status":"closed","sticky":false,"template":"","format":"standard","meta":{"footnotes":""},"categories":[6],"tags":[],"class_list":["post-7585","post","type-post","status-publish","format-standard","has-post-thumbnail","hentry","category-novedades"],"_links":{"self":[{"href":"https:\/\/www.bienaldelchaco.org\/2024\/wp-json\/wp\/v2\/posts\/7585","targetHints":{"allow":["GET"]}}],"collection":[{"href":"https:\/\/www.bienaldelchaco.org\/2024\/wp-json\/wp\/v2\/posts"}],"about":[{"href":"https:\/\/www.bienaldelchaco.org\/2024\/wp-json\/wp\/v2\/types\/post"}],"author":[{"embeddable":true,"href":"https:\/\/www.bienaldelchaco.org\/2024\/wp-json\/wp\/v2\/users\/3"}],"replies":[{"embeddable":true,"href":"https:\/\/www.bienaldelchaco.org\/2024\/wp-json\/wp\/v2\/comments?post=7585"}],"version-history":[{"count":4,"href":"https:\/\/www.bienaldelchaco.org\/2024\/wp-json\/wp\/v2\/posts\/7585\/revisions"}],"predecessor-version":[{"id":7612,"href":"https:\/\/www.bienaldelchaco.org\/2024\/wp-json\/wp\/v2\/posts\/7585\/revisions\/7612"}],"wp:featuredmedia":[{"embeddable":true,"href":"https:\/\/www.bienaldelchaco.org\/2024\/wp-json\/wp\/v2\/media\/7586"}],"wp:attachment":[{"href":"https:\/\/www.bienaldelchaco.org\/2024\/wp-json\/wp\/v2\/media?parent=7585"}],"wp:term":[{"taxonomy":"category","embeddable":true,"href":"https:\/\/www.bienaldelchaco.org\/2024\/wp-json\/wp\/v2\/categories?post=7585"},{"taxonomy":"post_tag","embeddable":true,"href":"https:\/\/www.bienaldelchaco.org\/2024\/wp-json\/wp\/v2\/tags?post=7585"}],"curies":[{"name":"wp","href":"https:\/\/api.w.org\/{rel}","templated":true}]}}