{"id":7907,"date":"2021-01-28T16:04:43","date_gmt":"2021-01-28T19:04:43","guid":{"rendered":"https:\/\/www.bienaldelchaco.org\/2024\/?p=7907"},"modified":"2021-01-28T16:04:43","modified_gmt":"2021-01-28T19:04:43","slug":"la-conservacion-de-las-esculturas-de-resistencia-pasa-a-manos-del-municipio","status":"publish","type":"post","link":"https:\/\/www.bienaldelchaco.org\/2024\/la-conservacion-de-las-esculturas-de-resistencia-pasa-a-manos-del-municipio\/","title":{"rendered":"La conservaci\u00f3n de las esculturas de Resistencia pasa a manos del municipio"},"content":{"rendered":"<div class=\"item is-12 mnp\">\n<div class=\"articulo__intro\">\n<div>\n<p>Mediante el acuerdo entre la Fundaci\u00f3n Urunday y la Municipalidad de Resistencia, tambi\u00e9n se incorporar\u00e1n las esculturas de la ciudad al patrimonio municipal.<\/p>\n<\/div>\n<\/div>\n<div><\/div>\n<\/div>\n<p><!--more--><\/p>\n<div class=\"item articulo__main\">\n<div class=\"articulo__media\">\n<div class=\"galeria\">\n<div class=\"media\">\n<p>La Fundaci\u00f3n Urunday con el municipio de Resistencia firmaron un convenio de colaboraci\u00f3n y cooperaci\u00f3n que establecer\u00e1 el Departamento de Conservaci\u00f3n y Restauraci\u00f3n municipal, adem\u00e1s de posibilitar la incorporaci\u00f3n formal de las esculturas de la ciudad al patrimonio municipal.<\/p>\n<div class=\"center large m_image\">\n<p>Hay un antecedente inmediato que impulsa esta alianza necesaria y las acciones por desencadenar: la declaratoria nacional, por recomendaci\u00f3n de la Comisi\u00f3n Nacional de Monumentos, de Lugares y de Bienes Hist\u00f3ricos, como Bienes de Inter\u00e9s Hist\u00f3rico Nacional y Bien de Inter\u00e9s Art\u00edstico Nacional a las obras escult\u00f3ricas emplazadas en el espacio p\u00fablico de la ciudad de Resistencia: \u201cAnsia de luz\u201d de Erminio Blotta; \u201cRemordimiento\u201d de Hernan Cullen Ayerza; \u201cFlor indigena\u201d de Leguizam\u00f3n Pondal; \u201cEl alma\u201d de L\u00edbero Badii; \u201cMaternidad\u201d de Antonio Devoto; \u201cColumna ensanchandose en el centro\u201d de Ferruccio Polacco; \u201cCruces\u201d de Maria Juana Heras Velasco; \u201cMartin Miguel de G\u00fcemes\u201d de Alberto Balietti; y, \u201cDespertar\u201d de Lucio Fontana.<\/p>\n<p>Fabriciano G\u00f3mez, presidente de la Fundaci\u00f3n Urunday coment\u00f3, al declararse \u00a0aquellas primeras nueve esculturas con t\u00edtulo de Patrimoniales: \u201cEs un camino hacia el reconocimiento de todo el dominio escult\u00f3rico de Resistencia como patrimonio de la naci\u00f3n. Con esto, Resistencia que fue declarada \u2018Capital Nacional de las Esculturas\u2019 (2006: ley nacional 26.157), tiene las primeras nueve obras reconocidas oficialmente como patrimonio nacional. Es un inicio importante, interesante y trascendente, para abordar la cuesti\u00f3n desde lo legal, lo jur\u00eddico, lo administrativo, lo urban\u00edstico y lo patrimonial, que son todas las esferas que involucra un reconocimiento de estas caracter\u00edsticas\u201d.<\/p>\n<p>Esta primera tanda de esculturas, es solo una muestra de las muchas otras de jerarqu\u00eda que redunda en orgullo para el resistenciano. La ciudadan\u00eda es el aut\u00e9ntico due\u00f1o de ese legado. Y el municipio, que es la casa donde viven las esculturas, el garante.<\/p>\n<p>En esta coyuntura, el municipio adquiere la tutela integral de las esculturas emplazadas en el ejido urbano, a trav\u00e9s de un departamento espec\u00edfico de cuidado y un listado formal y detallado del patrimonio escult\u00f3rico, am\u00e9n de las posibles planificaciones y proyectos por venir.<\/p>\n<p>Este acuerdo que se concret\u00f3 este mi\u00e9rcoles pone finalmente el foco en una seria pol\u00edtica escult\u00f3rica para contener un tesoro art\u00edstico, patrimonial, identitario, tur\u00edstico, entre otras cualidades reales y potenciales.<\/p>\n<p>&nbsp;<\/p>\n<p><strong>DETALLE<\/strong><\/p>\n<p>El convenio, de varias aristas, dotar\u00e1 al municipio de la tutela integral de las esculturas emplazadas en el espacio p\u00fablico, conforme la catalogaci\u00f3n, clasificaci\u00f3n e inventario de las obras art\u00edsticas<\/p>\n<p>La Fundaci\u00f3n Urunday lleva un minucioso registro de las obras emplazadas en el espacio urbano y desarrolla una laboriosa tarea de protecci\u00f3n y custodia. Durante los \u00faltimos 30 a\u00f1os \u00a0confeccion\u00f3 bajo criterios est\u00e9ticos y t\u00e9cnicos, un \u00a0cat\u00e1logo de los emplazamientos. Este relevamiento fue realizado siguiendo la secuencia hist\u00f3rica y asign\u00e1ndole a cada obra una numeraci\u00f3n identificatoria. El municipio a trav\u00e9s de este registro, har\u00e1 un camino de reconocimiento, clasificaci\u00f3n e inventario, para su posterior inclusi\u00f3n administrativa como bienes del acervo municipal.<\/p>\n<p>Respecto a la creaci\u00f3n del \u201cDepartamento de Conservaci\u00f3n y Restauraci\u00f3n del Patrimonio Escult\u00f3rico de la ciudad de Resistencia\u201d, ser\u00e1 integrado por \u00a0personal id\u00f3neo y capacitado, que depender\u00e1 \u00a0del \u00e1mbito de la Subsecretar\u00eda de Infraestructura y Equipamiento, y, funcionalmente, de la FU. Ser\u00e1n de las tareas principales de este nuevo \u00f3rgano municipal: relevar el estado de conservaci\u00f3n de las esculturas; evaluar y determinar la intervenci\u00f3n de las esculturas seg\u00fan las necesidades de mantenimiento y restauraci\u00f3n.<\/p>\n<p>Tambi\u00e9n se establecer\u00e1 el protocolo de emplazamientos de esculturas dentro del ejido municipal, bajo criterios est\u00e9ticos y t\u00e9cnicos, estableciendo condiciones y requisitos para las instalaci\u00f3n de esculturas (o intervenci\u00f3n en ellas) por \u00a0personas, \u00a0instituciones u organizaciones.<\/p>\n<p>&nbsp;<\/p>\n<\/div>\n<\/div>\n<\/div>\n<\/div>\n<\/div>\n<p>&nbsp;<\/p>\n<p>Fuente:\u00a0<a href=\"https:\/\/www.diarionorte.com\/201278-la-conservacion-de-las-esculturas-de-resistencia-pasa-a-manos-del-municipio\" target=\"_blank\" rel=\"noopener\">https:\/\/www.diarionorte.com\/201278-la-conservacion-de-las-esculturas-de-resistencia-pasa-a-manos-del-municipio<\/a><\/p>\n","protected":false},"excerpt":{"rendered":"<p>Mediante el acuerdo entre la Fundaci\u00f3n Urunday y la Municipalidad de Resistencia, tambi\u00e9n se incorporar\u00e1n las esculturas de la ciudad al patrimonio municipal.<\/p>\n","protected":false},"author":3,"featured_media":7908,"comment_status":"closed","ping_status":"closed","sticky":false,"template":"","format":"standard","meta":{"footnotes":""},"categories":[6],"tags":[],"class_list":["post-7907","post","type-post","status-publish","format-standard","has-post-thumbnail","hentry","category-novedades"],"_links":{"self":[{"href":"https:\/\/www.bienaldelchaco.org\/2024\/wp-json\/wp\/v2\/posts\/7907","targetHints":{"allow":["GET"]}}],"collection":[{"href":"https:\/\/www.bienaldelchaco.org\/2024\/wp-json\/wp\/v2\/posts"}],"about":[{"href":"https:\/\/www.bienaldelchaco.org\/2024\/wp-json\/wp\/v2\/types\/post"}],"author":[{"embeddable":true,"href":"https:\/\/www.bienaldelchaco.org\/2024\/wp-json\/wp\/v2\/users\/3"}],"replies":[{"embeddable":true,"href":"https:\/\/www.bienaldelchaco.org\/2024\/wp-json\/wp\/v2\/comments?post=7907"}],"version-history":[{"count":1,"href":"https:\/\/www.bienaldelchaco.org\/2024\/wp-json\/wp\/v2\/posts\/7907\/revisions"}],"predecessor-version":[{"id":7909,"href":"https:\/\/www.bienaldelchaco.org\/2024\/wp-json\/wp\/v2\/posts\/7907\/revisions\/7909"}],"wp:featuredmedia":[{"embeddable":true,"href":"https:\/\/www.bienaldelchaco.org\/2024\/wp-json\/wp\/v2\/media\/7908"}],"wp:attachment":[{"href":"https:\/\/www.bienaldelchaco.org\/2024\/wp-json\/wp\/v2\/media?parent=7907"}],"wp:term":[{"taxonomy":"category","embeddable":true,"href":"https:\/\/www.bienaldelchaco.org\/2024\/wp-json\/wp\/v2\/categories?post=7907"},{"taxonomy":"post_tag","embeddable":true,"href":"https:\/\/www.bienaldelchaco.org\/2024\/wp-json\/wp\/v2\/tags?post=7907"}],"curies":[{"name":"wp","href":"https:\/\/api.w.org\/{rel}","templated":true}]}}